{"id":217719,"date":"2026-09-06T14:13:16","date_gmt":"2026-09-06T14:13:16","guid":{"rendered":"https:\/\/www.europesays.com\/si\/217719\/"},"modified":"2026-09-06T14:13:16","modified_gmt":"2026-09-06T14:13:16","slug":"dirka-za-vn-italije-monza","status":"publish","type":"post","link":"https:\/\/www.europesays.com\/si\/217719\/","title":{"rendered":"Dirka za VN Italije, Monza"},"content":{"rendered":"<p>\t\t\t\t\t\t\t\t<a href=\"https:\/\/www.europesays.com\/si\/wp-content\/uploads\/2026\/09\/1788703994_806_67094399.jpg\" itemprop=\"contentUrl\" data-size=\"1200x800\" data-large=\"https:\/\/www.europesays.com\/si\/wp-content\/uploads\/2026\/09\/1788703994_806_67094399.jpg\"><br \/>\n\t\t\t\t\t\t\t\t\t<img decoding=\"async\" src=\"https:\/\/www.europesays.com\/si\/wp-content\/uploads\/2026\/09\/1788703994_806_67094399.jpg\" title=\"Pierre Gasly je dobil sobotne kvalifikacije. Foto: Reuters\" alt=\"Pierre Gasly je dobil sobotne kvalifikacije. Foto: Reuters\"\/><br \/>\n\t\t\t\t\t\t\t\t<\/a><\/p>\n<p>\t\t\t\t\t\t\t\t\tPierre Gasly je dobil sobotne kvalifikacije. Foto: Reuters<\/p>\n<p>\t\t\t\t\t\t\t<a id=\"preferredSourceBanner\" href=\"https:\/\/www.rtvslo.si\/sport\/formula-1\/dirka-za-vn-italije-monza\/javascript:void(0)\" target=\"_blank\" class=\"d-none align-items-center justify-content-between rounded my-3\" style=\"padding: 10px 15px;\" rel=\"nofollow noopener\"><br \/>\n\t\t\t\t\t\t<img decoding=\"async\" src=\"https:\/\/img.rtvslo.si\/_static\/novi\/img\/ico-google.svg\" class=\"flex-shrink-0 mr-3\" aria-hidden=\"true\"\/><br \/>\n\t\t\t\t\t\tSpremljajte RTVSLO.si kot prednostni vir na Google<\/p>\n<p>\t\t\t\t\t<\/a><\/p>\n<p>&#8216;Najbolj\u0161i startni polo\u017eaj si je z zmago v sobotnih kvalifikacijah senzacionalno priboril Pierre Gasly z alpinom. To je bil zanj prvi &#8216;pole&#8217; med elito v karieri in prva zmaga v kvalifikacijah za francoskega dirka\u010da po Jeanu Alesiju leta 1992. <\/p>\n<p>Oglas<\/p>\n<p>V prvo startno vrsto se je uvrstil \u0161e George Russell z mercedesom, ki je zaostal za pi\u010dlih \u0161est stotink sekunde, tretji je bil Oscar Piastri (McLaren), \u010detrti Charles Leclerc, ki je ob petouvr\u0161\u010denem Lewisu Hamiltonu up doma\u010dih navija\u010dev.<\/p>\n<p>Max Verstappen (Red Bull) je osvojil \u0161esto mesto, \u0161ele sedmi je bil vodilni v skupnem se\u0161tevku, doma\u010din Andrea Kimi Antonelli (Mercedes).  Lansko dirko je dobil Verstappen pred Mclarnovim dvojcem Norris-Piastri. <\/p>\n<p>\t\t\t\t\t\t\t\t<a href=\"https:\/\/www.europesays.com\/si\/wp-content\/uploads\/2026\/09\/67095456.jpg\" itemprop=\"contentUrl\" data-size=\"1200x800\" data-large=\"https:\/\/www.europesays.com\/si\/wp-content\/uploads\/2026\/09\/67095456.jpg\"><br \/>\n\t\t\t\t\t\t\t\t\t<img decoding=\"async\" src=\"https:\/\/www.europesays.com\/si\/wp-content\/uploads\/2026\/09\/67095456.jpg\" title=\"Takole sta se \" charles=\"\" leclerc=\"\" in=\"\" lewis=\"\" hamilton.=\"\" kraj=\"\" je=\"\" potegnil=\"\" ki=\"\" zdrsnil=\"\" na=\"\" mesto.=\"\" foto:=\"\" alt=\"Takole sta se \"\/><br \/>\n\t\t\t\t\t\t\t\t<\/a><\/p>\n<p>\t\t\t\t\t\t\t\t\tTakole sta se &#8220;komol\u010dila&#8221; Charles Leclerc in Lewis Hamilton. Kraj\u0161o je potegnil Britanec, ki je zdrsnil na 10. mesto. Foto: Reuters<\/p>\n<p>\t\t\t\t\t\t\tLeclerc zletel s proge, dirka prekinjena<\/p>\n<p>Gasly je dirko za\u010del odli\u010dno, \u0161olsko je zaprl Russla na notranji strani in zadr\u017eal vodstvo. Bolj vro\u010de je bilo med obema ferrarijema, Charles Leclerc je v uvodnem zavoju s steze izrinil Lewisa Hamiltona in ga pahnil na 10. mesto. Slabe novice za tifose, njihov dan se je \u017ee nekaj minut pozneje \u0161e poslab\u0161al, saj je Leclerc v boju z Oscarjem Piastrijem pre\u0161iroko zapeljal v parabolico in zletel v za\u0161\u010ditno ogrado, medtem ko je Russell v startno-ciljni ravnini brez ve\u010djih te\u017eav \u0161vignil mimo Gaslyja. Na stezo je najprej zapeljal varnostni avtomobil, dirka pa je bila nato prekinjena, saj so morali zakrpati luknjo v za\u0161\u010ditni ogradi.<\/p>\n<p>Verstappen vrgel rokavico Russllu<\/p>\n<p>Po dalj\u0161i prekinitvi se je dirka za\u010dela z novim stoje\u010dim startom, s katerim je najbolje opravil Antonelli. Slaba dva kroga je potreboval, da se je z 12. prebil na 6. mesto, za vodilnim Russllom pa je zaostajal zgolj \u0161tiri sekunde. Izjemno je dirkal tudi Verstappen, ki je sicer dirkal z mehkej\u0161o razli\u010dico gum. Hitro je nadoknadil zaostanek za Russllom in ga prehitel v startno-ciljni ravnini 12. kroga. Medtem je Antonelli \u0161e naprej prehiteval kot za stavo, v slogu najve\u010djih mojstrov je opravljal s tekmeci, ob koncu startno-ciljne ravnine 13. kroga je zapeljal \u017ee za drugouvr\u0161\u010denega Russlla. <\/p>\n<p>Dirka za VN Italije, Monza#Dirka\u010dMo\u0161tvo\u010cas1<br \/>2<br \/>3<br \/>4<br \/>5<br \/>6<br \/>7<br \/>8<br \/>9<br \/>10<br \/>11<br \/>12<br \/>13<br \/>14<br \/>15<br \/>16<br \/>17<br \/>18<br \/>19<br \/>20<br \/>Odstop:Najhitrej\u0161i krog: <\/p>\n<p>Oglas<\/p>\n","protected":false},"excerpt":{"rendered":"Pierre Gasly je dobil sobotne kvalifikacije. Foto: Reuters Spremljajte RTVSLO.si kot prednostni vir na Google &#8216;Najbolj\u0161i startni polo\u017eaj&hellip;\n","protected":false},"author":2,"featured_media":217720,"comment_status":"","ping_status":"","sticky":false,"template":"","format":"standard","meta":{"footnotes":"","_share_on_mastodon":"0"},"categories":[20],"tags":[6857,1000,6858,492,6856,32,35,31,34,36,37,38,33,31615,52876],"class_list":["post-217719","post","type-post","status-publish","format-standard","has-post-thumbnail","category-novice","tag-f-1","tag-f1","tag-f1slo","tag-formula-1","tag-formula-ena","tag-headlines","tag-najpomembnejse-novice","tag-news","tag-novice","tag-osrednje-novice","tag-slovene","tag-slovenscina","tag-top-stories","tag-vn-italije","tag-vn-italije-2026"],"share_on_mastodon":{"url":"https:\/\/pubeurope.com\/@si\/117224512654531334","error":""},"_links":{"self":[{"href":"https:\/\/www.europesays.com\/si\/wp-json\/wp\/v2\/posts\/217719","targetHints":{"allow":["GET"]}}],"collection":[{"href":"https:\/\/www.europesays.com\/si\/wp-json\/wp\/v2\/posts"}],"about":[{"href":"https:\/\/www.europesays.com\/si\/wp-json\/wp\/v2\/types\/post"}],"author":[{"embeddable":true,"href":"https:\/\/www.europesays.com\/si\/wp-json\/wp\/v2\/users\/2"}],"replies":[{"embeddable":true,"href":"https:\/\/www.europesays.com\/si\/wp-json\/wp\/v2\/comments?post=217719"}],"version-history":[{"count":0,"href":"https:\/\/www.europesays.com\/si\/wp-json\/wp\/v2\/posts\/217719\/revisions"}],"wp:featuredmedia":[{"embeddable":true,"href":"https:\/\/www.europesays.com\/si\/wp-json\/wp\/v2\/media\/217720"}],"wp:attachment":[{"href":"https:\/\/www.europesays.com\/si\/wp-json\/wp\/v2\/media?parent=217719"}],"wp:term":[{"taxonomy":"category","embeddable":true,"href":"https:\/\/www.europesays.com\/si\/wp-json\/wp\/v2\/categories?post=217719"},{"taxonomy":"post_tag","embeddable":true,"href":"https:\/\/www.europesays.com\/si\/wp-json\/wp\/v2\/tags?post=217719"}],"curies":[{"name":"wp","href":"https:\/\/api.w.org\/{rel}","templated":true}]}}