{"id":217729,"date":"2026-09-06T14:29:12","date_gmt":"2026-09-06T14:29:12","guid":{"rendered":"https:\/\/www.europesays.com\/si\/217729\/"},"modified":"2026-09-06T14:29:12","modified_gmt":"2026-09-06T14:29:12","slug":"hrvaska-zavita-v-dim-tezko-je-dihati-pozara-pa-nikjer","status":"publish","type":"post","link":"https:\/\/www.europesays.com\/si\/217729\/","title":{"rendered":"Hrva\u0161ka zavita v dim, te\u017eko je dihati, po\u017eara pa nikjer"},"content":{"rendered":"<p>Prebivalce Dalmacije sta zjutraj pri\u010dakala gost dim in mo\u010dan vonj po za\u017eganem, \u0161tevilni pa so v paniki za\u010deli klicati gasilce.<\/p>\n<p>V nadaljevanju preberite:<\/p>\n<p>Siloviti po\u017eari v Bosni in Hercegovini se \u0161irijo proti naseljem.<br \/>\nGost dim je zajel Dalmacijo in prestra\u0161il tamkaj\u0161nje prebivalce.<br \/>\nPri ga\u0161enju sodelujejo vojska, helikopterji in hrva\u0161ki kanaderji.<\/p>\n<p>Na obmo\u010dju Biha\u0107a, Kalesije, Drvarja in ob\u010dine Prozor-Rama v Bosni in Hercegovini divjajo gozdni <a href=\"https:\/\/www.zurnal24.si\/kljucne-besede\/pozar-467\/articles\" rel=\"nofollow noopener\" target=\"_blank\">po\u017eari<\/a>. Pri ga\u0161enju sodelujejo letala za ga\u0161enje, voja\u0161ki helikopterji in vojska. Gost <a href=\"https:\/\/www.zurnal24.si\/kljucne-besede\/dim-23339\/articles\" rel=\"nofollow noopener\" target=\"_blank\">dim<\/a> se je raz\u0161iril vse do Dalmacije v sosednji Hrva\u0161ki ter vznemiril tamkaj\u0161nje prebivalce.\u00a0O po\u017earih poro\u010dajo tudi iz \u010crne gore.<\/p>\n<p>Ogenj se pribli\u017euje naseljem, v boj poslali vojsko in kanaderje<\/p>\n<p>Iz obrambnega ministrstva Bosne in Hercegovine so sporo\u010dili, da na omenjenih obmo\u010djih v Federaciji Bosne in Hercegovine pri ga\u0161enju po\u017earov pomagajo tudi voja\u0161ki helikopterji. Na obmo\u010dju Biha\u0107a na skrajnem severozahodu dr\u017eave gasilcem pri ga\u0161enju pomaga tudi 30 pripadnikov vojske.<\/p>\n<p>Z obmo\u010dja ob\u010dine Prozor-Rama poro\u010dajo o obse\u017enem po\u017earu na planini Radu\u0161a, ki se \u0161iri proti naseljem Proslap, Kozo in Ora\u0161ac. Mediji Bosne in Hercegovine poro\u010dajo o \u0161tevilnih manj\u0161ih po\u017earih v naravi tudi drugod po dr\u017eavi, med drugim tudi na obmo\u010dju Konjica na jugu, kjer ga\u0161enje ovira mo\u010dan veter.<\/p>\n<p>Hrva\u0161ka vlada je na pomo\u010d Bosni in Hercegovini\u00a0pri ga\u0161enju poslala dva kanaderja hrva\u0161ke vojske.<\/p>\n<p>Hrva\u0161ka zavita v dim, te\u017eko je dihati<\/p>\n<p>V Dalmaciji v sosednji Hrva\u0161ki so se \u0161tevilni prebivalci davi prebudili ob gostem dimu in mo\u010dnem vonju po po\u017eganem. To je med njimi povzro\u010dilo zaskrbljenost in paniko, zato so s \u0161tevilnimi telefonskimi klici zasuli gasilce.<\/p>\n<p>Klicev je bilo tako veliko, da so gasilci na javnost naslovili javen poziv, v katerem so poudarili, da dim ni posledica lokalnega po\u017eara, temve\u010d ga je veter prinesel z obmo\u010dij v Bosni in Hercegovini,\u00a0kjer divjajo siloviti po\u017eari. Za pomo\u010d pri umirjanju razmer so prosili tudi medije. Dim so sicer v Dalmaciji zaznali od Imotskega in obale pa vse do dalmatinskih otokov.<\/p>\n<p>Po\u017eari tudi v \u010crni Gori<\/p>\n<p>O ve\u010d po\u017earih poro\u010dajo tudi iz \u010crne gore. Pri njihovem ga\u0161enju je v soboto sodelovala tudi vojska z letali za ga\u0161enje in helikopterji, ki so odvrgli ve\u010d kot 12 ton vode, so sporo\u010dili z notranjega ministrstva. Dodali so, da &#8220;pristojne slu\u017ebe nadaljujejo intenzivne aktivnosti na vseh aktivnih po\u017eari\u0161\u010dih, pri \u010demer nenehno spremljajo razmere na terenu in ostajajo pripravljene na napotitev dodatnih zmogljivosti&#8221;.<\/p>\n<p><a href=\"https:\/\/www.zurnal24.si\/svet\/mailto:dezurni@styria-media.si\" rel=\"nofollow noopener\" target=\"_blank\">dezurni@styria-media.si<\/a><\/p>\n","protected":false},"excerpt":{"rendered":"Prebivalce Dalmacije sta zjutraj pri\u010dakala gost dim in mo\u010dan vonj po za\u017eganem, \u0161tevilni pa so v paniki za\u010deli&hellip;\n","protected":false},"author":2,"featured_media":217730,"comment_status":"","ping_status":"","sticky":false,"template":"","format":"standard","meta":{"footnotes":"","_share_on_mastodon":"0"},"categories":[8],"tags":[5808,31143,53036,2273,9477,8586,19245,585,47840,760,8253,37,38,64,63],"class_list":["post-217729","post","type-post","status-publish","format-standard","has-post-thumbnail","category-svet","tag-bih","tag-bosna","tag-bosna-in-hecegovina","tag-bosna-in-hercegovina","tag-crna-gora","tag-dalmacija","tag-dim","tag-hrvaska","tag-kanader","tag-pozar","tag-pozari","tag-slovene","tag-slovenscina","tag-svet","tag-world"],"share_on_mastodon":{"url":"https:\/\/pubeurope.com\/@si\/117224575070844887","error":""},"_links":{"self":[{"href":"https:\/\/www.europesays.com\/si\/wp-json\/wp\/v2\/posts\/217729","targetHints":{"allow":["GET"]}}],"collection":[{"href":"https:\/\/www.europesays.com\/si\/wp-json\/wp\/v2\/posts"}],"about":[{"href":"https:\/\/www.europesays.com\/si\/wp-json\/wp\/v2\/types\/post"}],"author":[{"embeddable":true,"href":"https:\/\/www.europesays.com\/si\/wp-json\/wp\/v2\/users\/2"}],"replies":[{"embeddable":true,"href":"https:\/\/www.europesays.com\/si\/wp-json\/wp\/v2\/comments?post=217729"}],"version-history":[{"count":0,"href":"https:\/\/www.europesays.com\/si\/wp-json\/wp\/v2\/posts\/217729\/revisions"}],"wp:featuredmedia":[{"embeddable":true,"href":"https:\/\/www.europesays.com\/si\/wp-json\/wp\/v2\/media\/217730"}],"wp:attachment":[{"href":"https:\/\/www.europesays.com\/si\/wp-json\/wp\/v2\/media?parent=217729"}],"wp:term":[{"taxonomy":"category","embeddable":true,"href":"https:\/\/www.europesays.com\/si\/wp-json\/wp\/v2\/categories?post=217729"},{"taxonomy":"post_tag","embeddable":true,"href":"https:\/\/www.europesays.com\/si\/wp-json\/wp\/v2\/tags?post=217729"}],"curies":[{"name":"wp","href":"https:\/\/api.w.org\/{rel}","templated":true}]}}