{"id":217733,"date":"2026-09-06T14:31:08","date_gmt":"2026-09-06T14:31:08","guid":{"rendered":"https:\/\/www.europesays.com\/si\/217733\/"},"modified":"2026-09-06T14:31:08","modified_gmt":"2026-09-06T14:31:08","slug":"infantino-se-ne-da-fifa-potrdila-kandidaturo-za-nov-mandat","status":"publish","type":"post","link":"https:\/\/www.europesays.com\/si\/217733\/","title":{"rendered":"Infantino se ne da, Fifa potrdila kandidaturo za nov mandat"},"content":{"rendered":"<p>&#8220;Predsednik Fife je aprila oznanil, da se bo leta 2027 potegoval za ponovno izvolitev. Seveda se glede tega ni prav ni\u010d spremenilo,&#8221; dpa povzema tiskovno predstavnico Fife. Gianni Infantino se je zna\u0161el pod silovitim pritiskom nogometne javnosti, odkar mu ni uspel kontroverzni in na koncu opu\u0161\u010deni na\u010drt, da bi del Fife oziroma svetovnih prvenstev odprli zasebnim vlagateljem.<\/p>\n<p>V za\u010detku avgusta je Infantino, soo\u010den z ogor\u010denjem zaradi svojega na\u010drta, sklical krizni sestanek v Rabatu. Tam mu je vodstvo Fife izrazilo podporo, tako kot tudi Afri\u0161ka nogometna zveza (Caf). Medtem sta se proti njegovemu nadaljnjemu vodenju krovne nogometne organizacije izrekli Evropska nogometna zveza Uefa in azijska konfederacija (AFC).<\/p>\n<p>Predsednik Uefe Aleksander \u010ceferin, predsednik Uefe od leta 2016, je pred \u010dasom v pogovoru za britanski podkast The Rest is Politics napovedal, da na naslednjih volitvah marca prihodnje leto ne bo kandidiral za prvega mo\u017ea Fife.<\/p>\n<p>Uefa je pod \u010ceferinovim vodstvom sprva napovedala bojkot vseh tekmovanj Fife, vklju\u010dno s svetovnimi prvenstvi, a ga kasneje ob bli\u017eajo\u010dih se mednarodnih tekmovanjih v mlaj\u0161ih kategorijah umaknila, \u010deprav si \u0161e naprej prizadeva, da bi vodenje Fife prevzel nekdo drug. Po poro\u010danju razli\u010dnih medijev bi lahko bil glavni protikandidat Infantinu Kanad\u010dan Victor Montagliani, predsednik nogometne zveze Severne in Srednje Amerike ter Karibov (Concacaf).<\/p>\n<p>Tudi Concacaf je ob Uefi in AFC pred tedni podpisal skupno izjavo, v kateri nasprotujejo smeri, v katero trenutno pluje Fifa. Predsedni\u0161ke volitve Fife bodo 18. marca 2027 v Rabatu. Infantino je trenutno \u0161e vedno edini kandidat. Za ponovno izvolitev si mora zagotoviti ve\u010dino od 211 glasov \u010dlanic Fife.<\/p>\n","protected":false},"excerpt":{"rendered":"&#8220;Predsednik Fife je aprila oznanil, da se bo leta 2027 potegoval za ponovno izvolitev. Seveda se glede tega&hellip;\n","protected":false},"author":2,"featured_media":217734,"comment_status":"","ping_status":"","sticky":false,"template":"","format":"standard","meta":{"footnotes":"","_share_on_mastodon":"0"},"categories":[20],"tags":[32,35,31,34,36,37,38,33],"class_list":["post-217733","post","type-post","status-publish","format-standard","has-post-thumbnail","category-novice","tag-headlines","tag-najpomembnejse-novice","tag-news","tag-novice","tag-osrednje-novice","tag-slovene","tag-slovenscina","tag-top-stories"],"share_on_mastodon":{"url":"https:\/\/pubeurope.com\/@si\/117224582802563445","error":""},"_links":{"self":[{"href":"https:\/\/www.europesays.com\/si\/wp-json\/wp\/v2\/posts\/217733","targetHints":{"allow":["GET"]}}],"collection":[{"href":"https:\/\/www.europesays.com\/si\/wp-json\/wp\/v2\/posts"}],"about":[{"href":"https:\/\/www.europesays.com\/si\/wp-json\/wp\/v2\/types\/post"}],"author":[{"embeddable":true,"href":"https:\/\/www.europesays.com\/si\/wp-json\/wp\/v2\/users\/2"}],"replies":[{"embeddable":true,"href":"https:\/\/www.europesays.com\/si\/wp-json\/wp\/v2\/comments?post=217733"}],"version-history":[{"count":0,"href":"https:\/\/www.europesays.com\/si\/wp-json\/wp\/v2\/posts\/217733\/revisions"}],"wp:featuredmedia":[{"embeddable":true,"href":"https:\/\/www.europesays.com\/si\/wp-json\/wp\/v2\/media\/217734"}],"wp:attachment":[{"href":"https:\/\/www.europesays.com\/si\/wp-json\/wp\/v2\/media?parent=217733"}],"wp:term":[{"taxonomy":"category","embeddable":true,"href":"https:\/\/www.europesays.com\/si\/wp-json\/wp\/v2\/categories?post=217733"},{"taxonomy":"post_tag","embeddable":true,"href":"https:\/\/www.europesays.com\/si\/wp-json\/wp\/v2\/tags?post=217733"}],"curies":[{"name":"wp","href":"https:\/\/api.w.org\/{rel}","templated":true}]}}