{"id":217735,"date":"2026-09-06T14:33:12","date_gmt":"2026-09-06T14:33:12","guid":{"rendered":"https:\/\/www.europesays.com\/si\/217735\/"},"modified":"2026-09-06T14:33:12","modified_gmt":"2026-09-06T14:33:12","slug":"kamnik-bo-prestolnica-slovenskih-narodnih-nos-2","status":"publish","type":"post","link":"https:\/\/www.europesays.com\/si\/217735\/","title":{"rendered":"Kamnik bo prestolnica slovenskih narodnih no\u0161"},"content":{"rendered":"<p itemprop=\"description\">Od 11. do 13. septembra 2026 bodo 53. Dnevi narodnih no\u0161 in obla\u010dilne dedi\u0161\u010dine povezali Gorenjsko folkloro glasbo in veliko nedeljsko povorko.<\/p>\n<p>Kamnik bo drugi septembrski konec tedna znova za\u017eivel v ritmih tradicije, barv in praznovanja. Festival bo v treh dneh zdru\u017eil ve\u010d kot 500 nastopajo\u010dih, glasbene in folklorne skupine, rokodelce ter pribli\u017eno 2.000 udele\u017eencev v narodnih no\u0161ah. Vstop na vse prireditve je prost. <\/p>\n<p>53. Dnevi narodnih no\u0161 in obla\u010dilne dedi\u0161\u010dine sodijo med najbolj prepoznavne kamni\u0161ke dogodke in med osrednje slovenske prireditve, posve\u010dene obla\u010dilni in etnolo\u0161ki dedi\u0161\u010dini. <\/p>\n<p>Leto\u0161nja zgodba je gorenjska: <\/p>\n<p>obiskovalci bodo spoznavali no\u0161e, obi\u010daje, glasbo, ples, pripovedni\u0161tvo, rokodelstvo in na\u010din \u017eivljenja, ki so oblikovali Gorenjsko. <\/p>\n<p>Gorenjska od gat do gvanta <br \/>Ena najbolj opaznih novosti bo strokovno zasnovan in hudomu\u0161en prikaz \u00bbOd gat do gvanta\u00ab. Obiskovalci bodo izvedeli, kako so sestavljene \u017eenska in mo\u0161ka gorenjska no\u0161a, kako se posamezni deli pravilno oble\u010dejo in kak\u0161en pomen nosijo. Festival s tem tradicijo postavlja v \u017eiv, sodoben in razumljiv okvir. <\/p>\n<p>Sodobno plat dedi\u0161\u010dine bo pokazala tudi lastna festivalska produkcija Zlatorog, ki legendo o Zlatorogu povezuje z glasbo in plesom. Ob doma\u010dih skupinah bodo v Kamniku nastopile tudi folklorne skupine iz Tanzanije, Irske, <br \/>Poljske in Romunije. <\/p>\n<p>Trije dnevi glasbe in folklore <\/p>\n<p>Festival se bo za\u010del v petek, 11. septembra, ob 17. uri s koncertom Mestne godbe Kamnik in nastopom kamni\u0161kih ma\u017eoretk. Ve\u010der bodo zaznamovali folklorni nastopi, prikaz \u00bbOd gat do gvanta\u00ab, predstava Zlatorog in ob 21.30 koncert skupine Zvita Feltna. <br \/>Sobota bo izrazito gorenjska. Dopoldne se bo za\u010delo z budnico Godbe Gorje ter nadaljevalo s harmonikarji, doma\u010do obrtjo in glasbo. Popoldne bodo na vrsti Kranjski furmani, Gorenjska ohcet, gorenjske pravljice in folklorni nastopi. Ob 21. uri bo na odru Ansambel Sa\u0161a Avsenika. <\/p>\n<p>Nedeljski program bo ob 11. uri prinesel nastope tujih folklornih skupin, vrhunec pa bo ob 15. uri tradicionalna povorka narodnih no\u0161. Organizatorji pri\u010dakujejo okoli 2.000 kostumiranih udele\u017eencev. Slavnostna govornica pred povorko bo predsednica Republike Slovenije Nata\u0161a Pirc Musar. Po povorki bodo nastopili Podokni\u010dar ter ansambli Viharnik, \u0160tos in \u0160korci. <\/p>\n<p>\u017dupan Matej Slapar v programu Veseljaka <\/p>\n<p>V petek, 11. septembra, ob 15. uri bomo v programu Radia in TV Veseljak gostili \u017eupana Ob\u010dine Kamnik Mateja Slaparja. Pred odprtjem festivala bo predstavil, zakaj so Dnevi narodnih no\u0161 pomemben del identitete Kamnika, kaj prina\u0161a leto\u0161nja gorenjska zgodba in kako se mesto pripravlja na najve\u010dji festivalski konec tedna v letu. <\/p>\n<p>Ne pridite samo pogledat <\/p>\n<p>Organizatorji vabijo obiskovalce, naj postanejo del dogajanja in v Kamnik pridejo v narodni no\u0161i ali vsaj z enim zna\u010dilnim elementom, kot so ruta, klobuk, telovnik ali drug kos. Festivalsko ponudbo bo dopolnilo ve\u010d kot 100 rokodelskih, obrtni\u0161kih, lokalnih in kulinari\u010dnih ponudnikov. Nadaljuje se tudi trajnostna zgodba s povratnimi <br \/>pralnimi kozarci, lo\u010denim zbiranjem odpadkov in spodbujanjem trajnostnega prihoda. <br \/>Za nedeljsko povorko se je smiselno odpraviti pravo\u010dasno. Parkiranje bo mogo\u010de pri Letnem bazenu Pod skalco, v Barutani, pri keglji\u0161\u010du, Zdravstvenem domu Kamnik, \u0160portni hali Kamnik, Glasbeni \u0161oli Kamnik in pri Mercator centru na Kovinarski cesti. Program se lahko spremeni, zato pred obiskom preverite aktualne informacije.<\/p>\n<p>Ve\u010d informacij in aktualni program <a href=\"https:\/\/narodnenose.si\/\" rel=\"nofollow noopener\" target=\"_blank\">www.narodnenose.si<\/a><\/p>\n","protected":false},"excerpt":{"rendered":"Od 11. do 13. septembra 2026 bodo 53. Dnevi narodnih no\u0161 in obla\u010dilne dedi\u0161\u010dine povezali Gorenjsko folkloro glasbo&hellip;\n","protected":false},"author":2,"featured_media":217736,"comment_status":"","ping_status":"","sticky":false,"template":"","format":"standard","meta":{"footnotes":"","_share_on_mastodon":"0"},"categories":[30],"tags":[276,7683,164,7684,7681,34,194,62,37,58,60,38,7679,7680,7682],"class_list":["post-217735","post","type-post","status-publish","format-standard","has-post-thumbnail","category-kamnik","tag-glasba","tag-izvajalci","tag-kamnik","tag-lestvice","tag-narodno","tag-novice","tag-radio","tag-si","tag-slovene","tag-slovenia","tag-slovenija","tag-slovenscina","tag-tv","tag-veseljak","tag-zabavana"],"share_on_mastodon":{"url":"https:\/\/pubeurope.com\/@si\/117224590817572305","error":""},"_links":{"self":[{"href":"https:\/\/www.europesays.com\/si\/wp-json\/wp\/v2\/posts\/217735","targetHints":{"allow":["GET"]}}],"collection":[{"href":"https:\/\/www.europesays.com\/si\/wp-json\/wp\/v2\/posts"}],"about":[{"href":"https:\/\/www.europesays.com\/si\/wp-json\/wp\/v2\/types\/post"}],"author":[{"embeddable":true,"href":"https:\/\/www.europesays.com\/si\/wp-json\/wp\/v2\/users\/2"}],"replies":[{"embeddable":true,"href":"https:\/\/www.europesays.com\/si\/wp-json\/wp\/v2\/comments?post=217735"}],"version-history":[{"count":0,"href":"https:\/\/www.europesays.com\/si\/wp-json\/wp\/v2\/posts\/217735\/revisions"}],"wp:featuredmedia":[{"embeddable":true,"href":"https:\/\/www.europesays.com\/si\/wp-json\/wp\/v2\/media\/217736"}],"wp:attachment":[{"href":"https:\/\/www.europesays.com\/si\/wp-json\/wp\/v2\/media?parent=217735"}],"wp:term":[{"taxonomy":"category","embeddable":true,"href":"https:\/\/www.europesays.com\/si\/wp-json\/wp\/v2\/categories?post=217735"},{"taxonomy":"post_tag","embeddable":true,"href":"https:\/\/www.europesays.com\/si\/wp-json\/wp\/v2\/tags?post=217735"}],"curies":[{"name":"wp","href":"https:\/\/api.w.org\/{rel}","templated":true}]}}