{"id":217761,"date":"2026-09-06T15:08:13","date_gmt":"2026-09-06T15:08:13","guid":{"rendered":"https:\/\/www.europesays.com\/si\/217761\/"},"modified":"2026-09-06T15:08:13","modified_gmt":"2026-09-06T15:08:13","slug":"ob-18-uri-finale-ep-ja-pravkar-dvoboj-za-bron-2","status":"publish","type":"post","link":"https:\/\/www.europesays.com\/si\/217761\/","title":{"rendered":"Ob 18. uri finale EP-ja, pravkar dvoboj za bron"},"content":{"rendered":"<p>\t\t\t\t\t\t\t\t<a href=\"https:\/\/www.europesays.com\/si\/wp-content\/uploads\/2026\/09\/1788707292_78_67095376.jpg\" itemprop=\"contentUrl\" data-size=\"1200x800\" data-large=\"https:\/\/www.europesays.com\/si\/wp-content\/uploads\/2026\/09\/1788707292_78_67095376.jpg\"><br \/>\n\t\t\t\t\t\t\t\t\t<img decoding=\"async\" src=\"https:\/\/www.europesays.com\/si\/wp-content\/uploads\/2026\/09\/1788707292_78_67095376.jpg\" title=\"Tur\u010dija na \u010delu z izjemno Melisso Tereso Vargas bo imela bu\u010dno podporo s tribun. Dvorana Sinana Erdana bo razprodana, kar pomeni ve\u010d kot 15 tiso\u010d navija\u010dev. Foto: EPA\" alt=\"Tur\u010dija na \u010delu z izjemno Melisso Tereso Vargas bo imela bu\u010dno podporo s tribun. Dvorana Sinana Erdana bo razprodana, kar pomeni ve\u010d kot 15 tiso\u010d navija\u010dev. Foto: EPA\"\/><br \/>\n\t\t\t\t\t\t\t\t<\/a><\/p>\n<p>\t\t\t\t\t\t\t\t\tTur\u010dija na \u010delu z izjemno Melisso Tereso Vargas bo imela bu\u010dno podporo s tribun. Dvorana Sinana Erdana bo razprodana, kar pomeni ve\u010d kot 15 tiso\u010d navija\u010dev. Foto: EPA<\/p>\n<p>\t\t\t\t\t\t\t<a id=\"preferredSourceBanner\" href=\"https:\/\/www.rtvslo.si\/sport\/odbojka\/evropsko-prvenstvo-v-odbojki\/ob-18-uri-finale-ep-ja-pravkar-dvoboj-za-bron\/javascript:void(0)\" target=\"_blank\" class=\"d-none align-items-center justify-content-between rounded my-3\" style=\"padding: 10px 15px;\" rel=\"nofollow noopener\"><br \/>\n\t\t\t\t\t\t<img decoding=\"async\" src=\"https:\/\/img.rtvslo.si\/_static\/novi\/img\/ico-google.svg\" class=\"flex-shrink-0 mr-3\" aria-hidden=\"true\"\/><br \/>\n\t\t\t\t\t\tSpremljajte RTVSLO.si kot prednostni vir na Google<\/p>\n<p>\t\t\t\t\t<\/a><\/p>\n<p>Prenos bo na TV Slovenija 2.<\/p>\n<p>Oglas<\/p>\n<p>Tur\u010dija brani naslov evropskih prvakinj iz leta 2023. Srbijo je v\u010deraj v polfinalu z odli\u010dnimi servisi (6 asov ob sedmih napakah) in opazno bolj\u0161im sprejemom premagala s 3:0. <\/p>\n<p>Italija, ki je aktualni olimpijski in svetovni prvak, je bila v ve\u010dernem polfinalu s 3:1 bolj\u0161a od Poljske. Italijanke so postavile kar 18 uspe\u0161nih blokov. Paola Egonu je s 53-odstotno napadalno u\u010dinkovitostjo dosegla 20 to\u010dk.<\/p>\n<p>Italijanke so se naslova evropskih prvakinj do zdaj veselile trikrat, v letih 2007, 2009 in 2021.<\/p>\n<p>Reprezentanca, ki bo osvojila zlato medaljo, si bo \u017ee priborila neposredno vozovnico za olimpijske igre v Los Angelesu 2028.<\/p>\n<p>Prvakar se za bron merita reprezentanci Srbije in Poljske. Prenos je na TV Slovenija 2.<\/p>\n<p>Slovenska reprezentanca je leto\u0161nje prvenstvo po zelo dobrih igrah v predtekmovanju kon\u010dala v osmini finala, potem ko jo je izlo\u010dila Nizozemska s 3:2.<\/p>\n<p>\t\t\t\t\tV \u017eivo &#8211; TV Slovenija 2<\/p>\n<p>Finale, danes ob 18.00 (TV SLO 2):<br \/>TUR\u010cIJA \u2013 ITALIJA<\/p>\n<p>Za 3. mesto, danes ob 15.00: <br \/>SRBIJA \u2013 POLJSKA<\/p>\n<p>Oglas<\/p>\n","protected":false},"excerpt":{"rendered":"Tur\u010dija na \u010delu z izjemno Melisso Tereso Vargas bo imela bu\u010dno podporo s tribun. Dvorana Sinana Erdana bo&hellip;\n","protected":false},"author":2,"featured_media":217762,"comment_status":"","ping_status":"","sticky":false,"template":"","format":"standard","meta":{"footnotes":"","_share_on_mastodon":"0"},"categories":[20],"tags":[7142,2270,32,35,31,34,146,36,37,38,33,2470],"class_list":["post-217761","post","type-post","status-publish","format-standard","has-post-thumbnail","category-novice","tag-evropsko-prvenstvo","tag-finale","tag-headlines","tag-najpomembnejse-novice","tag-news","tag-novice","tag-odbojka","tag-osrednje-novice","tag-slovene","tag-slovenscina","tag-top-stories","tag-zenske"],"share_on_mastodon":{"url":"https:\/\/pubeurope.com\/@si\/117224728682988677","error":""},"_links":{"self":[{"href":"https:\/\/www.europesays.com\/si\/wp-json\/wp\/v2\/posts\/217761","targetHints":{"allow":["GET"]}}],"collection":[{"href":"https:\/\/www.europesays.com\/si\/wp-json\/wp\/v2\/posts"}],"about":[{"href":"https:\/\/www.europesays.com\/si\/wp-json\/wp\/v2\/types\/post"}],"author":[{"embeddable":true,"href":"https:\/\/www.europesays.com\/si\/wp-json\/wp\/v2\/users\/2"}],"replies":[{"embeddable":true,"href":"https:\/\/www.europesays.com\/si\/wp-json\/wp\/v2\/comments?post=217761"}],"version-history":[{"count":0,"href":"https:\/\/www.europesays.com\/si\/wp-json\/wp\/v2\/posts\/217761\/revisions"}],"wp:featuredmedia":[{"embeddable":true,"href":"https:\/\/www.europesays.com\/si\/wp-json\/wp\/v2\/media\/217762"}],"wp:attachment":[{"href":"https:\/\/www.europesays.com\/si\/wp-json\/wp\/v2\/media?parent=217761"}],"wp:term":[{"taxonomy":"category","embeddable":true,"href":"https:\/\/www.europesays.com\/si\/wp-json\/wp\/v2\/categories?post=217761"},{"taxonomy":"post_tag","embeddable":true,"href":"https:\/\/www.europesays.com\/si\/wp-json\/wp\/v2\/tags?post=217761"}],"curies":[{"name":"wp","href":"https:\/\/api.w.org\/{rel}","templated":true}]}}