{"id":217763,"date":"2026-09-06T15:10:19","date_gmt":"2026-09-06T15:10:19","guid":{"rendered":"https:\/\/www.europesays.com\/si\/217763\/"},"modified":"2026-09-06T15:10:19","modified_gmt":"2026-09-06T15:10:19","slug":"53-dnevi-narodnih-nos-in-oblacilne-dediscine-kamnik-ostaja-prestolnica-slovenske-etnoloske-dediscine-3","status":"publish","type":"post","link":"https:\/\/www.europesays.com\/si\/217763\/","title":{"rendered":"53. Dnevi narodnih no\u0161 in obla\u010dilne dedi\u0161\u010dine: Kamnik ostaja prestolnica slovenske etnolo\u0161ke dedi\u0161\u010dine"},"content":{"rendered":"<p>\u00a0<\/p>\n<p>Kamnik bo tudi letos gostil eno najpomembnej\u0161ih prireditev s podro\u010dja kulturne dedi\u0161\u010dine v Sloveniji. Med 11. in 13. septembrom 2026 bodo potekali 53. Dnevi narodnih no\u0161 in obla\u010dilne dedi\u0161\u010dine, festival z najdalj\u0161o tradicijo na podro\u010dju ohranjanja in predstavljanja obla\u010dilne dedi\u0161\u010dine v Sloveniji, ki \u017ee skoraj \u0161est desetletij povezuje kulturo, turizem, izobra\u017eevanje in skupnost. Prireditev, ki jo ob podpori Ob\u010dine Kamnik organizira Zavod za turizem in \u0161port Kamnik, vsako leto privabi ve\u010d deset tiso\u010d obiskovalcev ter ve\u010d kot dva tiso\u010d nastopajo\u010dih iz Slovenije in tujine. S svojo prepoznavnostjo dale\u010d presega lokalne okvire in predstavlja pomemben kulturni ter turisti\u010dni dogodek Osrednjeslovenske regije.<\/p>\n<p>\u00a0<\/p>\n<p>Osrednje poslanstvo festivala je ohranjanje, predstavljanje in sodobna interpretacija slovenske obla\u010dilne dedi\u0161\u010dine. V sredi\u0161\u010du dogajanja je tradicionalna povorka narodnih no\u0161, ki skozi bogastvo barv, krojev in zgodb obiskovalcem pribli\u017ea raznolikost slovenskega kulturnega prostora. Festival dopolnjujejo folklorni nastopi doma\u010dih in tujih skupin, glasbeni program, rokodelske predstavitve, strokovna vodstva, razstave in ustvarjalne delavnice. Posebna vrednost dogodka je njegovo povezovanje generacij, saj v programu sodelujejo otroci, mladi, odrasli in starej\u0161i, ki skupaj soustvarjajo \u017eiv prikaz kulturne dedi\u0161\u010dine.<\/p>\n<p>\u00a0<\/p>\n<p><img decoding=\"async\" src=\"https:\/\/www.europesays.com\/si\/wp-content\/uploads\/2026\/09\/1786965206893_2025-09-014 Narodne no\u0161e 2025-121Miro Hrkalovi\u0107_resized.jpg\" alt=\"2025-09-014 Narodne no\u0161e 2025-121Miro Hrkalovi\u0107\" width=\"100%\"\/><\/p>\n<p>\u00a0<\/p>\n<p>Leto\u0161nja izvedba prina\u0161a pomembno vsebinsko nadgradnjo. Festival se bo tematsko posvetil Gorenjski, eni najbolj prepoznavnih slovenskih pokrajin, katere bogata obla\u010dilna, glasbena in plesna dedi\u0161\u010dina bo predstavljena skozi razli\u010dne festivalske vsebine. Posebna novost je strokovno zasnovan program \u00bbOd gat do gvanta\u00ab, ki ga festival pripravlja v sodelovanju z dr. Bojanom Knificem, enim vodilnih slovenskih poznavalcev obla\u010dilne dedi\u0161\u010dine. Program bo obiskovalcem na razumljiv in privla\u010den na\u010din predstavil razvoj, zna\u010dilnosti in simbolni pomen gorenjskih obla\u010dilnih podob. Festival s tem utrjuje svojo izobra\u017eevalno vlogo ter obiskovalcem omogo\u010da poglobljeno razumevanje kulturne dedi\u0161\u010dine, ki je pogosto prisotna v na\u0161em vsakdanu, a premalo poznana.<\/p>\n<p>\u00a0<\/p>\n<p><img decoding=\"async\" src=\"https:\/\/www.europesays.com\/si\/wp-content\/uploads\/2026\/09\/1786965228237_FOTO PAR iz naslovnic ljubezen  Mih Lindi\u010d_resized.jpg\" alt=\"FOTO PAR iz naslovnic ljubezen  Mih Lindi\u010d\" width=\"100%\"\/><\/p>\n<p>\u00a0<\/p>\n<p>Pomembna leto\u0161nja novost je tudi lastna festivalska produkcija Zlatorog, glasbeno-plesna predstava, ki zdru\u017euje lokalne umetnike in ustvarjalce. Predstava temelji na eni najbolj prepoznavnih slovenskih legend ter dedi\u0161\u010dino interpretira skozi sodobne umetni\u0161ke pristope. S tem festival dokazuje, da dedi\u0161\u010dina ni zgolj ohranjanje preteklosti, temve\u010d tudi navdih za nove ustvarjalne zgodbe, ki nagovarjajo sodobnega obiskovalca.<\/p>\n<p>\u00a0<\/p>\n<p><img decoding=\"async\" src=\"https:\/\/www.europesays.com\/si\/wp-content\/uploads\/2026\/09\/1786965243023_IMG_Jan Ur\u0161i\u010d-170_resized.jpg\" alt=\"IMG_Jan Ur\u0161i\u010d-170\" width=\"100%\"\/><\/p>\n<p>\u00a0<\/p>\n<p>Organizatorji posebno pozornost namenjajo trajnostni organizaciji dogodka. Festival vklju\u010duje sistem vra\u010dljivih kozarcev, lo\u010deno zbiranje odpadkov, uporabo okolju prijazne embala\u017ee ter sodelovanje z lokalnimi ponudniki in izvajalci. Obiskovalce spodbujajo k uporabi javnega prevoza, koles in drugih trajnostnih oblik mobilnosti. Velik poudarek namenjajo tudi dostopnosti dogodka za gibalno ovirane osebe ter ustvarjanju prijaznega in vklju\u010dujo\u010dega okolja za vse obiskovalce. Trajnost ni le organizacijsko na\u010delo, temve\u010d pomemben del identitete festivala, ki kulturno dedi\u0161\u010dino povezuje z odgovornim odnosom do okolja in skupnosti.<\/p>\n<p>\u00a0<\/p>\n<p><img decoding=\"async\" src=\"https:\/\/www.europesays.com\/si\/wp-content\/uploads\/2026\/09\/1786965257137_2025-09-014 Narodne no\u0161e 2025-73Miro Hrkalovi\u0107_resized.jpg\" alt=\"2025-09-014 Narodne no\u0161e 2025-73Miro Hrkalovi\u0107\" width=\"100%\"\/><\/p>\n<p>\u00a0<\/p>\n<p>Pri izvedbi festivala sodelujejo \u0161tevilna kulturna dru\u0161tva, javni zavodi, muzeji, folklorne skupine, glasbeniki, raziskovalci, rokodelci in prostovoljci. Prav sodelovanje med razli\u010dnimi organizacijami in posamezniki predstavlja eno najve\u010djih vrednot festivala. Dnevi narodnih no\u0161 in obla\u010dilne dedi\u0161\u010dine tako niso zgolj prireditev, temve\u010d prostor sre\u010devanja, sodelovanja in prenosa znanja med generacijami. Hkrati pomembno prispevajo k prepoznavnosti Kamnika kot mesta kulture, tradicije in kakovostnega kulturnega turizma. S svojo dolgoletno tradicijo, strokovno zasnovo in sodobnimi pristopi festival ostaja ena osrednjih etnolo\u0161kih prireditev v Sloveniji ter pomemben ambasador slovenske kulturne dedi\u0161\u010dine doma in v tujini. Kamnik bo tudi letos dokazal, da dedi\u0161\u010dina ni le spomin na preteklost, temve\u010d \u017eiva zgodba, ki povezuje ljudi, kraje in generacije.<\/p>\n<p>\u00a0<\/p>\n<p>\u00a0<\/p>\n<p>\u00a0<\/p>\n<p>&#13;<br \/>\n17.00 \u2013 Odprtje festivala s koncertom Mestne godbe Kamnik in nastopom Dru\u0161tva kamni\u0161kih ma\u017eoretk Veronika&#13;<\/p>\n<p>Ve\u010derni folklorni in glasbeni program<\/p>\n<p>&#13;<br \/>\n18.00 \u2013 Otro\u0161ka folklorna skupina Verine zvezdice\u00a0&#13;<br \/>\n18.15 \u2013 Folklorna skupina Kamnik&#13;<br \/>\n18.45 \u2013 Od gat do gvanta \u2013 predstavitev gorenjske no\u0161e\u00a0&#13;<br \/>\n19.00 \u2013 Folklorna skupina KD Svoboda Menge\u0161\u00a0&#13;<br \/>\n20.00 \u2013 Zlatorog \u2013 sodobna glasbeno-plesna predstava\u00a0&#13;<br \/>\n20.30 \u2013 Od gat do gvanta \u2013 predstavitev gorenjske no\u0161e\u00a0&#13;<\/p>\n<p>Ve\u010derni koncert<\/p>\n<p>&#13;<br \/>\n21.30 \u2013 Koncert skupine Zvita Feltna\u00a0&#13;<\/p>\n<p>Dopoldanski program<br \/>\n&#13;<br \/>\n10.00 \u2013 Godba Gorje \u2013 budnica\u00a0&#13;<br \/>\n11.00 \u2013 Harmonikarski orkester KD Mihaelov sejem Menge\u0161\u00a0&#13;<br \/>\n11.30 \u2013 Predstavitev doma\u010de obrti\u00a0&#13;<br \/>\n12.00 \u2013 Koncert glasbene skupine \u0160u\u0161tarji\u00a0&#13;<\/p>\n<p>Popoldanski program<\/p>\n<p>&#13;<br \/>\n15.00 \u2013 Godba Tuhinjske doline in pripovedovanje gorenjskih pravljic\u00a0&#13;<br \/>\n15.40 \u2013 Predstavitev doma\u010de obrti\u00a0&#13;<br \/>\n16.00 \u2013 Kranjski furmani, AFS Ozara Kranj\u00a0&#13;<br \/>\n17:00- Predstavitev \u017eivljenja Kroparjev \u2013 Gledali\u0161ka skupina KUD Kropa \u010cofte\u00a0&#13;<br \/>\n17.20 \u2013 Gorenjska ohcet \u2013 KUD Triglav&#13;<br \/>\n18.30 \u2013 Od gat do gvanta \u2013 predstavitev gorenjske no\u0161e\u00a0&#13;<\/p>\n<p>Ve\u010derni folklorni in glasbeni program<\/p>\n<p>&#13;<br \/>\n18.40 \u2013 Folklorna skupina Iskraemeco Kranj\u00a0&#13;<br \/>\n19.20 \u2013 Akademska folklorna skupina Ozara Kranj\u00a0&#13;<br \/>\n20.00 \u2013 Folklorna skupina \u017dKUD Tine Ro\u017eanc\u00a0&#13;<br \/>\n20.10 \u2013 Zlatorog \u2013 sodobna glasbeno-plesna predstava\u00a0&#13;<br \/>\n20.40 \u2013 Pripovedovanje gorenjskih pravljic&#13;<\/p>\n<p>Ve\u010derni koncert<br \/>\n&#13;<br \/>\n21.00 \u2013 Koncert Ansambla Sa\u0161a Avsenika&#13;<\/p>\n<p>Dopoldanski program<br \/>\n&#13;<br \/>\n10.00 \u2013 Nastop kamni\u0161kih pritrkovalcev in Pihalnega orkestra Alples \u017delezniki&#13;<br \/>\n11.00\u2013 Nastopi tujih folklornih skupin iz Romunije, Poljske, Irske in Tanzanije&#13;<\/p>\n<p>\u00a0<\/p>\n<p><img decoding=\"async\" src=\"https:\/\/www.europesays.com\/si\/wp-content\/uploads\/2026\/09\/1786965315393_Mih Lindi\u010d20 (43 of 87)_resized.jpg\" alt=\"Mih Lindi\u010d20 (43 of 87)\" width=\"100%\"\/><\/p>\n<p>Utrinki z 53. Dnevov narodnih no\u0161 in obla\u010dilne dedi\u0161\u010dine v Kamniku bodo ujeti v objektiv. Obve\u0161\u010damo vse obiskovalce, da bo dogajanje na celotnem prizori\u0161\u010du festivala fotografirano in snemano. Posnetki bodo namenjeni promociji prireditve, da bomo lahko skupaj ohranili lepe spomine in jih delili tudi z drugimi.<\/p>\n<p>\u00a0<\/p>\n<p>\u00a0<\/p>\n<p>*Organizator si pridr\u017euje pravico do spremembe programa, nastopajo\u010dih, terminov in poteka prireditve.<\/p>\n<p>\u00a0<\/p>\n<p>Besedilo: Zavod za turizem in \u0161port Kamnik\u00a0<br \/>Fotografije: Miro Hrkalovi\u0107, Jan Ur\u0161i\u010d in Mih Lindi\u010d\u00a0<\/p>\n<p>\u00a0<\/p>\n","protected":false},"excerpt":{"rendered":"\u00a0 Kamnik bo tudi letos gostil eno najpomembnej\u0161ih prireditev s podro\u010dja kulturne dedi\u0161\u010dine v Sloveniji. Med 11. in&hellip;\n","protected":false},"author":2,"featured_media":217764,"comment_status":"","ping_status":"","sticky":false,"template":"","format":"standard","meta":{"footnotes":"","_share_on_mastodon":"0"},"categories":[30],"tags":[302,306,164,34,303,308,217,307,304,305,62,37,58,60,38],"class_list":["post-217763","post","type-post","status-publish","format-standard","has-post-thumbnail","category-kamnik","tag-aktualno-dogajanje","tag-dogajanje-v-obcini","tag-kamnik","tag-novice","tag-novice-v-regiji","tag-novosti-v-obcini","tag-obcina-kamnik","tag-obcinska-stran","tag-obcinske-novice","tag-oglasna-deska","tag-si","tag-slovene","tag-slovenia","tag-slovenija","tag-slovenscina"],"share_on_mastodon":{"url":"https:\/\/pubeurope.com\/@si\/117224736704430828","error":""},"_links":{"self":[{"href":"https:\/\/www.europesays.com\/si\/wp-json\/wp\/v2\/posts\/217763","targetHints":{"allow":["GET"]}}],"collection":[{"href":"https:\/\/www.europesays.com\/si\/wp-json\/wp\/v2\/posts"}],"about":[{"href":"https:\/\/www.europesays.com\/si\/wp-json\/wp\/v2\/types\/post"}],"author":[{"embeddable":true,"href":"https:\/\/www.europesays.com\/si\/wp-json\/wp\/v2\/users\/2"}],"replies":[{"embeddable":true,"href":"https:\/\/www.europesays.com\/si\/wp-json\/wp\/v2\/comments?post=217763"}],"version-history":[{"count":0,"href":"https:\/\/www.europesays.com\/si\/wp-json\/wp\/v2\/posts\/217763\/revisions"}],"wp:featuredmedia":[{"embeddable":true,"href":"https:\/\/www.europesays.com\/si\/wp-json\/wp\/v2\/media\/217764"}],"wp:attachment":[{"href":"https:\/\/www.europesays.com\/si\/wp-json\/wp\/v2\/media?parent=217763"}],"wp:term":[{"taxonomy":"category","embeddable":true,"href":"https:\/\/www.europesays.com\/si\/wp-json\/wp\/v2\/categories?post=217763"},{"taxonomy":"post_tag","embeddable":true,"href":"https:\/\/www.europesays.com\/si\/wp-json\/wp\/v2\/tags?post=217763"}],"curies":[{"name":"wp","href":"https:\/\/api.w.org\/{rel}","templated":true}]}}