{"id":217777,"date":"2026-09-06T15:26:12","date_gmt":"2026-09-06T15:26:12","guid":{"rendered":"https:\/\/www.europesays.com\/si\/217777\/"},"modified":"2026-09-06T15:26:12","modified_gmt":"2026-09-06T15:26:12","slug":"herlings-potrdil-naslov-prvaka-gajser-cetrti-v-turciji","status":"publish","type":"post","link":"https:\/\/www.europesays.com\/si\/217777\/","title":{"rendered":"Herlings potrdil naslov prvaka, Gajser \u010detrti v Tur\u010diji"},"content":{"rendered":"<p>\t\t\t\t\t\t\t\t<a href=\"https:\/\/www.europesays.com\/si\/wp-content\/uploads\/2026\/09\/1788708370_178_67078592.jpg\" itemprop=\"contentUrl\" data-size=\"1200x800\" data-large=\"https:\/\/www.europesays.com\/si\/wp-content\/uploads\/2026\/09\/1788708370_178_67078592.jpg\"><br \/>\n\t\t\t\t\t\t\t\t\t<img decoding=\"async\" src=\"https:\/\/www.europesays.com\/si\/wp-content\/uploads\/2026\/09\/1788708370_178_67078592.jpg\" title=\"Jeffrey Herlings je trikrat postal prvak v \u0161ibkej\u0161em razredu MX2 (2012, 2013, 2016), zdaj pa je trikratni svetovni prvak tudi v elitnem razredu MXGP (2018, 2021, 2026). Foto: EPA\" alt=\"Jeffrey Herlings je trikrat postal prvak v \u0161ibkej\u0161em razredu MX2 (2012, 2013, 2016), zdaj pa je trikratni svetovni prvak tudi v elitnem razredu MXGP (2018, 2021, 2026). Foto: EPA\"\/><br \/>\n\t\t\t\t\t\t\t\t<\/a><\/p>\n<p>\t\t\t\t\t\t\t\t\tJeffrey Herlings je trikrat postal prvak v \u0161ibkej\u0161em razredu MX2 (2012, 2013, 2016), zdaj pa je trikratni svetovni prvak tudi v elitnem razredu MXGP (2018, 2021, 2026). Foto: EPA<\/p>\n<p>\t\t\t\t\t\t\t<a id=\"preferredSourceBanner\" href=\"https:\/\/www.rtvslo.si\/sport\/motosporti\/herlings-potrdil-naslov-prvaka-gajser-cetrti-v-turciji\/javascript:void(0)\" target=\"_blank\" class=\"d-none align-items-center justify-content-between rounded my-3\" style=\"padding: 10px 15px;\" rel=\"nofollow noopener\"><br \/>\n\t\t\t\t\t\t<img decoding=\"async\" src=\"https:\/\/img.rtvslo.si\/_static\/novi\/img\/ico-google.svg\" class=\"flex-shrink-0 mr-3\" aria-hidden=\"true\"\/><br \/>\n\t\t\t\t\t\tSpremljajte RTVSLO.si kot prednostni vir na Google<\/p>\n<p>\t\t\t\t\t<\/a><\/p>\n<p>Nizozemec je dobro startal v prvi vo\u017enji in zadr\u017eal prednost do konca, ko se mu je malce pribli\u017eal Gajser. Slovenski as se je takoj po startu na drugo mesto prebil po zunanji strani drugega ovinka in vseskozi ostajal pred zasledovalci. Tretji je bil Febvre, \u010detrti pa Francoz Tom Vialle. Jan Pancar je bil po uvodnih te\u017eavah, ko je padel na 14. mesto, na koncu 11.<\/p>\n<p>Oglas<\/p>\n<p>V drugi vo\u017enji sta na startu u\u0161la Herlings in Vialle, tretji pa je bil Gajser, ki pa je ob koncu drugega kroga napravil napako, kar sta izkoristila Febvre in Latvijec Pauls Jonass, ki sta ga prehitela, v boju za \u010dim bolj\u0161i polo\u017eaj pa ga je moral Jonaas tretje mesto prepustiti Francozu.<\/p>\n<p>Pancar odli\u010den sedmi v drugi vo\u017enji<br \/>Gajser se je kmalu vrnil na \u010detrto mesto, v kon\u010dnici tudi napadal Febvra, a po novi napaki kon\u010dal kot \u010detrti. Zelo dobro pa je nastopil Pancar, ki je za\u010del kot 11., nato pa zasedel sedmo mesto in v kon\u010dnici vsega dobri dve sekundi zaostajal za petouvr\u0161\u010denim Italijanom Andreom Adamom, a mu je za bolj\u0161o uvrstitev zmanjkalo spretnosti in \u010dasa.<\/p>\n<p>V izjemnem fini\u0161u je bil znova najbolj\u0161i Herlings, ki pa je imel v cilju manj kot pol sekunde prednosti pred Viellejem.<\/p>\n<p>&#8220;Za mano je \u0161e en perfekten vikend z zmagama v obeh vo\u017enjah in naslovom svetovnega prvaka. V drugi vo\u017enji je bilo te\u017eko, saj nisem vedel, da ima Tom toliko energije, da me bo preganjal do konca,&#8221; je povedal Herlings.<\/p>\n<p>Do konca sezone \u0161e dve dirki<br \/>Do konca sezone v razredu MXGP sta ostali le \u0161e dirki za VN Kitajske in Avstralije ter 145 mo\u017enih to\u010dk. Herlings jih je letos zbral 855, Francoz Romain Febvre na drugem mestu zaostaja 156 to\u010dk, Gajser na tretjem pa 196 in prakti\u010dno tudi na teh dveh mestih sprememb ne gre pri\u010dakovati.<\/p>\n<p>Prva vo\u017enja:<br \/>\n 1. J. HERLINGS   NIZ\/Honda   34:27,218<br \/>\n 2. T. GAJSER     SLO\/Yamaha     +3,637<br \/>\n 3. R. FEBVRE     FRA\/Kawasaki   18,321<br \/>\n&#8230;<br \/>\n11. J. PANCAR     SLO\/KTM      1:22,495<\/p>\n<p>Druga vo\u017enja:<br \/>\n 1. J. HERLINGS   NIZ\/Honda   34:34,791<br \/>\n 2. T. VIALLE     FRA\/Honda      +0,499<br \/>\n 3. R. FEBVRE     FRA\/Kawasaki   28,437<br \/>\n 4. T. GAJSER     SLO\/Yamaha     36,479<br \/>\n&#8230;<br \/>\n 7. J. PANCAR     SLO\/KTM        50,104Kon\u010dni vrstni red:<br \/>\n 1. J. HERLINGS   NIZ\/Honda     50 to\u010dk<br \/>\n 2. T. VIALLE     FRA\/Honda     40<br \/>\n 3. R. FEBVRE     FRA\/Kawasaki  40<br \/>\n 4. T. GAJSER     SLO\/Yamaha    40<br \/>\n&#8230;<br \/>\n 7. J. PANCAR     SLO\/KTM       24     <\/p>\n<p>Skupni vrstni red:<br \/>\n 1. J. HERLINGS   NIZ\/Honda        855<br \/>\n 2. R. FEBVRE     FRA\/Kawasaki     699<br \/>\n 3. T. GAJSER     SLO\/Yamaha       659<br \/>\n 4. L. COENEN     BEL\/KTM          566<br \/>\n 5. A. ADAMO      ITA\/KTM          559<br \/>\n&#8230;<br \/>\n13. J. PANCAR     SLO\/KTM          268 <\/p>\n<p>Oglas<\/p>\n","protected":false},"excerpt":{"rendered":"Jeffrey Herlings je trikrat postal prvak v \u0161ibkej\u0161em razredu MX2 (2012, 2013, 2016), zdaj pa je trikratni svetovni&hellip;\n","protected":false},"author":2,"featured_media":217778,"comment_status":"","ping_status":"","sticky":false,"template":"","format":"standard","meta":{"footnotes":"","_share_on_mastodon":"0"},"categories":[20],"tags":[32,6753,5059,5060,35,31,34,36,37,38,5061,33,22188],"class_list":["post-217777","post","type-post","status-publish","format-standard","has-post-thumbnail","category-novice","tag-headlines","tag-jeffrey-herlings","tag-motokros","tag-mxgp","tag-najpomembnejse-novice","tag-news","tag-novice","tag-osrednje-novice","tag-slovene","tag-slovenscina","tag-tim-gajser","tag-top-stories","tag-vn-turcije"],"share_on_mastodon":{"url":"https:\/\/pubeurope.com\/@si\/117224799429354223","error":""},"_links":{"self":[{"href":"https:\/\/www.europesays.com\/si\/wp-json\/wp\/v2\/posts\/217777","targetHints":{"allow":["GET"]}}],"collection":[{"href":"https:\/\/www.europesays.com\/si\/wp-json\/wp\/v2\/posts"}],"about":[{"href":"https:\/\/www.europesays.com\/si\/wp-json\/wp\/v2\/types\/post"}],"author":[{"embeddable":true,"href":"https:\/\/www.europesays.com\/si\/wp-json\/wp\/v2\/users\/2"}],"replies":[{"embeddable":true,"href":"https:\/\/www.europesays.com\/si\/wp-json\/wp\/v2\/comments?post=217777"}],"version-history":[{"count":0,"href":"https:\/\/www.europesays.com\/si\/wp-json\/wp\/v2\/posts\/217777\/revisions"}],"wp:featuredmedia":[{"embeddable":true,"href":"https:\/\/www.europesays.com\/si\/wp-json\/wp\/v2\/media\/217778"}],"wp:attachment":[{"href":"https:\/\/www.europesays.com\/si\/wp-json\/wp\/v2\/media?parent=217777"}],"wp:term":[{"taxonomy":"category","embeddable":true,"href":"https:\/\/www.europesays.com\/si\/wp-json\/wp\/v2\/categories?post=217777"},{"taxonomy":"post_tag","embeddable":true,"href":"https:\/\/www.europesays.com\/si\/wp-json\/wp\/v2\/tags?post=217777"}],"curies":[{"name":"wp","href":"https:\/\/api.w.org\/{rel}","templated":true}]}}