{"id":217791,"date":"2026-09-06T15:44:16","date_gmt":"2026-09-06T15:44:16","guid":{"rendered":"https:\/\/www.europesays.com\/si\/217791\/"},"modified":"2026-09-06T15:44:16","modified_gmt":"2026-09-06T15:44:16","slug":"novi-prometni-rezim-na-vrsicu-ima-se-nekaj-pomanjkljivosti-2","status":"publish","type":"post","link":"https:\/\/www.europesays.com\/si\/217791\/","title":{"rendered":"Novi prometni re\u017eim na Vr\u0161i\u010du ima \u0161e nekaj pomanjkljivosti"},"content":{"rendered":"<p>\t\t\t\t\t\t\t\t<a href=\"https:\/\/www.europesays.com\/si\/wp-content\/uploads\/2026\/09\/1788709454_3_67095182.jpg\" itemprop=\"contentUrl\" data-size=\"1200x800\" data-large=\"https:\/\/www.europesays.com\/si\/wp-content\/uploads\/2026\/09\/1788709454_3_67095182.jpg\"><br \/>\n\t\t\t\t\t\t\t\t\t<img decoding=\"async\" src=\"https:\/\/www.europesays.com\/si\/wp-content\/uploads\/2026\/09\/1788709454_3_67095182.jpg\" title=\"Veliko ljudi je presene\u010denih, da je tranzit brezpla\u010den. Foto: Romana Erjavec\" alt=\"Veliko ljudi je presene\u010denih, da je tranzit brezpla\u010den. Foto: Romana Erjavec\"\/><br \/>\n\t\t\t\t\t\t\t\t<\/a><\/p>\n<p>\t\t\t\t\t\t\t\t\tVeliko ljudi je presene\u010denih, da je tranzit brezpla\u010den. Foto: Romana Erjavec<\/p>\n<p>\t\t\t\t\t\t\t<a id=\"preferredSourceBanner\" href=\"https:\/\/www.rtvslo.si\/zabava-in-slog\/ture-avanture\/novi-prometni-rezim-na-vrsicu-ima-se-nekaj-pomanjkljivosti\/javascript:void(0)\" target=\"_blank\" class=\"d-none align-items-center justify-content-between rounded my-3\" style=\"padding: 10px 15px;\" rel=\"nofollow noopener\"><br \/>\n\t\t\t\t\t\t<img decoding=\"async\" src=\"https:\/\/img.rtvslo.si\/_static\/novi\/img\/ico-google.svg\" class=\"flex-shrink-0 mr-3\" aria-hidden=\"true\"\/><br \/>\n\t\t\t\t\t\tSpremljajte RTVSLO.si kot prednostni vir na Google<\/p>\n<p>\t\t\t\t\t<\/a><\/p>\n<p>Prvi septembrski konec tedna prina\u0161a ognjeni krst za popolnoma prenovljen prometni re\u017eim na prelazu Vr\u0161i\u010d. Po ve\u010dmese\u010dni zamudi z deli so pristojni na za\u010detku tedna vendarle v celoti zagnali sistem vstopnih zapornic. Najve\u010dja sprememba, ki jo vozniki ob\u010dutijo na lastni ko\u017ei, je drasti\u010dno zmanj\u0161anje prostora; na vrhu je namre\u010d zaradi naravovarstvenih zahtev na voljo le \u0161e 80 parkirnih mest za osebna vozila. <\/p>\n<p>Oglas<\/p>\n<p>Poleg parkiri\u0161\u010d na vrhu jih je \u0161e nekaj ob ko\u010dah. &#8220;Neko\u010d je bilo na vrhu prosto, zdaj, ko je zapornica, pa \u017ee ob 6. uri ni ve\u010d prostora. Imel sem sre\u010do, da sem na\u0161el parkirno mesto. \u010ce ga ne bi, bi se obrnil in \u0161el nazaj,&#8221; je povedal eden od pohodnikov, ki je bil presene\u010den, da je parkiri\u0161\u010de zasedeno \u017ee tako zgodaj.<\/p>\n<p>Desna zapornica, ob kateri se prevzame listek za parkiranje na vrhu Vr\u0161i\u010da, je bila v soboto tako \u017ee od jutra zaprta, kar pa tudi tistih, ki \u017ee vnaprej vedo, da ne bodo \u0161li na Bov\u0161ko stran, ni ustavilo. &#8220;Tudi \u010de vidijo table z napisi, da tja ne morejo ve\u010d, bodo \u0161li na levo tranzitno skozi, potem pa dejali, da so lahko pri\u0161li gor, in spra\u0161evali, kje lahko parkirajo,&#8221; je za Radio Prvi povedal reditelj Val Novak Zupanc in dodal, da obiskovalci, ki brez listka zasedajo parkiri\u0161\u010de, povzro\u010dajo zmedo. Kot je poudaril, je treba prihodnje leto uvesti bolj\u0161i nadzor nad tem, kdo listek ima in kdo ne.<\/p>\n<p>\t\t\t\t\t\t\t\t<a href=\"https:\/\/www.europesays.com\/si\/wp-content\/uploads\/2026\/09\/1788709456_764_67095183.jpg\" itemprop=\"contentUrl\" data-size=\"1200x800\" data-large=\"https:\/\/www.europesays.com\/si\/wp-content\/uploads\/2026\/09\/1788709456_764_67095183.jpg\"><br \/>\n\t\t\t\t\t\t\t\t\t<img decoding=\"async\" src=\"https:\/\/www.europesays.com\/si\/wp-content\/uploads\/2026\/09\/1788709456_764_67095183.jpg\" title=\"\u017dupanja poziva, naj ljudje upo\u0161tevajo prometne znake. Foto: Romana Erjavec\" alt=\"\u017dupanja poziva, naj ljudje upo\u0161tevajo prometne znake. Foto: Romana Erjavec\"\/><br \/>\n\t\t\t\t\t\t\t\t<\/a><\/p>\n<p>\t\t\t\t\t\t\t\t\t\u017dupanja poziva, naj ljudje upo\u0161tevajo prometne znake. Foto: Romana Erjavec<\/p>\n<p>Tia Kari\u010d, ki pospremi voznike skozi zapornice, je opozorila na to, da bodo predvsem pri signalizaciji potrebni popravki, saj se je v teh dneh \u017ee zgodila nesre\u010da, ko je kolesar spregledal izstopno zapornico in je bil prepeljan v bolni\u0161nico. &#8220;Omejitev hitrosti je dolo\u010dena, a je ljudje ne upo\u0161tevajo. Ena izmed zapornic potrebuje dlje \u010dasa, da se odpre; skoraj se mora\u0161 ustaviti,&#8221; je \u0161e navedla nekaj pomanjkljivosti.<\/p>\n<p>Da sistem potrebuje nekaj dodelave, pravi tudi \u017eupanja Henrika Zupan. Meni, da je vse razumljivo ozna\u010deno, tako da poziva voznike, da upo\u0161tevajo prometne znake in signalizacijo.<\/p>\n<p>Nov izziv za prometni re\u017eim na Vr\u0161i\u010du prihaja prihodnje leto, ko bo parkiranje, ki je v tej poskusni fazi \u0161e brezpla\u010dno, pla\u010dljivo.<\/p>\n<p>Oglas<\/p>\n","protected":false},"excerpt":{"rendered":"Veliko ljudi je presene\u010denih, da je tranzit brezpla\u010den. Foto: Romana Erjavec Spremljajte RTVSLO.si kot prednostni vir na Google&hellip;\n","protected":false},"author":2,"featured_media":217792,"comment_status":"","ping_status":"","sticky":false,"template":"","format":"standard","meta":{"footnotes":"","_share_on_mastodon":"0"},"categories":[20],"tags":[32,35,31,34,36,2891,37,38,33,22090,17230],"class_list":["post-217791","post","type-post","status-publish","format-standard","has-post-thumbnail","category-novice","tag-headlines","tag-najpomembnejse-novice","tag-news","tag-novice","tag-osrednje-novice","tag-parkirisce","tag-slovene","tag-slovenscina","tag-top-stories","tag-vrsic","tag-zapornice"],"share_on_mastodon":{"url":"https:\/\/pubeurope.com\/@si\/117224870344936980","error":""},"_links":{"self":[{"href":"https:\/\/www.europesays.com\/si\/wp-json\/wp\/v2\/posts\/217791","targetHints":{"allow":["GET"]}}],"collection":[{"href":"https:\/\/www.europesays.com\/si\/wp-json\/wp\/v2\/posts"}],"about":[{"href":"https:\/\/www.europesays.com\/si\/wp-json\/wp\/v2\/types\/post"}],"author":[{"embeddable":true,"href":"https:\/\/www.europesays.com\/si\/wp-json\/wp\/v2\/users\/2"}],"replies":[{"embeddable":true,"href":"https:\/\/www.europesays.com\/si\/wp-json\/wp\/v2\/comments?post=217791"}],"version-history":[{"count":0,"href":"https:\/\/www.europesays.com\/si\/wp-json\/wp\/v2\/posts\/217791\/revisions"}],"wp:featuredmedia":[{"embeddable":true,"href":"https:\/\/www.europesays.com\/si\/wp-json\/wp\/v2\/media\/217792"}],"wp:attachment":[{"href":"https:\/\/www.europesays.com\/si\/wp-json\/wp\/v2\/media?parent=217791"}],"wp:term":[{"taxonomy":"category","embeddable":true,"href":"https:\/\/www.europesays.com\/si\/wp-json\/wp\/v2\/categories?post=217791"},{"taxonomy":"post_tag","embeddable":true,"href":"https:\/\/www.europesays.com\/si\/wp-json\/wp\/v2\/tags?post=217791"}],"curies":[{"name":"wp","href":"https:\/\/api.w.org\/{rel}","templated":true}]}}