{"id":217819,"date":"2026-09-06T16:20:11","date_gmt":"2026-09-06T16:20:11","guid":{"rendered":"https:\/\/www.europesays.com\/si\/217819\/"},"modified":"2026-09-06T16:20:11","modified_gmt":"2026-09-06T16:20:11","slug":"v-bosni-in-hercegovini-divjajo-obsezni-pozari-gosti-dim-zaneslo-tudi-do-dalmacije-2","status":"publish","type":"post","link":"https:\/\/www.europesays.com\/si\/217819\/","title":{"rendered":"V Bosni in Hercegovini divjajo obse\u017eni po\u017eari, gosti dim zaneslo tudi do Dalmacije"},"content":{"rendered":"<p>\t\t\t\t\t\t\t\t<a href=\"https:\/\/www.europesays.com\/si\/wp-content\/uploads\/2026\/09\/1788711610_322_67095437.jpg\" itemprop=\"contentUrl\" data-size=\"1200x800\" data-large=\"https:\/\/www.europesays.com\/si\/wp-content\/uploads\/2026\/09\/1788711610_322_67095437.jpg\"><br \/>\n\t\t\t\t\t\t\t\t\t<img decoding=\"async\" src=\"https:\/\/www.europesays.com\/si\/wp-content\/uploads\/2026\/09\/1788711610_322_67095437.jpg\" title=\"Foto: BoBo\" alt=\"Foto: BoBo\"\/><br \/>\n\t\t\t\t\t\t\t\t<\/a><\/p>\n<p>\t\t\t\t\t\t\t\t\tFoto: BoBo<\/p>\n<p>\t\t\t\t\t\t\t<a id=\"preferredSourceBanner\" href=\"https:\/\/www.rtvslo.si\/svet\/evropa\/v-bosni-in-hercegovini-divjajo-obsezni-pozari-gosti-dim-zaneslo-tudi-do-dalmacije\/javascript:void(0)\" target=\"_blank\" class=\"d-none align-items-center justify-content-between rounded my-3\" style=\"padding: 10px 15px;\" rel=\"nofollow noopener\"><br \/>\n\t\t\t\t\t\t<img decoding=\"async\" src=\"https:\/\/img.rtvslo.si\/_static\/novi\/img\/ico-google.svg\" class=\"flex-shrink-0 mr-3\" aria-hidden=\"true\"\/><br \/>\n\t\t\t\t\t\tSpremljajte RTVSLO.si kot prednostni vir na Google<\/p>\n<p>\t\t\t\t\t<\/a><\/p>\n<p>Dim sega od Splita do Pelje\u0161\u010dca, poro\u010da bosansko-hercegovski portal N1.<\/p>\n<p>Oglas<\/p>\n<p>Poveljnik gasilske slu\u017ebe Splitsko-dalmatinske \u017eupanije Ivan Kova\u010devi\u0107 je povedal, da je na nekaterih obmo\u010djih \u010dutiti vonj po za\u017eganem, v zraku pa je visoka koncentracija lebde\u010dih delcev. Starej\u0161im, majhnim otrokom ter bolnikom z dihalnimi te\u017eavami in alergijami zato ob gibanju na prostem priporo\u010dajo uporabo za\u0161\u010ditnih mask.<\/p>\n<p>Po navedbah gasilcev iz Imotskega in Makarske se v Dalmacijo vali dim zaradi velikega po\u017eara, ki je zajel obmo\u010dje med Tomislavgradom in Ramo. Hrva\u0161ka vlada je na pomo\u010d pri ga\u0161enju poslala dva kanaderja hrva\u0161ke vojske.  <\/p>\n<p>Pri ga\u0161enju po\u017eara v BiH pomagajo tudi voja\u0161ki helikopterji<\/p>\n<p>Z obrambnega ministrstva Bosne in Hercegovine so sporo\u010dili, da na omenjenih obmo\u010djih v Federaciji BiH-a pri ga\u0161enju po\u017earov pomagajo tudi voja\u0161ki helikopterji. Na obmo\u010dju Biha\u0107a na skrajnem severozahodu dr\u017eave gasilcem pri ga\u0161enju pomaga tudi 30 pripadnikov vojske.<\/p>\n<p>Z obmo\u010dja ob\u010dine Prozor-Rama poro\u010dajo o obse\u017enem po\u017earu na planini Radu\u0161a, ki se \u0161iri proti naseljem Proslap, Kozo in Ora\u0161ac. Mediji v BiH-u poro\u010dajo o \u0161tevilnih manj\u0161ih po\u017earih v naravi tudi drugje po dr\u017eavi, med drugim tudi na obmo\u010dju Konjica na jugu, kjer ga\u0161enje ovira mo\u010dan veter.<\/p>\n<p>Panika v Dalmaciji<\/p>\n<p>V Dalmaciji na sosednjem Hrva\u0161kem so se \u0161tevilni prebivalci zjutraj prebudili ob gostem dimu in mo\u010dnem vonju po po\u017eganem. To je med njimi povzro\u010dilo zaskrbljenost in paniko, zato so s \u0161tevilnimi telefonskimi klici zasuli gasilce.<\/p>\n<p>Klicev je bilo tako veliko, da so gasilci na javnost naslovili javen poziv, v katerem so poudarili, da dim ni posledica lokalnega po\u017eara, temve\u010d ga je veter prinesel z obmo\u010dij v BiH-u, kjer divjajo siloviti po\u017eari. Za pomo\u010d pri umirjanju razmer so prosili tudi medije. <\/p>\n<p>O ve\u010d po\u017earih poro\u010dajo tudi iz \u010crne gore. Pri njihovem ga\u0161enju je v soboto sodelovala tudi vojska z letali za ga\u0161enje in helikopterji, ki so odvrgli ve\u010d kot 12 ton vode, so sporo\u010dili z notranjega ministrstva. Dodali so, da &#8220;pristojne slu\u017ebe nadaljujejo intenzivne dejavnosti na vseh aktivnih po\u017eari\u0161\u010dih, pri \u010demer nenehno spremljajo razmere na terenu in ostajajo pripravljene na napotitev dodatnih zmogljivosti&#8221;, poro\u010da srbska tiskovna agencija Tanjug.<\/p>\n<p>Oglas<\/p>\n","protected":false},"excerpt":{"rendered":"Foto: BoBo Spremljajte RTVSLO.si kot prednostni vir na Google Dim sega od Splita do Pelje\u0161\u010dca, poro\u010da bosansko-hercegovski portal&hellip;\n","protected":false},"author":2,"featured_media":217820,"comment_status":"","ping_status":"","sticky":false,"template":"","format":"standard","meta":{"footnotes":"","_share_on_mastodon":"0"},"categories":[20],"tags":[5808,8586,19245,21586,32,35,31,34,36,8253,37,38,33],"class_list":["post-217819","post","type-post","status-publish","format-standard","has-post-thumbnail","category-novice","tag-bih","tag-dalmacija","tag-dim","tag-gasenje","tag-headlines","tag-najpomembnejse-novice","tag-news","tag-novice","tag-osrednje-novice","tag-pozari","tag-slovene","tag-slovenscina","tag-top-stories"],"share_on_mastodon":{"url":"https:\/\/pubeurope.com\/@si\/117225011513889234","error":""},"_links":{"self":[{"href":"https:\/\/www.europesays.com\/si\/wp-json\/wp\/v2\/posts\/217819","targetHints":{"allow":["GET"]}}],"collection":[{"href":"https:\/\/www.europesays.com\/si\/wp-json\/wp\/v2\/posts"}],"about":[{"href":"https:\/\/www.europesays.com\/si\/wp-json\/wp\/v2\/types\/post"}],"author":[{"embeddable":true,"href":"https:\/\/www.europesays.com\/si\/wp-json\/wp\/v2\/users\/2"}],"replies":[{"embeddable":true,"href":"https:\/\/www.europesays.com\/si\/wp-json\/wp\/v2\/comments?post=217819"}],"version-history":[{"count":0,"href":"https:\/\/www.europesays.com\/si\/wp-json\/wp\/v2\/posts\/217819\/revisions"}],"wp:featuredmedia":[{"embeddable":true,"href":"https:\/\/www.europesays.com\/si\/wp-json\/wp\/v2\/media\/217820"}],"wp:attachment":[{"href":"https:\/\/www.europesays.com\/si\/wp-json\/wp\/v2\/media?parent=217819"}],"wp:term":[{"taxonomy":"category","embeddable":true,"href":"https:\/\/www.europesays.com\/si\/wp-json\/wp\/v2\/categories?post=217819"},{"taxonomy":"post_tag","embeddable":true,"href":"https:\/\/www.europesays.com\/si\/wp-json\/wp\/v2\/tags?post=217819"}],"curies":[{"name":"wp","href":"https:\/\/api.w.org\/{rel}","templated":true}]}}