{"id":217835,"date":"2026-09-06T16:56:08","date_gmt":"2026-09-06T16:56:08","guid":{"rendered":"https:\/\/www.europesays.com\/si\/217835\/"},"modified":"2026-09-06T16:56:08","modified_gmt":"2026-09-06T16:56:08","slug":"wout-van-aert-kralj-skrajsane-etape-favoriti-preziveli-peklensko-vroc-dan","status":"publish","type":"post","link":"https:\/\/www.europesays.com\/si\/217835\/","title":{"rendered":"Wout van Aert kralj skraj\u0161ane etape, favoriti pre\u017eiveli peklensko vro\u010d dan"},"content":{"rendered":"<p>Favoriti za skupno zmago danes niso bili v ospredju, v glavnini so var\u010devali mo\u010di za zadnji teden dirke. Ta se bo nadaljevala v torek po zadnjem prostem dnevu s 16. etapo v okolici Seville. Primo\u017e Rogli\u010d drugi teden 81. Vuelte kon\u010duje na tretjem mestu v skupnem se\u0161tevku, z dvema minutama in 10 sekundami zaostanka za nosilcem rde\u010de majice, \u0160pancem Enricom Masom, a vsega \u0161tirimi sekundami zaostanka za drugo uvr\u0161\u010denim Avstrijcem Felixom Gallom. Jakob Omrzel je \u0161esti v skupnem se\u0161tevku (+ 6:14).<\/p>\n<p>Najbolj\u0161i v skupnem se\u0161tevku so v cilj dana\u0161nje etape pri\u0161li v glavnini, 2:44 za zmagovalcem. Rogli\u010d je bil 32., Omrzel 55. Gal Glivar je zaostal \u0161e nekaj ve\u010d, ciljno \u010drto je pre\u010dkal v skupini, ki je za van Aertom zaostala 9:29, Slovenec je zasedel 108. mesto. Domen Novak, Roman Jermakov in Matev\u017e Govekar pa so pri\u0161li 12:30 za najbolj\u0161imi\u00a0<\/p>\n<p>Dirka po \u0160paniji, potek 15. etape:<\/p>\n<p>Cilj: zaklju\u010dni sprint je spro\u017eil Thibau Nys (Lidl &#8211; Trek), a mu je iz zavetrja nato sko\u010dil Wout van Aert (Visma | Lease a Bike) in pri\u0161el do druge zmage na leto\u0161nji Vuelti. Drugo mesto je zasedel Italija Alessandro Romele (XDS Astana), Nys pa se je moral zadovoljiti s tretjim.<\/p>\n<p dir=\"ltr\" lang=\"en\">\ud83d\udcaa SPRINT-OFF! \ud83d\udd25 <a href=\"https:\/\/x.com\/hashtag\/LaVuelta26?src=hash&amp;ref_src=twsrc%5Etfw\" rel=\"nofollow\">#LaVuelta26<\/a> <a href=\"https:\/\/t.co\/QYmlYXaUr1\" rel=\"nofollow\">pic.twitter.com\/QYmlYXaUr1<\/a><\/p>\n<p>\u2014 La Vuelta (@lavuelta) <a href=\"https:\/\/x.com\/lavuelta\/status\/2096624206318276651?ref_src=twsrc%5Etfw\" rel=\"nofollow\">September 6, 2026<\/a><\/p>\n<p>2 km do cilja: Napadel je Leknessund, tudi ta neuspe\u0161no. Van Aert dobro nadzoruje dogajanje. Na ulicah Cordobe je sicer izjemno vro\u010de, uradna spletna stran Vuelte poro\u010da o 40,9 stopinjah Celzija.<\/p>\n<p>3 km do cilja: Nys je poskusil z napadom, a njegovi tekmeci niso nasedli in so ga le mirno ujeli.<\/p>\n<p>5 km do cilja: Vodilna peterica se pripravlja na zaklju\u010dni sprint, Wout van Aert je izraziti favorit. zasledovalci so predale\u010d, da bi se vme\u0161ali v razplet etape, favoriti pa se v glavnini mirno pribli\u017eujejo cilju dobro dve minuto za \u010delom dirke.\u00a0\u00a0<\/p>\n<p>12 km do cilja: Vse ka\u017eem da se bodo za zmago pomerili mo\u017eje iz vodilne skupine, se pravi Belgijci Wout van Aert, Thibau Nys, Ramses Debruyne, pa Norve\u017ean Andreal Leknessund in Italijan Alessandro Romele. Zasledovalci z Oliveiro, Vermaerkejem in Fischer-Blackom ne morejo priti ni\u010d bli\u017eje, \u0161e vedno ostajajo dobrih 50 sekund za \u010delom dirke. Glavnina z glavnini favoriti za skupno zmago vozi slabi dve minuti za vodilnimi. Na \u010delu glavnine so kolesarji Rogli\u010deve Red Bull &#8211; BORE &#8211; hansgrohe.<\/p>\n<p>20 km do cilja: Vodila skupina z van Aertom ostaja 55 sekund pred mo\u010dno skupino zasledovalcev, pa 1:30 pred glavnino, kateri se je po te\u017eavah na zadnjem klancu spet pridru\u017eil sprinter Coquard. Izgleda, da je Cofidis danes\u00a0 po vsem vlo\u017eenem trudu izvisel.<\/p>\n<p>24 km do cilja: Debruyna so van Aert, Nys, Leknessund in Romele hitro ujeli, imajo pa 55 sekund prednosti pred desetimi zasledovalci in 1:40 pred glavnino.<\/p>\n<p>25 km do cilja: Iz glavnine so se v lov za ube\u017eniki podali \u0161e Finn Fischer-Black, Ivo Oliveira, Kevin Vermaerke, Eddie Dunbar, Tobias Johannessen, Alessandro Covi, Stefan K\u00fcng, Henok Mulubrahn, Gijs Leemreize in Urko Berrade, v vodstvo pa se je odpeljal Debruyne.<\/p>\n<p>28 km do cilja: Van Aert je dvignil tempo v vodilni skupini in prednost nara\u0161\u010da. Glavnina zdaj vozi 40 sekund za ube\u017eniki.\u00a0<\/p>\n<p dir=\"ltr\" lang=\"ro\">\ud83c\udfc1 31 km | Stage 1\u20e35\u20e3 &#8211; Etapa 1\u20e35\u20e3<\/p>\n<p>\ud83e\udd1d van Aert makes a move to join Leknessund and Debruyne at the front<\/p>\n<p>\ud83d\udd25 \u00a1van Aert se lanza a por Leknessund y Debruyne!<\/p>\n<p>\ud83d\udc9a \ud835\udc12\ud835\udc1a\ud835\udc27\ud835\udc2d\ud835\udc1a \ud835\udc0c\ud835\udc1a\ud835\udc2b\ud835\udc22\u0301\ud835\udc1a \ud835\udc1d\ud835\udc1e \ud835\udc13\ud835\udc2b\ud835\udc1a\ud835\udc2c\ud835\udc2c\ud835\udc22\ud835\udc1e\ud835\udc2b\ud835\udc2b\ud835\udc1a<\/p>\n<p>1\u20e3 Andreas Leknessund &#8211; <a href=\"https:\/\/x.com\/UnoXteam?ref_src=twsrc%5Etfw\" rel=\"nofollow\">@UnoXteam<\/a> | 20 p. &#8211; 6&#8243;<br \/>2\u20e3 Ramses Debruyne\u2026 <a href=\"https:\/\/t.co\/Bl1ckPap9N\" rel=\"nofollow\">pic.twitter.com\/Bl1ckPap9N<\/a><\/p>\n<p>\u2014 La Vuelta (@lavuelta) <a href=\"https:\/\/x.com\/lavuelta\/status\/2096614517832655157?ref_src=twsrc%5Etfw\" rel=\"nofollow\">September 6, 2026<\/a><\/p>\n<p>31 km do cilja: Debruyne je dobil lete\u010di cilj v Santa Marii de Trassierri, tam pa je iz glavnine sko\u010dil nosilec zelene majice Wout van Aert (Visma) in hitro ujel vodila, s seboj pa potegnil \u0161e Thibaua Nysa in Alessandra Romeleja.<\/p>\n<p>Izidi lete\u010dega cilja, Santa Maria de Trassiera:<br \/>1. Debruyne\u00a020 to\u010dk\/6 bonifikacijskih sekund<br \/>2. Leknessund\u00a017\/4<br \/>3. Romele\u00a015\/2<br \/>4. Van Aert\u00a013<br \/>5. Armirail\u00a010<br \/>&#8230;<\/p>\n<p>33 km do cilja: Zdaj se je Leknessundu v vodstvu pridru\u017eil \u0161e Belgijec Ramses Debruyne (Alpecin \u2013 Premier Tech), dvojica pa ima le 20 sekund prednosti pred glavnino in tako skoraj nobenih mo\u017enosti, da pred njo pride do cilja.<\/p>\n<p>37 km do cilja: Norve\u017ean Andreas Leknessund (Uno-X Mobility) je ostal sam v zaklju\u010dku vzpona na Artafi in tudi dobil drugi gorski cilj dneva. Ta kolesar zdaj ostaja edini pred glavnino.\u00a0\u00a0<\/p>\n<p>Izidi gorskega cilja Puerto de Artafi (II. kategorija):<br \/>1. Leknessund 3 to\u010dke<br \/>2. Debruyne 2<br \/>3. Armirail 1<\/p>\n<p>39 km do cilja: Azparren in Leknessund sta ostala sama v vodstvu, Weiss in Thompson popu\u0161\u010data, pred glavnino pa ostajajo le \u0161e Paleni, Porter, Mackellar in Steinhauser, vendar Visma na \u010delu glavnine navija hud tempo, zato se prednost vodilnih naglo topi. Francoski sprinter, adut mo\u0161tva Cofidis Vryan Coquard, je izgubil stik z glavnino, ostal pa je tudi brez vode.<\/p>\n<p dir=\"ltr\" lang=\"en\">\ud83c\udfc1- 42 km | Stage 1\ufe0f\u20e35\ufe0f\u20e3 &#8211; Etapa 1\ufe0f\u20e35\ufe0f\u20e3 | <a href=\"https:\/\/x.com\/hashtag\/LaVuelta26?src=hash&amp;ref_src=twsrc%5Etfw\" rel=\"nofollow\">#LaVuelta26<\/a><\/p>\n<p>\ud83d\udd25 Azparren and Weiss are in front with Thompson on their heels, while sprinters like Govekar and Dainese are suffering at the back of the peloton<\/p>\n<p>\ud83d\udc4a \u00a1Azparren y Weiss atacan por delante! Sprinters como Govekar o Dainese sufren\u2026 <a href=\"https:\/\/t.co\/qdnrBBisnl\" rel=\"nofollow\">pic.twitter.com\/qdnrBBisnl<\/a><\/p>\n<p>\u2014 La Vuelta (@lavuelta) <a href=\"https:\/\/x.com\/lavuelta\/status\/2096609764079796306?ref_src=twsrc%5Etfw\" rel=\"nofollow\">September 6, 2026<\/a><\/p>\n<p>43 km do cilja: Za\u010del se je vzpon na Puerto Artafi (III. kategorija, 5.9 km\/5,4 %), vodilna skupina je razpadla, v vodstvo so se odpeljali Azparren, Leknessund, Weiss in Thompson, sledijo jim \u0161e Oliveira, Paleni, Hayter, Porter, Mackellar, Steinhauser in Gogl, ki se jim je pridru\u017eil po skoku iz glavnine, razlike pa so majhne. Vodilna \u010detverica ima le 10 sekund prednosti pred sedmerico zasledovalcev, pa le dobre pol minute pred glavnino, v kateri se favoriti za skupno zmago danes skrivajo in var\u010dujejo mo\u010di za zadnji teden dirke. Le Rogli\u010d in Carapaz sta imela danes nekaj te\u017eav s kolesi, ki pa so ju v njunoh ekipah re\u0161ili hitro in rutinirano.<\/p>\n<p>47 km do cilja: Iz glavnine sko\u010dil \u0161e\u00a0Michael Gogl (Alpecin-Premier Tech), tik pred tem pa je tempo navil Domen Novak (UAE Emirates &#8211; XRG) za potencialen napad Kevina Vermaerkeja, Visma pa je bila pozorna na ta manever. Prednost vodilne dvanajsterice je spet padla.\u00a0<\/p>\n<p>54 km do cilja: Ube\u017eniki so z veliko truda uspeli pove\u010dati prednost na dobrih 40 sekund.\u00a0<\/p>\n<p>62 km do cilja: Rogli\u010d je brez\u00a0te\u017eav spet ujel glavnino, ki se je ube\u017enikom spet pribli\u017eala na vsega 20 sekund.\u00a0\u00a0<\/p>\n<p>65 km do cilja: Steinhauser je prevzel diktiranje tempa v ube\u017eni skupini in prednost je spet malce narasla, a le na dobre pol minute. V glavnini se je za menjavo kolesa ustavil Primo\u017e Rogli\u010d, ki zdaj lovi kolege.<\/p>\n<p>71 km do cilja: Steinhauser se je pridru\u017eil ube\u017enikom, dvanajsterica pa ima le 20 sekund prednosti pred glavnino.\u00a0<\/p>\n<p>75 km do cilja: Prvi gorski cilj dneva je dobil Nizozemec Gijs Leemreize (Picnic PostNL), Steinhauser pa se bo vsak \u010das pridru\u017eil ube\u017eni enajsterici. Glavnina se ji je medtem pribli\u017eala na vsega 35 sekund. Ekipi Visma | Lease a Bike in Cofidis o\u010ditno danes resno ra\u010dunata na sprinterski obra\u010dun v Cordobi.\u00a0<\/p>\n<p dir=\"ltr\" lang=\"es\">\ud83d\udcaa Georg Steinhauser makes an effort to join the front group as we crest the first summit of the day<\/p>\n<p>\ud83d\udc4f Pasamos el primer puerto del d\u00eda con Leemreize en cabeza y Steinhauser intercalado entre fuga y pelot\u00f3n<\/p>\n<p>\u26f0 3\ufe0f\u20e3 \ud835\udc0f\ud835\udc14\ud835\udc04\ud835\udc11\ud835\udc13\ud835\udc0e \ud835\udc03\ud835\udc04 \ud835\udc0b\ud835\udc00 \ud835\udc05\ud835\udc0e\ud835\udc11\ud835\udc04\ud835\udc12\ud835\udc13\ud835\udc00\ud835\udc0b<\/p>\n<p>1\ufe0f\u20e3 Leemreize -\u2026 <a href=\"https:\/\/t.co\/1zxuFFdRa6\" rel=\"nofollow\">pic.twitter.com\/1zxuFFdRa6<\/a><\/p>\n<p>\u2014 La Vuelta (@lavuelta) <a href=\"https:\/\/x.com\/lavuelta\/status\/2096597672492724288?ref_src=twsrc%5Etfw\" rel=\"nofollow\">September 6, 2026<\/a><\/p>\n<p>Izidi gorskega cilja Puerto de la Forestal (III. kategorija)<br \/>1. Leemreize 3 to\u010dke<br \/>2. Porter 2<br \/>3. Leknessund 1<\/p>\n<p>77 km do cilja: Glavnina se je ube\u017enikom pribli\u017eala na 55 sekund, nato se je v napad izstrelil \u0161e Nemec Georg Steinhauser (EF Education \u2013 EasyPost), z upanjem, da se pridru\u017ei vodilni skupini.<\/p>\n<p>82 km do cilja: Kolesarji se vzpenjajo na Forestal, ube\u017eniki ohranjajo pi\u010dlo minuto prednosti.\u00a0<\/p>\n<p>85 km do cilja: Naloge pri diktiranju tempa na \u010delu glavnine si delita ekipi Visma in Cofidis. Tudi francoska zasedba ima v svojih vrstah aduta za tak\u0161ne etape, zmagovalca za Tadeja Poga\u010darja usodne osme etape\u00a0Bryana Coquarda. Ube\u017enike glavnina dr\u017ei na minuti razlike, hitrost kolesarje je \u0161e vedno visoka, preko 50 km\/h.\u00a0<\/p>\n<p>89 km do cilja: Na \u010delo glavnine so se zdaj postavili kolesarji mo\u0161tva Visma | Lease a Bike, ki imajo morda danes ra\u010dunico s svojima adutoma za tak\u0161ne etape, Woutom van Aertom in Matthewom Brennanom. Ube\u017eniki imajo 1:15 prednosti. Kolesarji se naglo pribli\u017eujejo prvemu od dveh kategoriziranih klancev dneva, Puertu de la Forestalu (III. kategorija, 7,5 km\/4,5 %). Med ube\u017eniki prav nih\u010de v skupnem se\u0161tevku ne zaostaja manj kot uro za rde\u010do majico.<\/p>\n<p>91 km do cilja: Hitrost kolesarjev v za\u010detku etape je bila skoraj 53 km\/h, zato je imel Ekvadorec Richard Carapaz (EF Education &#8211; EasyPost), ki je moral menjati kolo, precej dela, da je spet ujel glavnino. Na \u010delu te so kolesarji mo\u0161tva Cofidis, ube\u017ena enajsterica pa pridobiva prednost. Ta zdaj zna\u0161a \u017ee minuto. Temperatura ozra\u010dja se je \u017ee povzpela na 39 stopinj Celzija.<\/p>\n<p>96 km do cilja: \u0160tevilne poskuse pobega je pokril kolesar Visme Bruno Armirail, nato pa se je glavnini vendarle odpeljal Enzo Paleni (Groupama-FDJ United), ki so se mu pridru\u017eili \u0161e Frederik Wandahl (Red Bull-Bora-Hansgrohe), Ivo Oliveira (UAE Emirates-XRG), Xabier Mikel Azparren (Pinarello-Q36.5), Ethan Hayter (Soudal Quick-Step), Andreas Leknessund (Uno-X Mobility), Rudy Porter (Jayco AlUla), Alastair Mackellar (EF Education-EasyPost), Fabian Weiss (Tudor), Reuben Thompson (Lotto-Intermarch\u00e9) in Gijs Leemreize (Picnic-PostNL).<\/p>\n<p>110 km do cilja: Takoj po uradnem startu so se za\u010deli napadi.\u00a0<\/p>\n<p>15.01\u00a0(110,2 km do cilja): 15. etapa Vuelte se je za\u010dela zares! Dan je ve\u010d kot primeren za uspe\u0161en beg, se strinjajo strokovnjaki.\u00a0<\/p>\n<p dir=\"ltr\" lang=\"et\">\ud83d\udcaa Stage 1\ufe0f\u20e35\ufe0f\u20e3 is underway!<\/p>\n<p>\ud83d\ude0d \u00a1Salida real de la etapa 1\ufe0f\u20e35\ufe0f\u20e3!<a href=\"https:\/\/x.com\/hashtag\/LaVuelta26?src=hash&amp;ref_src=twsrc%5Etfw\" rel=\"nofollow\">#LaVuelta26<\/a> <a href=\"https:\/\/t.co\/nmYu38wJlV\" rel=\"nofollow\">pic.twitter.com\/nmYu38wJlV<\/a><\/p>\n<p>\u2014 La Vuelta (@lavuelta) <a href=\"https:\/\/x.com\/lavuelta\/status\/2096584804108054836?ref_src=twsrc%5Etfw\" rel=\"nofollow\">September 6, 2026<\/a><\/p>\n<p>Start: Kolesarji so se\u00a0v hudi vro\u010dini na skraj\u0161ano etapo podali ob 14.52, okoli 15. ure naj bi dosegli kilometer ni\u010d in dirka se bo za\u010dela zares.<\/p>\n<p dir=\"ltr\" lang=\"es\">\ud83d\udccd\ud835\udc0f\ud835\udc00\ud835\udc0b\ud835\udc0c\ud835\udc00 \ud835\udc03\ud835\udc04\ud835\udc0b \ud835\udc11\ud835\udc08\u0301\ud835\udc0e<\/p>\n<p>\ud83d\udcaa Stage 1\ufe0f\u20e35\ufe0f\u20e3 neutral start!<\/p>\n<p>\ud83d\ude4c \u00a1Salida neutralizada de la etapa 1\ufe0f\u20e35\ufe0f\u20e3! <a href=\"https:\/\/x.com\/hashtag\/LaVuelta26?src=hash&amp;ref_src=twsrc%5Etfw\" rel=\"nofollow\">#LaVuelta26<\/a> <a href=\"https:\/\/t.co\/0CK9yp8DWZ\" rel=\"nofollow\">pic.twitter.com\/0CK9yp8DWZ<\/a><\/p>\n<p>\u2014 La Vuelta (@lavuelta) <a href=\"https:\/\/x.com\/lavuelta\/status\/2096583005112279296?ref_src=twsrc%5Etfw\" rel=\"nofollow\">September 6, 2026<\/a><\/p>\n<p>Danec pri\u010dakuje uspe\u0161en pobeg<br \/>&#8220;Imam lepe spomine na Cordobo,&#8221; je prirediteljem pred startom dana\u0161nje etape povedal Magnis Cort Nielsen (Uno-X Mobility), ki je v tem mestu slavil etapno zmago na Vuelti leta 2021. &#8220;Takrat niti nisem na\u010drtoval zmage, dan prej sem bil v begu, zato sem kolesaril le\u017eerno v glavnini, nato pa smo ujeli ube\u017enike, pri\u0161lo je do sprinta in sem zmagal,&#8221; se je Danec spomnil zmage. Kaj pa napoveduje za danes? &#8220;Mislim, da bi lahko spet pri\u0161lo do sprinta manj\u0161e skupine, vendar pri\u010dakujem, da bo danes do cilja pri\u0161el beg.&#8221;<\/p>\n<p>V Andaluziji so danes skorajda izredne razmere zaradi vro\u010dine, na startu v Palmi del Riu je trenutno 37 stopinj Celzija, temperatura pa naj bi se kmalu povzpela do 39 stopinj. Na cilju v Cordobi bi bilo lahko celo 40 stopinj. Kolesarje tako \u010daka peklenski dan, zaradi skrajnih razmer pa so prireditelji spro\u017eili vremenski protokol in etapo skraj\u0161ali s prvotnih 190 kilometrov na 110.<\/p>\n<p>Dobrodo\u0161li, ljubiteljice in ljubitelji kolesarstva!<\/p>\n<p>Za Andaluzijo je za jutri napovedana izredna toplotna obremenitev, na startu 15. etape v Palmi del Riu pri\u010dakujejo prek 40 stopinj Celzija, na cilju v Cordobi le kak\u0161no stopinjo manj, zato so se prireditelji Dirke po \u0160paniji odlo\u010dili spro\u017eiti protokol za skrajno vreme.<\/p>\n<p>Etapo so s 190 kilometrov skraj\u0161ali na 52 kilometrov, namesto ob 12.30, se bo za\u010dela ob 14.50 z zaprto vo\u017enjo in okoli 15. ure z uradnim startom. S prvotne trase bodo kolesarji zavili na 52. kilometru etape.<\/p>\n<p>&#8220;Odlo\u010ditev je bila sprejeta po aktivaciji protokola za ekstremne temperature in po sestanku med predstavniki sodni\u0161kega odbora, ekip, kolesarjev in vodstva Vuelte,&#8221; so sporo\u010dili prireditelji \u0161panske pentlje.<\/p>\n<p>Razgibana zadnja etapa drugega tedna dirke bo imela namesto treh vzponov tretje kategorije le dva, Puerto de la Forestal (7,5 km\/4,5 %) in Puerto Artafi (5,9 km\/5,4 %). Cilj bo nato po spustu na ravnini, zato ne gre pri\u010dakovati spopadov med najve\u010djimi favoriti za skupno zmago.<\/p>\n<p>V ospredju bodo br\u017e\u010das spet kolesarji, kot so Wout van Aert, Matthew Brennan, Kevin Vermaerke, Magnus Cort, Andreas Kron, Stefan Kung \u2026<\/p>\n<p><script async src=\"https:\/\/platform.twitter.com\/widgets.js\" charset=\"utf-8\"><\/script><\/p>\n","protected":false},"excerpt":{"rendered":"Favoriti za skupno zmago danes niso bili v ospredju, v glavnini so var\u010devali mo\u010di za zadnji teden dirke.&hellip;\n","protected":false},"author":2,"featured_media":217836,"comment_status":"","ping_status":"","sticky":false,"template":"","format":"standard","meta":{"footnotes":"","_share_on_mastodon":"0"},"categories":[20],"tags":[24180,6232,7069,32,4592,5746,35,31,34,36,4557,18542,37,38,33,24726],"class_list":["post-217835","post","type-post","status-publish","format-standard","has-post-thumbnail","category-novice","tag-dirka-po-spaniji","tag-domen-novak","tag-gal-glivar","tag-headlines","tag-jakob-omrzel","tag-matevz-govekar","tag-najpomembnejse-novice","tag-news","tag-novice","tag-osrednje-novice","tag-primoz-roglic","tag-roman-jermakov","tag-slovene","tag-slovenscina","tag-top-stories","tag-vuelta"],"share_on_mastodon":{"url":"https:\/\/pubeurope.com\/@si\/117225153146998540","error":""},"_links":{"self":[{"href":"https:\/\/www.europesays.com\/si\/wp-json\/wp\/v2\/posts\/217835","targetHints":{"allow":["GET"]}}],"collection":[{"href":"https:\/\/www.europesays.com\/si\/wp-json\/wp\/v2\/posts"}],"about":[{"href":"https:\/\/www.europesays.com\/si\/wp-json\/wp\/v2\/types\/post"}],"author":[{"embeddable":true,"href":"https:\/\/www.europesays.com\/si\/wp-json\/wp\/v2\/users\/2"}],"replies":[{"embeddable":true,"href":"https:\/\/www.europesays.com\/si\/wp-json\/wp\/v2\/comments?post=217835"}],"version-history":[{"count":0,"href":"https:\/\/www.europesays.com\/si\/wp-json\/wp\/v2\/posts\/217835\/revisions"}],"wp:featuredmedia":[{"embeddable":true,"href":"https:\/\/www.europesays.com\/si\/wp-json\/wp\/v2\/media\/217836"}],"wp:attachment":[{"href":"https:\/\/www.europesays.com\/si\/wp-json\/wp\/v2\/media?parent=217835"}],"wp:term":[{"taxonomy":"category","embeddable":true,"href":"https:\/\/www.europesays.com\/si\/wp-json\/wp\/v2\/categories?post=217835"},{"taxonomy":"post_tag","embeddable":true,"href":"https:\/\/www.europesays.com\/si\/wp-json\/wp\/v2\/tags?post=217835"}],"curies":[{"name":"wp","href":"https:\/\/api.w.org\/{rel}","templated":true}]}}