{"id":217869,"date":"2026-09-06T17:50:12","date_gmt":"2026-09-06T17:50:12","guid":{"rendered":"https:\/\/www.europesays.com\/si\/217869\/"},"modified":"2026-09-06T17:50:12","modified_gmt":"2026-09-06T17:50:12","slug":"sest-tednov-se-je-borila-za-zivljenje-triletnica-umrla-po-obisku-kmetije","status":"publish","type":"post","link":"https:\/\/www.europesays.com\/si\/217869\/","title":{"rendered":"\u0160est tednov se je borila za \u017eivljenje: Triletnica umrla po obisku kmetije"},"content":{"rendered":"<p>    <img decoding=\"async\" data-lb-desktop=\"\/media\/2026\/09\/06\/860963\/Orig-1302900-1200.webp\" data-lb-mobile=\"\/media\/2026\/09\/06\/860963\/Orig-1302900-600.webp\" class=\"main-gallery-image se_image_lb\" src=\"https:\/\/www.europesays.com\/si\/wp-content\/uploads\/2026\/09\/Wide-1302900-1000.webp\" alt=\"\ufeff- 10.07.2019 \u2013 dru\u017eina Lavri\u010d, izobra\u017eevalna kmetija miru V pravljici, \u0160kofljica - doma\u010de \u017eivali - koza, konj, osel \/\/FOTO: Jaka Gasar\"\/><\/p>\n<p>Triletna deklica je julija obiskala otro\u0161ko kmetijo Rain, Hayne and Shine v kraju Balnarring v avstralski zvezni dr\u017eavi Viktorija. Pozneje se je pri njej razvil hemoliti\u010dno-uremi\u010dni sindrom.\u00a0Fotografija je simboli\u010dna.\u00a0Foto: Jaka Gasar<\/p>\n<p>\u0160est tednov se je borila za \u017eivljenje: Triletnica umrla po obisku kmetije<\/p>\n<p>Avstralske oblasti preiskujejo smrt triletne deklice, ki je po obisku otro\u0161ke kmetije zbolela za hemoliti\u010dno-uremi\u010dnim sindromom. Podobno je po obisku iste kmetije hudo zbolel \u0161e en otrok, vendar neposredne povezave med primeroma in kmetijo \u0161e niso potrdili.<\/p>\n<p>                        06. 09. 2026, 14.25\n                    <\/p>\n<p> GS\n                    <\/p>\n<p>                        <a href=\"https:\/\/google.com\/preferences\/source?q=dnevnik.si\" class=\"se-author-gps-cta\" target=\"_blank\" rel=\"nofollow noopener\"><br \/>\n                            <img decoding=\"async\" class=\"se-author-gps-cta-badge\" src=\"https:\/\/www.europesays.com\/si\/wp-content\/uploads\/2026\/09\/1788717012_671_dnevnik_gps_badge.png\" alt=\"Google Preferred Sources CTA\"\/><br \/>\n                        <\/a><\/p>\n<p>Triletna deklica je julija obiskala otro\u0161ko kmetijo Rain, Hayne and Shine v kraju Balnarring v avstralski zvezni dr\u017eavi Viktorija. Pozneje se je pri njej razvil hemoliti\u010dno-uremi\u010dni sindrom (HUS), zaradi katerega je \u0161est tednov pre\u017eivela na oddelku za intenzivno nego. Dru\u017eina je pred dnevi sporo\u010dila, da je deklica umrla.<\/p>\n<p>Isto kmetijo je dva meseca prej s sinom Noahom obiskala tudi Brooke Snooks. Tudi pri de\u010dku se je razvil HUS, zaradi katerega so mu odpovedale ledvice. Noah je zdravljenje pre\u017eivel. Njegova mati je poudarila, da za sinovo bolezen ne krivi kmetije, vendar si \u017eeli, da bi bile dru\u017eine obve\u0161\u010dene o morebitnem tveganju. Po njenem mnenju bi morali star\u0161i poznati ime kraja, ki sta ga obiskala oba obolela otroka, in biti \u0161e posebej pozorni na morebitne simptome.<\/p>\n<p>Povezave s kmetijo \u0161e niso potrdili<\/p>\n<p>Zdravstvene oblasti v Viktoriji so na kmetiji opravile pregled in odredile ve\u010d sprememb, med drugim namestitev dodatnih mest za umivanje rok. Ker se lahko HUS razvije zaradi razli\u010dnih vzrokov, pristojni za zdaj ne morejo dokon\u010dno potrditi, da sta obolenji neposredno povezani z obiskom kmetije.<\/p>\n<p>Lastnik kmetije je dejal, da tak\u0161nega primera v ve\u010d desetletjih delovanja \u0161e niso imeli in da bodo storili vse, da se kaj podobnega ne bi ponovilo. Na\u00a0spletni strani kmetije\u00a0obiskovalce opozarjajo, da se lahko nekatere bolezni z \u017eivali na ljudi prenesejo ob stiku z njihovo ko\u017eo, dlako, slino, urinom ali drugimi izlo\u010dki. Kot naju\u010dinkovitej\u0161i preventivni ukrep izpostavljajo temeljito umivanje rok z milom in vodo.<\/p>\n<p>HUS je redko, vendar resno bolezensko stanje, ki po\u0161koduje drobne krvne \u017eile ter lahko povzro\u010di razgradnjo rde\u010dih krvni\u010dk, zmanj\u0161anje \u0161tevila krvnih plo\u0161\u010dic in akutno odpoved ledvic. Najpogostej\u0161a oblika se razvije kot zaplet oku\u017ebe z bakterijo E. coli, ki proizvaja toksin shiga, posebej ogro\u017eeni pa so majhni otroci. Bakterije se lahko prena\u0161ajo tudi po fekalno-oralni poti, na primer ob stiku z \u017eivalmi, njihovimi iztrebki ali onesna\u017eenimi povr\u0161inami. HUS torej ni oku\u017eba sama, temve\u010d mo\u017een hud zaplet predhodne bakterijske oku\u017ebe.\u00a0<\/p>\n<p>HUS ni oku\u017eba, temve\u010d hud zaplet, ki se najpogosteje razvije po oku\u017ebi z bakterijo E. coli, ki proizvaja toksin shiga. Bakterija se lahko z \u017eivali na \u010dloveka prenese ob stiku z \u017eivalmi, njihovimi iztrebki ali onesna\u017eenimi povr\u0161inami, \u010de si nato z neumitimi rokami se\u017eemo v usta. Oku\u017eimo se lahko tudi z onesna\u017eeno hrano ali vodo ter po fekalno-oralni poti ob stiku z oku\u017eenim \u010dlovekom. Najbolj\u0161a za\u0161\u010dita je temeljito umivanje rok z milom in vodo po stiku z \u017eivalmi ter pred jedjo.<\/p>\n","protected":false},"excerpt":{"rendered":"Triletna deklica je julija obiskala otro\u0161ko kmetijo Rain, Hayne and Shine v kraju Balnarring v avstralski zvezni dr\u017eavi&hellip;\n","protected":false},"author":2,"featured_media":217870,"comment_status":"","ping_status":"","sticky":false,"template":"","format":"standard","meta":{"footnotes":"","_share_on_mastodon":"0"},"categories":[20],"tags":[2622,53051,32,399,35,31,34,36,37,38,33,3794],"class_list":["post-217869","post","type-post","status-publish","format-standard","has-post-thumbnail","category-novice","tag-bolezen","tag-bozanje","tag-headlines","tag-kmetija","tag-najpomembnejse-novice","tag-news","tag-novice","tag-osrednje-novice","tag-slovene","tag-slovenscina","tag-top-stories","tag-zivali"],"share_on_mastodon":{"url":"https:\/\/pubeurope.com\/@si\/117225365863123225","error":""},"_links":{"self":[{"href":"https:\/\/www.europesays.com\/si\/wp-json\/wp\/v2\/posts\/217869","targetHints":{"allow":["GET"]}}],"collection":[{"href":"https:\/\/www.europesays.com\/si\/wp-json\/wp\/v2\/posts"}],"about":[{"href":"https:\/\/www.europesays.com\/si\/wp-json\/wp\/v2\/types\/post"}],"author":[{"embeddable":true,"href":"https:\/\/www.europesays.com\/si\/wp-json\/wp\/v2\/users\/2"}],"replies":[{"embeddable":true,"href":"https:\/\/www.europesays.com\/si\/wp-json\/wp\/v2\/comments?post=217869"}],"version-history":[{"count":0,"href":"https:\/\/www.europesays.com\/si\/wp-json\/wp\/v2\/posts\/217869\/revisions"}],"wp:featuredmedia":[{"embeddable":true,"href":"https:\/\/www.europesays.com\/si\/wp-json\/wp\/v2\/media\/217870"}],"wp:attachment":[{"href":"https:\/\/www.europesays.com\/si\/wp-json\/wp\/v2\/media?parent=217869"}],"wp:term":[{"taxonomy":"category","embeddable":true,"href":"https:\/\/www.europesays.com\/si\/wp-json\/wp\/v2\/categories?post=217869"},{"taxonomy":"post_tag","embeddable":true,"href":"https:\/\/www.europesays.com\/si\/wp-json\/wp\/v2\/tags?post=217869"}],"curies":[{"name":"wp","href":"https:\/\/api.w.org\/{rel}","templated":true}]}}