{"id":22623,"date":"2026-03-12T13:08:14","date_gmt":"2026-03-12T13:08:14","guid":{"rendered":"https:\/\/www.europesays.com\/si\/22623\/"},"modified":"2026-03-12T13:08:14","modified_gmt":"2026-03-12T13:08:14","slug":"carmen-ostro-nad-tekmovalca-ce-rad-zres-ostani-doma-in-se-ne-prijavljaj","status":"publish","type":"post","link":"https:\/\/www.europesays.com\/si\/22623\/","title":{"rendered":"Carmen ostro nad tekmovalca: \u00bb\u010ce rad \u017ere\u0161, ostani doma in se ne prijavljaj!\u00ab"},"content":{"rendered":"<p>V \u0161ovu Kmetija je mo\u010dno po\u010dilo zaradi hrane. Carmen ima dovolj, povedala je svoje.<\/p>\n<p>V \u0161ovu <a href=\"https:\/\/top24novice.si\/?s=kmetija\" target=\"_blank\" rel=\"noopener nofollow\">Kmetija<\/a> je najve\u010d nesoglasij prav zaradi hrane. Tokratni izkupi\u010dek na tr\u017enici je bil za dru\u017eino iz hi\u0161e bolj klavrn.<\/p>\n<p><img fetchpriority=\"high\" decoding=\"async\" class=\"wp-image-31067 size-full\" title=\"Kmetija\" src=\"https:\/\/www.europesays.com\/si\/wp-content\/uploads\/2026\/03\/carmen-kmetija.jpg\" alt=\"Carmen, tekmovalka, Kmetija, \" width=\"2200\" height=\"1236\"  \/>Carmen Osovnikar (foto: Voyo\/posnetek zaslona)<\/p>\n<p>\u017diga Florjan Sedev\u010di\u010d je hitro ugotovil, da bo potrebno premi\u0161ljeno uporabljati \u017eivila, ki jih imajo na razpolago. \u00bbMi se moramo odlo\u010diti, kaj bomo jedli za zajtrk. Pa \u010detudi bomo tri dni jedli iste zajtrke. Boli me ku***!\u00ab<\/p>\n<p>\u00bbPa \u010de nimamo drugega,\u00ab je dodal \u0161e Franc, \u017diga se je z njim strinjal. \u017diga pa, da mu je popolnoma vseeno, \u010de nekdo ne bo mogel jesti ene in iste stvari. Pa pa\u010d ne bo jedel. \u00bbPrioriteta je imeti dober obrok, kalori\u010den obrok, da lahko delamo, garamo,\u00ab je produkciji dejal \u017diga.<\/p>\n<p>Dejan je bil jezen zaradi delitve obrokov<\/p>\n<p>Tudi Dejan je imel pripombe glede hrane. Motila ga je velikost obrokov. \u017diga je namre\u010d dejal, da bodo koli\u010dinsko vsi dobili enako. To je Dejana zmotilo, saj nekdo, ki ima pol manj kilogramov kot on, ne potrebuje toliko hrane.<\/p>\n<p>\u00bbTisti, ki koli\u010dinsko ne pojeste toliko, boste lahko dajali na stran,\u00ab je dejan dejal Ur\u0161ki. Produkciji pa, da nekdo, ki ima 50 kilogramov, ne more jesti enako, kot on, ki ima sto kilogramov.<\/p>\n<p>Carmen je prekipelo<\/p>\n<p>Carmen pa je dejala, da je v hi\u0161i nori\u0161nica. \u017diga je enkrat maser, drugi\u010d \u017eupnik, tretji\u010d kuhar. \u00bbRes \u010dlovek pri njemu ne ve, pri \u010dem je,\u00ab je dejala produkciji. Nato pa se je ujezila. Produkciji je potarnala \u010dez dejana. \u00bbTo je vedno Dejan problem. Non stop hodi v hladilnik, hodi v predale, krade hrano,\u00ab je na\u0161tela. Nato pa: \u00bb\u010ce rad \u017ere\u0161, ostani doma in se ne prijavljaj na kmetijo! Mislim, popolnoma logi\u010dna stvar.\u00ab<\/p>\n","protected":false},"excerpt":{"rendered":"V \u0161ovu Kmetija je mo\u010dno po\u010dilo zaradi hrane. Carmen ima dovolj, povedala je svoje. V \u0161ovu Kmetija je&hellip;\n","protected":false},"author":2,"featured_media":22624,"comment_status":"","ping_status":"","sticky":false,"template":"","format":"standard","meta":{"footnotes":"","_share_on_mastodon":"0"},"categories":[18],"tags":[1704,2997,114,399,62,37,58,60,38,115],"class_list":["post-22623","post","type-post","status-publish","format-standard","has-post-thumbnail","category-zabava","tag-carmen-osovnikar","tag-dejan-guzej","tag-entertainment","tag-kmetija","tag-si","tag-slovene","tag-slovenia","tag-slovenija","tag-slovenscina","tag-zabava"],"share_on_mastodon":{"url":"https:\/\/pubeurope.com\/@si\/116216365316556541","error":""},"_links":{"self":[{"href":"https:\/\/www.europesays.com\/si\/wp-json\/wp\/v2\/posts\/22623","targetHints":{"allow":["GET"]}}],"collection":[{"href":"https:\/\/www.europesays.com\/si\/wp-json\/wp\/v2\/posts"}],"about":[{"href":"https:\/\/www.europesays.com\/si\/wp-json\/wp\/v2\/types\/post"}],"author":[{"embeddable":true,"href":"https:\/\/www.europesays.com\/si\/wp-json\/wp\/v2\/users\/2"}],"replies":[{"embeddable":true,"href":"https:\/\/www.europesays.com\/si\/wp-json\/wp\/v2\/comments?post=22623"}],"version-history":[{"count":0,"href":"https:\/\/www.europesays.com\/si\/wp-json\/wp\/v2\/posts\/22623\/revisions"}],"wp:featuredmedia":[{"embeddable":true,"href":"https:\/\/www.europesays.com\/si\/wp-json\/wp\/v2\/media\/22624"}],"wp:attachment":[{"href":"https:\/\/www.europesays.com\/si\/wp-json\/wp\/v2\/media?parent=22623"}],"wp:term":[{"taxonomy":"category","embeddable":true,"href":"https:\/\/www.europesays.com\/si\/wp-json\/wp\/v2\/categories?post=22623"},{"taxonomy":"post_tag","embeddable":true,"href":"https:\/\/www.europesays.com\/si\/wp-json\/wp\/v2\/tags?post=22623"}],"curies":[{"name":"wp","href":"https:\/\/api.w.org\/{rel}","templated":true}]}}