{"id":23185,"date":"2026-03-12T22:36:07","date_gmt":"2026-03-12T22:36:07","guid":{"rendered":"https:\/\/www.europesays.com\/si\/23185\/"},"modified":"2026-03-12T22:36:07","modified_gmt":"2026-03-12T22:36:07","slug":"kmetija-carmen-osovnikar-je-v-strahu-sotekmovalca-je-obtozila-resne-zadeve","status":"publish","type":"post","link":"https:\/\/www.europesays.com\/si\/23185\/","title":{"rendered":"Kmetija: Carmen Osovnikar je v strahu, sotekmovalca je obto\u017eila resne zadeve"},"content":{"rendered":"<p>        V resni\u010dnostnem \u0161ovu Kmetija je spet zelo napeto. Tokrat je za veliko presene\u010denje poskrbela tekmovalka Carmen Osovnikar, ki je sotekmovalca obto\u017eila, da jo je uro\u010dil in da nad njo po\u0161ilja hudi\u010da.<\/p>\n<p>Carmen, ki smo jo gledalci spoznali \u017ee v \u0161ovu Sanjski mo\u0161ki, na posestvu <a href=\"https:\/\/www.tocnoto.si\/carmen-osovnikar-sanjski-moski-je-pristala-v-bolnisnici\/\" rel=\"nofollow noopener\" target=\"_blank\">kljub zdravstvenim te\u017eavam<\/a>, ki jih je imela v preteklosti, pomaga po svojih najbolj\u0161ih mo\u010deh. Te\u017ejih fizi\u010dnih del sicer ne zmore, kar je pri nekaterih sotekmovalcih povzro\u010dilo precej nejevolje.<\/p>\n<p>Prijateljstvo z Ur\u0161ko, spor z \u017digo<\/p>\n<p>\u010ceprav na posestvu nima veliko zaveznikov, ji je uspelo spletii iskreno <a href=\"https:\/\/www.tocnoto.si\/po-koncu-sova-kmetija-se-je-zivljenje-spremenilo-tudi-za-ti-dve-tekmovalki-ki-sta-nasli\/\" rel=\"nofollow noopener\" target=\"_blank\">prijateljstvo z Ur\u0161ko<\/a>. Dekleti sta se zelo zbli\u017eali, celo tako zelo, da \u017ee na\u010drtujeta skupno potovanje . Po drugi strani pa je odnos med Carmen in sotekmovalcem \u017digo vse prej kot prijateljski. Napetosti med njima so o\u010ditno dosegle vrhunec.<\/p>\n<p>\u201cNapad se je \u017ee za\u010del\u201d<\/p>\n<p>Carmen je v oddaji zaskrbljeno povedala, da ima ob\u010dutek, da jo je \u017diga uro\u010dil. Po no\u010di, ki jo je pre\u017eivela v kaj\u017ei, je celo dejala, da se je napad \u017ee za\u010del in da na njo po\u0161ilja hudi\u010da (napadale so jo namre\u010d \u017eu\u017eelke, spala je zunaj). Ko je svoje skrbi izrazila tudi v areni pred voditeljico Natalijo, so nekateri sotekmovalci njene besede sprejeli z nejevero in se jim celo posmehovali.<\/p>\n<p>\u017diga je ob tem odlo\u010dno zanikal njene obto\u017ebe in dejal, da on ne \u010dasti hudi\u010da, temve\u010d da ga \u2013 kot je povedal sam \u2013 celo odganja.<\/p>\n<p><img fetchpriority=\"high\" decoding=\"async\" class=\"size-full wp-image-449986\" src=\"https:\/\/www.europesays.com\/si\/wp-content\/uploads\/2026\/03\/Carmen-razlaga-o-Zigi.jpg\" alt=\"Carmen razlaga o \u017digi\" width=\"1900\" height=\"1163\"  \/>Carmen razlaga o \u017digi. Vir: Voyo.si<br \/>\nJe \u0161lo predale\u010d?<\/p>\n<p>Dogajanje je med gledalci \u017ee spro\u017eilo \u0161tevilne odzive. Nekateri menijo, da je Carmen le pod velikim stresom zaradi razmer v \u0161ovu, drugi pa pravijo, da je tudi \u017diga v preteklosti \u017ee <a href=\"https:\/\/www.tocnoto.si\/ima-ziga-florjan-sedevcic-kmetija-kaksno-tezjo-dusevno-motnjo\/\" rel=\"nofollow noopener\" target=\"_blank\">pokazal precej nenavadno vedenje<\/a>. Ali je bila Carmenina skrb res upravi\u010dena ali pa je \u0161lo zgolj za napetost in nesporazum, bodo gledalci verjetno izvedeli v naslednjih epizodah, saj je Carmen, zaradi zmage dru\u017eine v hi\u0161i, ostala \u0161e en teden na Kmetiji in se izognila dvoboju.<\/p>\n<p><a href=\"https:\/\/www.tocnoto.si\/igor-mikic-kmetija-je-sedaj-javnosti-brez-zadrzkov-pokazal-svoje-realno-stanje\/\" rel=\"nofollow noopener\" target=\"_blank\">Igor Miki\u0107 (Kmetija) je sedaj javnosti brez zadr\u017ekov pokazal svoje realno stanje<\/a><\/p>\n<p><a href=\"https:\/\/www.tocnoto.si\/jano-morelj-moz-ujel-skupaj-z-njunim-prijateljem\/\" rel=\"nofollow noopener\" target=\"_blank\">Jano Morelj mo\u017e ujel skupaj z njunim prijateljem<\/a><\/p>\n<p><a href=\"https:\/\/www.tocnoto.si\/na-kmetiji-pocilo-izbrali-so-druga-dva-dvobojevalca-prislo-je-do-hudih-zamer-in-celo-solz\/\" rel=\"nofollow noopener\" target=\"_blank\">Na Kmetiji po\u010dilo: Izbrali so druga dva dvobojevalca, pri\u0161lo je do hudih zamer in celo solz<\/a><\/p>\n","protected":false},"excerpt":{"rendered":"V resni\u010dnostnem \u0161ovu Kmetija je spet zelo napeto. Tokrat je za veliko presene\u010denje poskrbela tekmovalka Carmen Osovnikar, ki&hellip;\n","protected":false},"author":2,"featured_media":23186,"comment_status":"","ping_status":"","sticky":false,"template":"","format":"standard","meta":{"footnotes":"","_share_on_mastodon":"0"},"categories":[18],"tags":[1704,114,62,37,58,60,38,115,4458],"class_list":["post-23185","post","type-post","status-publish","format-standard","has-post-thumbnail","category-zabava","tag-carmen-osovnikar","tag-entertainment","tag-si","tag-slovene","tag-slovenia","tag-slovenija","tag-slovenscina","tag-zabava","tag-ziga-florjan-sedevcic"],"share_on_mastodon":{"url":"https:\/\/pubeurope.com\/@si\/116218598961494405","error":""},"_links":{"self":[{"href":"https:\/\/www.europesays.com\/si\/wp-json\/wp\/v2\/posts\/23185","targetHints":{"allow":["GET"]}}],"collection":[{"href":"https:\/\/www.europesays.com\/si\/wp-json\/wp\/v2\/posts"}],"about":[{"href":"https:\/\/www.europesays.com\/si\/wp-json\/wp\/v2\/types\/post"}],"author":[{"embeddable":true,"href":"https:\/\/www.europesays.com\/si\/wp-json\/wp\/v2\/users\/2"}],"replies":[{"embeddable":true,"href":"https:\/\/www.europesays.com\/si\/wp-json\/wp\/v2\/comments?post=23185"}],"version-history":[{"count":0,"href":"https:\/\/www.europesays.com\/si\/wp-json\/wp\/v2\/posts\/23185\/revisions"}],"wp:featuredmedia":[{"embeddable":true,"href":"https:\/\/www.europesays.com\/si\/wp-json\/wp\/v2\/media\/23186"}],"wp:attachment":[{"href":"https:\/\/www.europesays.com\/si\/wp-json\/wp\/v2\/media?parent=23185"}],"wp:term":[{"taxonomy":"category","embeddable":true,"href":"https:\/\/www.europesays.com\/si\/wp-json\/wp\/v2\/categories?post=23185"},{"taxonomy":"post_tag","embeddable":true,"href":"https:\/\/www.europesays.com\/si\/wp-json\/wp\/v2\/tags?post=23185"}],"curies":[{"name":"wp","href":"https:\/\/api.w.org\/{rel}","templated":true}]}}