{"id":23815,"date":"2026-03-13T12:45:08","date_gmt":"2026-03-13T12:45:08","guid":{"rendered":"https:\/\/www.europesays.com\/si\/23815\/"},"modified":"2026-03-13T12:45:08","modified_gmt":"2026-03-13T12:45:08","slug":"morrisseyja-nocno-tehnopetje-spravilo-v-katatonicno-stanje-zato-je-odpovedal-koncert","status":"publish","type":"post","link":"https:\/\/www.europesays.com\/si\/23815\/","title":{"rendered":"Morrisseyja no\u010dno &#8220;tehnopetje&#8221; spravilo v &#8220;katatoni\u010dno stanje&#8221;, zato je odpovedal koncert"},"content":{"rendered":"<p>\t\t\t\t\t\t\t\t<a href=\"https:\/\/www.europesays.com\/si\/wp-content\/uploads\/2026\/03\/67026439.jpg\" itemprop=\"contentUrl\" data-size=\"1200x800\" data-large=\"https:\/\/www.europesays.com\/si\/wp-content\/uploads\/2026\/03\/67026439.jpg\"><br \/>\n\t\t\t\t\t\t\t\t\t<img decoding=\"async\" src=\"https:\/\/www.europesays.com\/si\/wp-content\/uploads\/2026\/03\/67026439.jpg\" title=\"Morrissey. (Fotografija je arhivska.) Foto: AP\" alt=\"Morrissey. (Fotografija je arhivska.) Foto: AP\"\/><br \/>\n\t\t\t\t\t\t\t\t<\/a><\/p>\n<p>\t\t\t\t\t\t\t\t\tMorrissey. (Fotografija je arhivska.) Foto: AP<\/p>\n<p>V Valencii sredi marca v \u010dast mestnemu zavetniku sv. Jo\u017eefu, ki goduje 19. marca, vsako leto poteka petdnevni festival Las Fallas, ki je zaradi svoje edinstvenosti uvr\u0161\u010den tudi na Unescov seznam nesnovne kulturne dedi\u0161\u010dine. V okviru festivala po mestu vzniknejo iz razli\u010dnih materialov izdelani kipi, ki predstavljajo satiri\u010dni pogled na aktualno dru\u017ebenopoliti\u010dno stanje. Ob koncu festivala kipe, obi\u010dajno izdelane iz papirja, kartona, lesa, blaga ali (v zadnjem \u010dasu) stiropora, za\u017egejo. <\/p>\n<p>Za festival so zna\u010dilni tudi \u0161tevilni ognjemeti, zato te dni po mestu odmeva od pokov raket in druge pirotehnike, poleg tega pa na ulicah potekajo \u0161tevilne prireditve, ki privabljajo ne le doma\u010dine, ampak tudi turiste. <\/p>\n<p>Vse skupaj je o\u010ditno tako zelo vznemirilo angle\u0161kega glasbenika, da je koncert, napovedan za v\u010deraj zve\u010der (\u010detrtek), preprosto odpovedal s pojasnilom, da se zaradi groznega hrupa \u2013 zanimivo, tik pred <a href=\"https:\/\/www.rtvslo.si\/zdravje\/nijz-spanje-je-poleg-zdrave-prehrane-in-telesne-aktivnosti-steber-clovekovega-zdravja\/776228\" target=\"_blank\" rel=\"noopener nofollow\" data-mce-href=\"https:\/\/www.rtvslo.si\/zdravje\/nijz-spanje-je-poleg-zdrave-prehrane-in-telesne-aktivnosti-steber-clovekovega-zdravja\/776228\" data-mce->svetovnim dnem spanja<\/a> \u2013 ni mogel naspati. <\/p>\n<p>Zaradi hrupa se je &#8220;zna\u0161el v katatoni\u010dnem stanju&#8221;, zato je nastop neizvedljiv<\/p>\n<p>&#8220;Po dveh dneh na cesti je Morrissey v hotel v Valencii prispel v sredo pozno zve\u010der. Kakr\u0161na koli oblika po\u010ditka ali spanja je bila nemogo\u010da zaradi hrupa s festivala, glasnega tehnopetja in oznanil prek megafonov,&#8221; so v pev\u010devem imenu zapisali njegovi predstavniki na spletni strani. <\/p>\n<p>Ob tem so zatrdili, da je bila izku\u0161nja tako grozna, da se je &#8220;zna\u0161el v katatoni\u010dnem stanju&#8221;, zato je nastop neizvedljiv. Glasbenikovi predstavniki so zagotovili \u0161e, da koncert ni odpovedan, ampak &#8220;da so okoli\u0161\u010dine take, da nastop ni mogo\u010d&#8221;. <\/p>\n<p>Pozneje si je Morrissey o\u010ditno toliko opomogel, da se je z zapisom oglasil \u0161e sam in hotel, v katerem je preno\u010deval, ozna\u010dil kot &#8220;neopisljiv pekel&#8221;. &#8220;Potreboval bom eno leto, da si bom opomogel. In to je milo re\u010deno,&#8221; je \u0161e zapisal, objavi prilo\u017eil tudi posnetek hrupa, ob katerem je moral trpeti vso dolgo no\u010d. <\/p>\n<p>Kot poro\u010da Guardian, so bile najcenej\u0161e vstopnice za koncert v Valencii na voljo za 103 evre. Ali bo Morrissey nastopil na naslednjih dveh napovedanih koncertih v \u0160paniji, v Zaragozi (14.) in Sevilli (16. marca), \u0161e ni znano. <\/p>\n<p>Ni prvi\u010d, da je koncert odpovedal z nenavadno obrazlo\u017eitvijo<\/p>\n<p>66-letni glasbenik je sicer znan po tem, da nastope odpove zadnji trenutek zaradi kak\u0161ne svoje kaprice. Leta 2004, ko bi moral prav tako nastopiti blizu Valencie, je nastop zadnji trenutek odpovedal &#8220;zaradi tehni\u010dnih te\u017eav z zasebnim letalom&#8221;. Leta 2014 se je zna\u0161el na naslovnicah, ker je koncert v Var\u0161avi po 20 minutah prekinil in odkorakal z odra, ker je eden izmed gledalcev zakri\u010dal nekaj &#8220;izjemno \u017ealjivega&#8221;.<\/p>\n<p>Leto pozneje pa je odklonil sodelovanje na festivalu v islandski prestolnici, ker se organizatorji niso strinjali z njegovo zahtevo, da se na dogodku ne smejo stre\u010di mesne jedi. Je namre\u010d zagrizen vegan, ki podobne zahteve pogosto vklju\u010di v pogodbe o sodelovanju. Leta 2009 je odkorakal z odra na festivalu Coachella s pojasnilom, da mu je &#8220;slabo od vonja po za\u017eganih \u017eivalih&#8221;. <\/p>\n<p>Letos Morrissey v okviru koncertne turneje po Evropi in obeh Amerikah predstavlja novi album Make-Up Is a Lie, pri \u010demer je odpovedal \u017ee pet od na\u010drtovanih 21 koncertov. <\/p>\n<p>Kljub temu da vstopnice za njegove koncerte niso poceni in da vedno obstaja (precej\u0161nja) verjetnost, da bo dogodek na koncu zaradi kak\u0161ne glasbenikove muhe odpovedan, ima po svetu \u0161tevilne predane obo\u017eevalce. <\/p>\n<p>Oglas<\/p>\n","protected":false},"excerpt":{"rendered":"Morrissey. (Fotografija je arhivska.) Foto: AP V Valencii sredi marca v \u010dast mestnemu zavetniku sv. Jo\u017eefu, ki goduje&hellip;\n","protected":false},"author":2,"featured_media":23816,"comment_status":"","ping_status":"","sticky":false,"template":"","format":"standard","meta":{"footnotes":"","_share_on_mastodon":"0"},"categories":[18],"tags":[114,10001,10002,10003,10000,9249,62,37,58,60,38,115],"class_list":["post-23815","post","type-post","status-publish","format-standard","has-post-thumbnail","category-zabava","tag-entertainment","tag-katatonicno-stanje","tag-las-fallas","tag-morrissey","tag-neopisljiv-pekel","tag-odpoved-koncerta","tag-si","tag-slovene","tag-slovenia","tag-slovenija","tag-slovenscina","tag-zabava"],"share_on_mastodon":{"url":"https:\/\/pubeurope.com\/@si\/116221937213548389","error":""},"_links":{"self":[{"href":"https:\/\/www.europesays.com\/si\/wp-json\/wp\/v2\/posts\/23815","targetHints":{"allow":["GET"]}}],"collection":[{"href":"https:\/\/www.europesays.com\/si\/wp-json\/wp\/v2\/posts"}],"about":[{"href":"https:\/\/www.europesays.com\/si\/wp-json\/wp\/v2\/types\/post"}],"author":[{"embeddable":true,"href":"https:\/\/www.europesays.com\/si\/wp-json\/wp\/v2\/users\/2"}],"replies":[{"embeddable":true,"href":"https:\/\/www.europesays.com\/si\/wp-json\/wp\/v2\/comments?post=23815"}],"version-history":[{"count":0,"href":"https:\/\/www.europesays.com\/si\/wp-json\/wp\/v2\/posts\/23815\/revisions"}],"wp:featuredmedia":[{"embeddable":true,"href":"https:\/\/www.europesays.com\/si\/wp-json\/wp\/v2\/media\/23816"}],"wp:attachment":[{"href":"https:\/\/www.europesays.com\/si\/wp-json\/wp\/v2\/media?parent=23815"}],"wp:term":[{"taxonomy":"category","embeddable":true,"href":"https:\/\/www.europesays.com\/si\/wp-json\/wp\/v2\/categories?post=23815"},{"taxonomy":"post_tag","embeddable":true,"href":"https:\/\/www.europesays.com\/si\/wp-json\/wp\/v2\/tags?post=23815"}],"curies":[{"name":"wp","href":"https:\/\/api.w.org\/{rel}","templated":true}]}}