{"id":24716,"date":"2026-03-14T09:30:11","date_gmt":"2026-03-14T09:30:11","guid":{"rendered":"https:\/\/www.europesays.com\/si\/24716\/"},"modified":"2026-03-14T09:30:11","modified_gmt":"2026-03-14T09:30:11","slug":"pretres-ogorceni-gledalci-zaradi-tega-posnetka-jezno-nad-carmen-osovnikar","status":"publish","type":"post","link":"https:\/\/www.europesays.com\/si\/24716\/","title":{"rendered":"Pretres: Ogor\u010deni gledalci zaradi tega posnetka jezno nad Carmen Osovnikar"},"content":{"rendered":"<p>Zaradi posnetka na katerem je Carmen Osovnikar, ki tekmuje v \u0161ovu Kmetija, so se mno\u017ei\u010dno oglasili gledalci. Toda zdi se, da jim nekaj ni povsem jasno.<\/p>\n<p>V leto\u0161nji sezoni \u0161ova <a href=\"https:\/\/top24novice.si\/?s=kmetija\" target=\"_blank\" rel=\"noopener nofollow\">Kmetija<\/a> je bilo za mnoge gledalce veliko presene\u010denje, ko so izvedeli, da bo sodelovala tudi Carmen Osovnikar.<\/p>\n<p><img fetchpriority=\"high\" decoding=\"async\" class=\"wp-image-29694 size-full\" title=\"Kmetija\" src=\"https:\/\/www.europesays.com\/si\/wp-content\/uploads\/2026\/03\/carmen-kmetija5.jpg\" alt=\"Carmen, Kmetija,\" width=\"2200\" height=\"1238\"  \/>Carmen je u\u017ealjena. (foto: Voyo\/posnetek zaslona)<\/p>\n<p>Carmen je oseba, ki jo tisti, ki jo spremljajo na dru\u017ebenih omre\u017ejih, nikakor ne bi ena\u010dili s \u0161ovom kot je Kmetija. Carmen je namre\u010d rada urejena, rada ima lepe stvari, red, \u010disto\u010do. Zato Carmen v \u0161ovu do\u017eivlja tudi trenutke, ki so zanjo zelo stresni.<\/p>\n<p>Bila je v kaj\u017ei<\/p>\n<p>Carmen je postala druga dvobojevalka. Ob tem pa jo je motil na\u010din, kako jo je Gregor izbral. Ni ji povedal, ni se z njo pogovoril. Ko mu je \u017eelela to tudi pojasniti, se je v njun pogovor vtaknil \u0161e \u017diga. Carmen mu je rekla, da se povsod me\u0161a, \u017diga pa: \u00bbJa, saj sem vegeta.\u00ab<\/p>\n<p>O teh dogodkih je Carmen spregovorila pred produkcijo. \u00bb\u010ce se slu\u010dajno vrnem iz kaj\u017ee, moj odnos v hi\u0161i zagotovo ne bo ve\u010d enak. Niti pribli\u017eno do \u017dige. Z \u017digo sem jaz kon\u010dala na polni \u010drti. S tem prevarantom. Z Gregorjem pa tudi ne. Ker to, kar je danes naredil, mi pove vse o \u010dloveku in sva midva zaklju\u010dila.\u00ab<\/p>\n<p>So gledalci res tako nevedni?<\/p>\n<p>Pod posnetkom pa so se na dru\u017ebenih omre\u017ejih pojavili \u0161tevilni komentarji. Nekateri so bili zelo \u017ealjivi, nesramni. Spet drugi pa so odsevali popolno nevednost.<\/p>\n<p>Opazili smo namre\u010d, da pri nekaterih gledalcih pe\u0161a znanje pri zelo osnovni stvari, kot je botoks. Med komentarji so bili namre\u010d tudi tak\u0161ni, ki so zapisali, da Carmen v ustnicah popu\u0161\u010da botoks.<\/p>\n<p>\u010ce bi Carmen imela v ustnicah botoks, ustnic ne bi mogla premikati. Botoks je namre\u010d\u00a0o\u010di\u0161\u010dena beljakovina, ki za\u010dasno sprosti obrazne mi\u0161ice, s \u010dimer zgladi gube in prepre\u010di nastanek novih. Deluje z blokiranjem \u017eiv\u010dnih signalov, u\u010dinek pa traja nekaj mesecev. Uporablja se v estetski medicini za pomlajevanje in v medicini za zdravljenje prekomernega potenja ter migren.<\/p>\n<p>Po prebranem sode\u010d lahko sklepamo, da botoks niti ni tako napa\u010dna stvar. Morda v razmislek za vse tiste, ki pi\u0161ejo negativne komentarje. \u010ce si boste omislili botoks, boste bili videti mlaj\u0161i. Vemo namre\u010d, da se negativne misli izra\u017eajo tudi na zunanjosti.<\/p>\n<p>In \u0161e ena stvar je pogosta pri tistih, ki se prekomerno ukvarjajo z videzom drugih in so do njih celo zelo nesramni: to so glavoboli. Imeli jih boste manj, \u010de si boste omislili terapijo z botoksom.<\/p>\n","protected":false},"excerpt":{"rendered":"Zaradi posnetka na katerem je Carmen Osovnikar, ki tekmuje v \u0161ovu Kmetija, so se mno\u017ei\u010dno oglasili gledalci. Toda&hellip;\n","protected":false},"author":2,"featured_media":24717,"comment_status":"","ping_status":"","sticky":false,"template":"","format":"standard","meta":{"footnotes":"","_share_on_mastodon":"0"},"categories":[18],"tags":[10296,1704,114,399,62,37,58,60,38,115],"class_list":["post-24716","post","type-post","status-publish","format-standard","has-post-thumbnail","category-zabava","tag-botoks","tag-carmen-osovnikar","tag-entertainment","tag-kmetija","tag-si","tag-slovene","tag-slovenia","tag-slovenija","tag-slovenscina","tag-zabava"],"share_on_mastodon":{"url":"https:\/\/pubeurope.com\/@si\/116226832729699176","error":""},"_links":{"self":[{"href":"https:\/\/www.europesays.com\/si\/wp-json\/wp\/v2\/posts\/24716","targetHints":{"allow":["GET"]}}],"collection":[{"href":"https:\/\/www.europesays.com\/si\/wp-json\/wp\/v2\/posts"}],"about":[{"href":"https:\/\/www.europesays.com\/si\/wp-json\/wp\/v2\/types\/post"}],"author":[{"embeddable":true,"href":"https:\/\/www.europesays.com\/si\/wp-json\/wp\/v2\/users\/2"}],"replies":[{"embeddable":true,"href":"https:\/\/www.europesays.com\/si\/wp-json\/wp\/v2\/comments?post=24716"}],"version-history":[{"count":0,"href":"https:\/\/www.europesays.com\/si\/wp-json\/wp\/v2\/posts\/24716\/revisions"}],"wp:featuredmedia":[{"embeddable":true,"href":"https:\/\/www.europesays.com\/si\/wp-json\/wp\/v2\/media\/24717"}],"wp:attachment":[{"href":"https:\/\/www.europesays.com\/si\/wp-json\/wp\/v2\/media?parent=24716"}],"wp:term":[{"taxonomy":"category","embeddable":true,"href":"https:\/\/www.europesays.com\/si\/wp-json\/wp\/v2\/categories?post=24716"},{"taxonomy":"post_tag","embeddable":true,"href":"https:\/\/www.europesays.com\/si\/wp-json\/wp\/v2\/tags?post=24716"}],"curies":[{"name":"wp","href":"https:\/\/api.w.org\/{rel}","templated":true}]}}