{"id":25415,"date":"2026-03-15T02:26:08","date_gmt":"2026-03-15T02:26:08","guid":{"rendered":"https:\/\/www.europesays.com\/si\/25415\/"},"modified":"2026-03-15T02:26:08","modified_gmt":"2026-03-15T02:26:08","slug":"jani-pavec-ponosen-na-hcer-saro-kopitar-in-doncic-sta-si-ustvarila-izjemni-karieri-zakaj-ne-bi-uspelo-tudi-njej","status":"publish","type":"post","link":"https:\/\/www.europesays.com\/si\/25415\/","title":{"rendered":"Jani Pavec ponosen na h\u010der Saro: Kopitar in Don\u010di\u0107 sta si ustvarila izjemni karieri. Zakaj ne bi uspelo tudi njej?"},"content":{"rendered":"<p><img decoding=\"async\" alt=\"Poleg Sare ima Jani Pavec z \u017eeno Nino \u0161e \u0161estletno h\u010der Kajo. | Foto: Ana Kova\u010d\" class=\"article_content__inline_image js_imageLightbox is-clickable\" data-author=\"Ana Kova\u010d\" data-caption=\"Poleg Sare ima Jani Pavec z \u017eeno Nino \u0161e \u0161estletno h\u010der Kajo.\" data-height=\"2362\" data-href=\"https:\/\/siol.net\/media\/img\/44\/39\/a33edfc352794ae83b92-jani-in-sara-pavec.jpeg\" data-width=\"3543\" loading=\"lazy\" src=\"\/media\/img\/14\/3a\/fd21da023efc35b4473b-jani-in-sara-pavec.jpeg\" title=\"Jani in Sara Pavec\"\/><\/p>\n<p> Poleg Sare ima Jani Pavec z \u017eeno Nino \u0161e \u0161estletno h\u010der Kajo.<br \/>\n Foto: Ana Kova\u010d <\/p>\n<p>O 16-letni Sari Pavec, ki ustvarja pod imenom Sara Grace, bomo gotovo sli\u0161ali \u0161e veliko. Pred nekaj meseci je <a href=\"https:\/\/siol.net\/trendi\/zvezde-in-slavni\/nova-clanica-atomik-harmonik-sara-pavec-673627\" target=\"_blank\" rel=\"nofollow noopener\">postala polnopravna \u010dlanica in pevka<\/a> skupine Atomik Harmonik, katere glasba jo zaradi o\u010deta spremlja \u017ee od otro\u0161tva. A njene sanje segajo onkraj Atlantika,\u00a0kjer bi rada postala prava popzvezdnica.<\/p>\n<p>Najve\u010djo oporo na glasbeni poti ji zagotavlja o\u010de, ki dobro ve, kako je \u010dez no\u010d postati glasbeni fenomen. S skupinama Ritem planet in Atomik Harmonik je Jani Pavec ustvaril glasbeno zapu\u0161\u010dino, ki tudi po dveh desetletjih \u0161e vedno \u017eivi, njihove pesmi pa prepevajo tako mlade kot starej\u0161e generacije. Kot perfekcionist, ki ve, kako je do\u017eiveti slavo in prepoznavnost, Pavec pri ustvarjanju glasbe poudarja predvsem delavnost in natan\u010dnost\u00a0\u2013 lastnosti, ki ju \u017eeli prenesti tudi na svojo h\u010derko.<\/p>\n<p>Pred kratkim sta se vrnila iz Los Angelesa, kjer je Sara pripravljala izid svoje prve plo\u0161\u010de za tuje trge. Lahko o tem povesta kaj ve\u010d? Kak\u0161no glasbo ustvarjate?<\/p>\n<p>Sara Pavec: Ustvarjam popglasbo. V bistvu se celotna plo\u0161\u010da vrti okoli dekleta, ki se je raz\u0161lo s fantom. Veliko pesmi je tudi o prijateljstvu in kako je to dekletu pomagalo iti \u010dez razhod.<\/p>\n<p>Jani Pavec:\u00a0Album\u00a0pripravljamo \u017ee tri leta. Tega ne dajemo na veliki zvon, ampak po naklju\u010dju so se v medijih pojavile fotografije in vsi so me za\u010deli spra\u0161evati o tem. Iskreno, ni\u010d se \u0161e ni zgodilo. Ona si tega preprosto \u017eeli. Plo\u0161\u010do je ustvarila skupaj z ameri\u0161kimi producenti, vsa besedila pa so njena. Vse se je za\u010delo pred tremi leti, ko smo \u0161li na neko konvencijo, kjer so jo opazili. Z ekipo, ki smo jo najprej izbrali, smo se opekli, zdaj pa imamo novo in \u017ee posnet album z 11 komadi. Pred kratkim smo bili poslovno znova v Los Angelesu, kjer pripravljamo celotno zadevo. Sara gre tja vsake pol leta, jaz pa vsako leto. Posnetih je \u017ee nekaj videospotov, imamo tudi profesionalne fotografije. Skratka, vse je pripravljeno na izid albuma. Kdaj to\u010dno to bo, \u0161e ne vemo.<\/p>\n<p>Sara: Album bo gotovo izdan pred poletjem.<\/p>\n<p>Jani: Mislim, da album ni pomemben toliko, kot so pomembni posamezni singli. In da Sara postane prepoznavna. Je pa do tega, da se kaj zgodi, \u0161e zelo dolga pot. Konec koncev \u2013 Kopitar in Don\u010di\u0107 sta si ustvarila izjemni karieri. Zakaj ne bi uspelo tudi njej? Energije vlo\u017ei\u0161 povsem enako\u00a0ali si v Sloveniji ali pa v Los Angelesu. Zdaj pri\u010dakujemo, da bi se Sara \u010dim prej vpisala na faks. Ko bo tam \u017eivela, bo vse la\u017eje. To je zelo realno, stojimo na realnih tleh. Sicer je pa to izziv tudi zame, ker v Sloveniji poznam vse. Tam se zato mre\u017eimo, da spoznamo \u010dim ve\u010d ljudi. Na sre\u010do je v Los Angelesu tudi nekaj Slovencev, ki si med seboj pomagamo.<\/p>\n<p><img decoding=\"async\" alt=\"\" njegova=\"\" glasba=\"\" je=\"\" bila=\"\" vedno=\"\" prisotna=\"\" v=\"\" mojem=\"\" nam=\"\" o=\"\" glasbeni=\"\" zapu=\"\" povedala=\"\" sara=\"\" ki=\"\" kot=\"\" otrok=\"\" vseh=\"\" njegovih=\"\" koncertih=\"\" in=\"\" veselicah=\"\" foto:=\"\" ana=\"\" kova=\"\" class=\"article_content__inline_image js_imageLightbox is-clickable\" data-author=\"Ana Kova\u010d\" data-caption=\"&quot;Njegova glasba je bila vedno prisotna v mojem \u017eivljenju,&quot; nam je o o\u010detovi glasbeni zapu\u0161\u010dini povedala Sara, ki je bila kot otrok &quot;na vseh njegovih koncertih in veselicah&quot;.\" data-height=\"3509\" data-href=\"https:\/\/siol.net\/media\/img\/85\/d5\/8c37c843338dcec9a2f2-jani-in-sara-pavec.jpeg\" data-width=\"5264\" loading=\"lazy\" src=\"\/media\/img\/31\/36\/fcd14ed2899639293785-jani-in-sara-pavec.jpeg\" title=\"Jani in Sara Pavec\"\/><\/p>\n<p> &#8220;Njegova glasba je bila vedno prisotna v mojem \u017eivljenju,&#8221; nam je o o\u010detovi glasbeni zapu\u0161\u010dini povedala Sara, ki je bila kot otrok &#8220;na vseh njegovih koncertih in veselicah&#8221;.<br \/>\n Foto: Ana Kova\u010d <\/p>\n<p><a href=\"https:\/\/siol.net\/trendi\/zvezde-in-slavni\/hcerka-janija-pavca-grammyji-683369\" target=\"_blank\" rel=\"nofollow noopener\">Bili ste tudi na Grammyjih<\/a>. Kako se je to zgodilo?<\/p>\n<p>Sara: Povabil me je producent za nagrado po uspe\u0161nem sodelovanju. Rekel mi je, da ima \u0161e eno vstopnico in da bi bilo super, \u010de bi pri\u0161la, da bi spoznala ljudi in se mre\u017eila. Bilo je res vrhunsko.<\/p>\n<p>Jani: To je bilo noro. Grammyji so na \u010disto drugi ravni. \u017de meni, ko sem jih samo peljal tja, je bilo noro. Mi iz Evrope na to gledamo \u010disto druga\u010de. Ampak oni tako \u017eivijo. Los Angeles je narejen za \u0161ov industrijo. Za to \u017eivi celotno mesto in to se tudi opazi.<\/p>\n<p>Prej ste omenili uspeh Kopitarja in Don\u010di\u0107a. Mislite, da ima Sara kot pevka iz Slovenije mo\u017enost uspeha tudi na Grammyjih?<\/p>\n<p>Jani: Mislim, da ima mo\u017enost. Evropejci\u00a0smo jim namre\u010d zanimivi. Veliko glavnih zvezd je danes Evropejcev. Mislim, da nas vidijo kot &#8220;delav\u010dke&#8221;, ker imamo toliko raz\u0161irjenih znanj. Zdi se jim nemogo\u010de, da sem jaz pevec in \u0161e re\u017eiser hkrati. Zato mislim, da imamo Evropejci veliko mo\u017enosti. Sploh pa Slovenci, ker smo jim eksoti\u010dni. Kamorkoli smo \u0161li, so bili navdu\u0161eni nad nami. Ve\u010dina Ameri\u010danov namre\u010d nikoli ne gre v Evropo.<\/p>\n<p>Katero lastnost drug pri drugem najbolj cenita in kaj ju moti?<\/p>\n<p><img decoding=\"async\" class=\"article_content__inline_video_poster\" loading=\"lazy\" src=\"https:\/\/www.europesays.com\/si\/wp-content\/uploads\/2026\/03\/7d1cd4380dd8ef02bc83-jani-in-sara-pavec.jpeg\"\/><\/p>\n<p>\u010ce se vrnemo\u00a0na za\u010detek skupine Atomik Harmonik, kako bi z nekaj besedami opisali obdobje, ko ste bili na vrhuncu?<\/p>\n<p>Jani: Od za\u010detkov je minilo \u017ee 22 let. Ko se oziram nazaj, na vse skupaj gledam zelo skulirano. Zdi se mi, da so sanje vsakega glasbenika, da do\u017eivi nekaj tak\u0161nega. Sam sem to do\u017eivel relativno pozno, star sem bil \u017ee 30 let. Prav vsakemu, ki se s tem ukvarja, privo\u0161\u010dim, da nekaj tak\u0161nega do\u017eivi vsaj za pol leta \u2013 da ima toliko koncertov in se vse vrti okoli njega. Prijetno je, da si zapolni\u0161 svoj ego. Sploh za glasbenike, ki smo radi na odru. Smo pa imeli sre\u010do. Bogovi so nam bili naklonjeni.<\/p>\n<p>Vas na tisti \u010das ve\u017eejo samo lepi spomini ali tudi kak\u0161ni malce manj?<\/p>\n<p>Jani: V \u017eivljenju je tako, da tudi\u00a0\u010de do\u017eivimo kak\u0161en padec, se spominjamo samo lepega. Okoli leta 2004 so se v Sloveniji rodili vsi rumeni mediji \u2013 Bojan Po\u017ear je imel \u010dasopis Direkt, rodila se je revija Nova in mi smo bili vedno na naslovnici. Na primer,\u00a0takrat sem bil \u0161e z nekdanjim dekletom, ko so naju zgoraj brez fotografirali na pla\u017ei in pristala sva na naslovnici. Bile so torej tudi grde stvari. Ampak zdaj, po toliko letih, se spominjam samo lepih.<\/p>\n<p>Dare Kauri\u010d, ki je napisal ve\u010dino va\u0161ih pesmi, je <a href=\"https:\/\/siol.net\/trendi\/glasba-in-film\/dare-kauric-glede-na-to-kar-slisim-zdaj-je-brizgalna-brizga-se-kar-kulturna-668189\" target=\"_blank\" rel=\"nofollow noopener\">v intervjuju za Siol.net<\/a> dejal, da je skupina nastala iz zafrkancije. To dr\u017ei?<\/p>\n<p>Jani: Ne bi rekel, da iz zafrkancije. Jaz sem re\u017eiser, za sabo imam ve\u010d kot 800 videospotov in tisti \u010das sem delal za Kingstone. Leta 2003 smo \u0161li na absolventa v Gr\u010dijo, kjer smo snemali videospot za pesem Republika Banana. Kaj se je zgodilo? Ves \u010das so bile neke zabave in dogodki, v nekem trenutku pa je DJ zavrtel Golico in v ljudeh se je nekaj zgodilo. Z Daretom sva se samo spogledala in si rekla, da bi morali v Sloveniji narodnozabavno glasbo preoble\u010di v nekaj modernej\u0161ega. V bistvu smo se zafrkavali, da ko pridemo v Slovenijo, to res naredimo. In potem me je februarja 2004 Dare res poklical, da ima pripravljen komad. Jaz sem takrat \u017ee malo pozabil, da sva o tem sploh govorila. Rekel je, da potrebujemo enega fanta, dve dekleti in \u0161e harmonikarja. Tako kot imajo Avseniki.<\/p>\n<p>Tisti \u010das sem se slu\u010dajno dru\u017eil s Simonom Megli\u010dem iz skupine Bepop, ki je bil takrat v zvezi s \u0160pelo Gro\u0161elj. Ves \u010das smo bili pri meni doma in se dru\u017eili. \u0160peli, ki je bila takrat \u0161e pri Foxy Teens, sem to idejo omenil in je rekla: &#8220;Zakaj pa ne?&#8221;. Res smo se dobro razumeli, ves \u010das smo skupaj igrali in prepevali, ne da bi sploh pomislili, da bi bili kdaj skupina. Najprej tudi ni bilo mi\u0161ljeno, da bi bil jaz vokalist. Potem pa so me prepri\u010dali, \u010de\u0161 da mi je ime Janez in sem pravi Sloven\u010dek. Potem pa sva s \u0160pelo kar nekaj \u010dasa iskala \u0161e eno dekle, preizkusila sva jih zagotovo 50, kar je bilo za tisti \u010das ogromno. Potem sva na\u0161la \u0160pelco (\u0160pela Pavlin, op. p.), ki \u0161e zdaj poje pri nas, harmonikarja Frai Tonija pa sem poznal iz Kamnika. In tako se je zgodilo. S komadom Brizgalna brizga smo se leta 2004 prijavili na festival Melodije morja in sonca ter tam, ne da bi to verjeli in pri\u010dakovali, zmagali. Takoj po zmagi so me za\u010deli klicati za koncerte. Mi pa smo imeli samo en komad. Rekel sem jim, naj mi dajo vsaj\u00a0en mesec \u010dasa, da to na\u0161tudiram. In sem. Zgodil se je hit za hitom. Dve leti smo bili na prvem mestu po prodanosti, takrat so bili \u0161e CD-ji. Potem je sledilo norih pet let. Posku\u0161ali smo tudi v Nem\u010diji, ampak nemogo\u010de je sedeti na dveh stol\u010dkih hkrati. \u010ce bi si \u017eeleli ve\u010djega uspeha, bi morali \u017eiveti tam.<\/p>\n<p>Sara: In govoriti nem\u0161ko.<\/p>\n<p>Jani: Res je. Glavna te\u017eava je bila, da kot mened\u017eer skupine nisem znal govoriti nem\u0161ko.\u00a0\u010ceprav smo posneli plo\u0161\u010do v nem\u0161\u010dini, zdaj, ko gledam nazaj, vidim, da je bil jezik velika te\u017eava. Takrat namre\u010d niso vsi govorili angle\u0161ko, kot znamo danes. Danes to ne bi bila te\u017eava, takrat pa je zaradi jezika bila. Ker nisem imel pojma, so me &#8220;\u0161etali&#8221;, kolikor so me \u017eeleli. Nemogo\u010de je bilo delati na tak\u0161en na\u010din. Veliko ljudi mi je o\u010ditalo, da nismo bili bolj aktivni v Nem\u010diji, ampak to je bilo nemogo\u010de. Avsenikom to sicer uspeva, ampak oni imajo zapu\u0161\u010dino svojega dedka, na njihove koncerte pa hodijo predvsem starej\u0161i.<\/p>\n<p><img decoding=\"async\" alt=\"Ljubezen do glasbe je tista, ki Janija in Saro Pavec najbolj povezuje. | Foto: Ana Kova\u010d\" class=\"article_content__inline_image js_imageLightbox is-clickable\" data-author=\"Ana Kova\u010d\" data-caption=\"Ljubezen do glasbe je tista, ki Janija in Saro Pavec najbolj povezuje.\" data-height=\"2362\" data-href=\"https:\/\/siol.net\/media\/img\/c3\/f4\/eaa4ca3f5c68201f574b-jani-in-sara-pavec.jpeg\" data-width=\"3543\" loading=\"lazy\" src=\"\/media\/img\/71\/69\/03c165e393f78ead002b-jani-in-sara-pavec.jpeg\" title=\"Jani in Sara Pavec\"\/><\/p>\n<p> Ljubezen do glasbe je tista, ki Janija in Saro Pavec najbolj povezuje.<br \/>\n Foto: Ana Kova\u010d <\/p>\n<p>Lahko bi rekli, da so besedila va\u0161ih pesmi nekoliko provokativna. Ste zaradi njih kdaj naleteli na kak\u0161en odpor ali celo cenzuro radijskih in televizijskih postaj?<\/p>\n<p>Jani: Smo. Dare je vsa besedila napisal malo dvoumno \u2013 kot je tudi zanj zna\u010dilno. Na sre\u010do je zadel. V primerjavi s tem, kar sli\u0161im zdaj, ko so besedila res vulgarna, so bila na\u0161a \u010disto lepa. Tisto ni bilo ni\u010d v primerjavi s tem, kar sli\u0161im zdaj. Zdi se mi, da se gre \u010dez vse meje, in to mi ni v\u0161e\u010d. Kolikor smo mi delali \u017ege\u010dkljivo, je bilo vseeno simpati\u010dno. Ni bilo vulgarno, kot je zdaj.<\/p>\n<p>Ko je bila skupina na vrhuncu delovanja, ste bili zelo prepoznavni. Je zaradi tega kdaj trpelo dru\u017einsko in zasebno \u017eivljenje?<\/p>\n<p>Jani: Dru\u017eine takrat \u0161e nisem imel, bil sem samski. Se je pa tako ali tako vse vrtelo okoli skupine Atomik Harmonik, drugega zame sploh ni bilo. Ob nedeljah popoldne smo imeli malo \u010dasa zase, preostalo je bilo pa samo delo. Vse je bilo podrejeno temu, od jutra do ve\u010dera. V bistvu smo \u017eiveli za Atomik Harmonik.<\/p>\n<p>Kak\u0161ni pa so bili razlogi, da je skupina prenehala delovati? Med ob\u010dinstvom ste bili namre\u010d zelo priljubljeni.<\/p>\n<p>Jani: \u010ceprav smo bili \u0161e vedno zelo popularni, se nam je po \u0161estih letih zdelo, da je to to. \u0160pela si je takrat za\u017eelela solo kariere, pri \u010demer sem jo podpiral. Ne glede na to, da se je zasedba menjavala, sva bila s \u0160pelo ves \u010das glavna vokalista in najbolj prepoznavna. \u0160peli sem takrat privo\u0161\u010dil, da poskusi in se nadgradi. In je poskusila. Ampak Atomik Harmonik je pa\u010d Atomik Harmonik. Potem pa se je v \u010dasu korone spet zdru\u017eila prvotna ekipa. \u017dal ima \u0160pela trenutno nekaj osebnih in zdravstvenih te\u017eav, zato je vsko\u010dila Sara.<\/p>\n<p>S kak\u0161nim ciljem ste se pravzaprav vrnili?<\/p>\n<p>Jani: Bilo je \u010disto simpati\u010dno. Med nami tako ali tako nikoli ni bilo nobenih sporov. \u0160pela mi je rekla, da \u010de bosta z nami tudi \u0160pelca in Frai Toni, je tudi ona za, in smo poskusili. \u017dal pa je potem sledila pandemija koronavirusa, ko se ni ni\u010d dogajalo. Po koncu smo imeli \u017ee kar nekaj koncertov, ki so bili presenetljivo zelo uspe\u0161ni. Ko smo imeli prvi koncert, nisem mogel verjeti, da 18-letniki poznajo in pojejo vse na\u0161e komade. Zame je bilo to pravo presene\u010denje. Ko smo za\u010deli, smo skupaj z Bo\u0161tjanom Kone\u010dnikom, pa tudi \u010cuki so naredili narodnozabavni album, sceno prebili s harmoniko in mislim, da je tisto delo sadove obrodilo zdaj. Potem so svoje s Ti, Moja Ro\u017eica naredili tudi Modrijani in postali popularni. Zaradi vsega tega je dana\u0161nji generaciji ta glasba \u0161tevilka ena.<\/p>\n<p>Imata poleg glasbe \u0161e kak\u0161en skupen hobi? Poglejte:<\/p>\n<p><img decoding=\"async\" class=\"article_content__inline_video_poster\" loading=\"lazy\" src=\"https:\/\/www.europesays.com\/si\/wp-content\/uploads\/2026\/03\/984905e62e763cf0f115-jani-in-sara-pavec.jpeg\"\/><\/p>\n<p>Sara se je <a href=\"https:\/\/siol.net\/trendi\/zvezde-in-slavni\/nova-clanica-atomik-harmonik-sara-pavec-673627\" target=\"_blank\" rel=\"nofollow noopener\">skupini pridru\u017eila lani<\/a>. Kaj je vplivalo na to odlo\u010ditev, kdo je dal pobudo?<\/p>\n<p>Sara: Imeli so en koncert, na katerega \u0160pela na \u017ealost ni mogla priti, in potem sem vsko\u010dila jaz.<\/p>\n<p>Jani: Teden pred koncertom smo imeli vaje z bendom in \u0160pele ni bilo. Sara je bila na vajah in sem ji rekel, naj nam pomaga vsaj toliko, da lahko gremo \u010dez vajo. Potem pa sem videl, da pozna vse na\u0161e komade. Tega nisem vedel, prise\u017eem. Ampak je logi\u010dno, \u010de je s tem zrastla. Sara zna \u010disto vse na\u0161e komade na pamet, medtem ko jih jaz ne znam. Potem smo imeli dva koncerta, v petek in soboto, in ona je pri\u0161la na oder. Opazil sem, da ljudje niso rekli niti bu, bilo je povsem enako, kot \u010de bi bila na odru \u0160pela. In takrat mi je bilo vse jasno. Kdo bi rekel, da je mogo\u010de \u0161e bolj\u0161e, ker na koncerte hodijo mlaj\u0161e generacije, in da nismo na odru samo starci. Sploh pa zdaj, po moji nesre\u010di, ko na odru sedim na stolu. Videl sem, da je vse super, Sara pa je \u2013 ne da bi jo sploh kaj spra\u0161evali \u2013 padla noter.<\/p>\n<p>Tudi to povezavo med o\u010detom in h\u010derko je bilo verjetno marsikomu lepo videti. <\/p>\n<p>Jani: Po eni strani je lepo, po drugi pa ne, ker pojemo bolj \u017ege\u010dkljive pesmi. S h\u010derko je te\u017eko peti tak\u0161na dvoumna besedila. Tako da je na koncertih sploh ne pogledam in raje koketiram s \u0160pelco. Na za\u010detku mi je bilo res \u010dudno, ker je ve\u010dina na\u0161ih besedil dvogovor med \u017eensko in mo\u0161kim. Zdaj pa smo to odmislili in te\u010de.<\/p>\n<p>Sara, kot je o\u010de \u017ee omenil, ste odra\u0161\u010dali s to glasbo in poznali njihove pesmi.<\/p>\n<p>Sara: Res je. Bila sem na vseh njihovih koncertih in veselicah. To glasbo smo poslu\u0161ali tudi v avtu. \u010ce ni bilo interneta ali radijske povezave, smo si zavrteli CD in peli zraven. Njegova glasba je bila vedno prisotna v mojem \u017eivljenju.<\/p>\n<p><img decoding=\"async\" alt=\"\" v=\"\" primerjavi=\"\" s=\"\" tem=\"\" kar=\"\" sli=\"\" zdaj=\"\" ko=\"\" so=\"\" besedila=\"\" res=\"\" vulgarna=\"\" bila=\"\" na=\"\" lepa.=\"\" tisto=\"\" ni=\"\" bilo=\"\" zdaj.=\"\" zdi=\"\" se=\"\" mi=\"\" da=\"\" gre=\"\" vse=\"\" meje=\"\" in=\"\" to=\"\" je=\"\" pavec=\"\" komentiral=\"\" sodobnih=\"\" glasbenih=\"\" izvajalcev.=\"\" foto:=\"\" ana=\"\" kova=\"\" class=\"article_content__inline_image js_imageLightbox is-clickable\" data-author=\"Ana Kova\u010d\" data-caption=\"&quot;V primerjavi s tem, kar sli\u0161im zdaj, ko so besedila res vulgarna, so bila na\u0161a \u010disto lepa. Tisto ni bilo ni\u010d v primerjavi s tem, kar sli\u0161im zdaj. Zdi se mi, da se gre \u010dez vse meje, in to mi ni v\u0161e\u010d,&quot; je Pavec komentiral besedila sodobnih glasbenih izvajalcev.\" data-height=\"2362\" data-href=\"https:\/\/siol.net\/media\/img\/b3\/0c\/2428234698234d786641-jani-in-sara-pavec.jpeg\" data-width=\"3543\" loading=\"lazy\" src=\"\/media\/img\/b9\/19\/4657a0694cc00eecef23-jani-in-sara-pavec.jpeg\" title=\"Jani in Sara Pavec\"\/><\/p>\n<p> &#8220;V primerjavi s tem, kar sli\u0161im zdaj, ko so besedila res vulgarna, so bila na\u0161a \u010disto lepa. Tisto ni bilo ni\u010d v primerjavi s tem, kar sli\u0161im zdaj. Zdi se mi, da se gre \u010dez vse meje, in to mi ni v\u0161e\u010d,&#8221; je Pavec komentiral besedila sodobnih glasbenih izvajalcev.<br \/>\n Foto: Ana Kova\u010d <\/p>\n<p>Kak\u0161ne pa so va\u0161e sanje na podro\u010dju glasbe? \u017delite biti samostojna izvajalka ali ostati \u010dlanica skupine Atomik Harmonik?<\/p>\n<p>Sara: Zagotovo bom del skupine, dokler se ne bom za vedno preselila v Ameriko. To je moj cilj. Do 18. leta bom verjetno \u0161e v skupini, razen \u010de bomo prej prekinili delovanje, ampak upam, da ne. To namre\u010d rada po\u010dnem in mi je v\u0161e\u010d. Ko bom \u0161la v tujino, pa se bom verjetno trudila samo za samostojno\u00a0kariero. \u017delim si biti popzvezda.<\/p>\n<p>Imate v glasbenem svetu kak\u0161nega vzornika?<\/p>\n<p>Sara: Taylor Swift, kraljico popa.<\/p>\n<p>Izbrali ste si umetni\u0161ko ime Sara Grace. Kako je to nastalo in ali ima kak\u0161en poseben pomen?<\/p>\n<p>Sara: V bistvu je to predlagal o\u010dijev prijatelj, ki je Kanad\u010dan. Razlo\u017eil mi je, da Grace pomeni veli\u010dastna. In potem smo rekli, da se Sara Grace sploh ne sli\u0161i slabo, in se strinjali s tem predlogom. Odlo\u010ditev je bila skupinska. V\u010dasih mi je mogo\u010de malo \u017eal, ker je v tujini veliko izvajalk s tem imenom, a navsezadnje se mi zdi, da odlo\u010ditev za moje umetni\u0161ko ime ne bi mogla biti bolj\u0161a.<\/p>\n<p>Vam je o\u010de na va\u0161i glasbeni poti dal kak\u0161en koristen nasvet, na katerega se morda ve\u010dkrat spomnite?<\/p>\n<p>Sara: Najpomembnej\u0161i nasvet, ki mi ga je dal, je, naj se med nastopom ves \u010das smejim in gledam gor. V bistvu gre za neke majhne detajle, ki jih pri meni opazi, ko pojem. Zaradi njega imam to ves \u010das v glavi.<\/p>\n<p>Jani: Jaz sem zelo natan\u010den \u010dlovek. \u010ce ho\u010de\u0161 do\u017eiveti uspeh, morajo biti zadeve urejene. Sem perfekcionist, tudi ko delam glasbene spote. Prepri\u010dan sem, da \u010de ob za\u010detkih skupine Atomik Harmonik ne bi bilo perfekcije, tudi ne bi bili tako uspe\u0161ni. Takrat so nam vsi rekli, da bo to muha enodnevnica, saj imamo samo en komad. Obi\u010dajno zadeve, ki hitro pridejo, tudi hitro potihnejo. Jaz pa sem bil vseeno star \u017ee 30 let in sem imel dovolj izku\u0161enj, da sem lahko Atomike uspe\u0161no vodil toliko let. \u017de prej sem imel bend Ritem planet in hit Ustnice brez poljubov, zato je bilo la\u017eje. Zdi se mi, da sem to delavnost in natan\u010dnost dobro prenesel tudi nanjo. Upam, da je to stvar, ki se je je prijela, ker brez tega uspeha ne bo.<\/p>\n<p>Sara: Rad ima disciplino.<\/p>\n<p>Jani: Res je. Saj se sli\u0161i grozno, ampak pri glasbi ho\u010dem, da je red. Ko je vse narejeno, pa si lahko spro\u0161\u010den in se ima\u0161 lepo.<\/p>\n<p><img decoding=\"async\" alt=\"\" ali=\"\" na=\"\" dru=\"\" sploh=\"\" po=\"\" kaj=\"\" drugega=\"\" kot=\"\" da=\"\" se=\"\" ukvarja=\"\" z=\"\" glasbo=\"\" je=\"\" pavec.=\"\" in=\"\" dodal:=\"\" nas=\"\" zdru=\"\" njo=\"\" foto:=\"\" ana=\"\" kova=\"\" class=\"article_content__inline_image js_imageLightbox is-clickable\" data-author=\"Ana Kova\u010d\" data-caption=\"&quot;Ali na\u0161a dru\u017eina sploh po\u010dne \u0161e kaj drugega, kot da se ukvarja z glasbo?&quot; se je po\u0161alil Pavec. In dodal: &quot;Glasba nas zdru\u017euje in z njo \u017eivimo.&quot;\" data-height=\"2362\" data-href=\"https:\/\/siol.net\/media\/img\/7b\/76\/170bcad8a13d3b1695cf-jani-in-sara-pavec.jpeg\" data-width=\"3543\" loading=\"lazy\" src=\"\/media\/img\/1d\/00\/024ac99ed889626ccdae-jani-in-sara-pavec.jpeg\" title=\"Jani in Sara Pavec\"\/><\/p>\n<p> &#8220;Ali na\u0161a dru\u017eina sploh po\u010dne \u0161e kaj drugega, kot da se ukvarja z glasbo?&#8221; se je po\u0161alil Pavec. In dodal: &#8220;Glasba nas zdru\u017euje in z njo \u017eivimo.&#8221;<br \/>\n Foto: Ana Kova\u010d <\/p>\n<p>S skupino ste bili v zadnjem \u010dasu nekajkrat tudi del narodnozabavnih oddaj na TV Slovenija. Kako kot ustvarjalec tak\u0161ne glasbe komentirate njihovo odlo\u010ditev, da po res dolgem \u010dasu ta glasba nima ve\u010d oddaje ob petkih zve\u010der?<\/p>\n<p>Jani: Teh odpovedi in umikov oddaj sem dal \u017ee veliko skozi. Menim, da je poslanstvo TV Slovenija, da skrbi za na\u0161o kulturno dedi\u0161\u010dino, tako glasbeno kot vso drugo. Enkrat se uredniki tega dobro zavedajo, drugi\u010d ne. Kdo sem jaz, da bi sodil odlo\u010ditev urednika, da oddajo umakne? Upam, da vedo, kaj je prav. Ko ena oddaja odide, vedno pride neka nova.<\/p>\n<p>Sara: Jaz pa pogre\u0161am oddajo V petek zve\u010der, ker je bila edina, kjer so glasbo izvajali v \u017eivo in je imela odli\u010dno postprodukcijo. Zame je bila to najbolj\u0161a slovenska oddaja vseh \u010dasov.<\/p>\n<p>Jani: Se strinjam. Bila je res dovr\u0161ena, verjamem pa, da so bili v ozadju veliki stro\u0161ki. Presene\u010den sem bil, da so izpeljali kar tri sezone. Vsa \u010dast Bla\u017eu \u0160vabu. Oddaja Jo\u017eeta Potrebuje\u0161a pa je bila \u010disto nasprotje, po mojem mnenju je bila bolj ljudska. \u010ce \u0161e omenim oddajo V petek zve\u010der, je zelo pripomogla k temu, da so vsi za\u010deli v \u017eivo igrati tudi zabavno glasbo. Vsi izvajalci imajo zdaj tudi bobnarja, prej ga namre\u010d niso imeli. Oddaja je pripomogla k temu, da se je raven glasbenih nastopov v \u017eivo dvignila. Ali to poslu\u0161alci vedo ali ne, ne vem, je pa energija zagotovo druga\u010dna.<\/p>\n<p>Kak\u0161na je prihodnost skupine Atomik Harmonik? \u017delite \u0161e nastopati in izdajati nove skladbe ali se boste posvetili \u010demu drugemu\u00a0glede na to, da si Sara \u017eeli kariere v tujini?<\/p>\n<p>Jani: Sara je \u0161e mlada in bo gradila samostojno kariero. Gotovo bo izdala svojo plo\u0161\u010do. Ta trenutek je z nami, smo kot velika dru\u017eina. Atomik Harmonik je tak\u0161en brand, da ni pomembno, ali je na odru \u0160pelca, Marjanca, Jani ali kdorkoli drug, na\u0161a glasba je edinstvena, izoblikovali smo svoj stil. Pripravljen imamo \u017ee nov komad, ki ga bomo izdali kmalu. \u0160e naprej bomo izdajali nove komade, o tem, kaj se bo zgodilo, pa ne razmi\u0161ljam. Ostajamo v glasbi, to po\u010dnemo \u017ee vse \u017eivljenje. Smo dru\u017eina, ki \u017eivi z glasbo in v glasbi.<\/p>\n<p><img decoding=\"async\" alt=\"Ker so besedila njihovih pesmi nekoliko \u017ege\u010dkljiva, je bilo Pavcu na za\u010detku te\u017eko. \" s=\"\" h=\"\" je=\"\" te=\"\" peti=\"\" tak=\"\" dvoumna=\"\" besedila.=\"\" zdaj=\"\" pa=\"\" smo=\"\" to=\"\" odmislili=\"\" in=\"\" nam=\"\" zaupal.=\"\" foto:=\"\" ana=\"\" kova=\"\" class=\"article_content__inline_image js_imageLightbox is-clickable\" data-author=\"Ana Kova\u010d\" data-caption=\"Ker so besedila njihovih pesmi nekoliko \u017ege\u010dkljiva, je bilo Pavcu na za\u010detku te\u017eko. &quot;S h\u010derko je te\u017eko peti tak\u0161na dvoumna besedila. Zdaj pa smo to odmislili in te\u010de,&quot; nam je zaupal.\" data-height=\"2362\" data-href=\"https:\/\/siol.net\/media\/img\/00\/c4\/6c4d1c7e48fb38cfb005-jani-in-sara-pavec.jpeg\" data-width=\"3543\" loading=\"lazy\" src=\"\/media\/img\/41\/3c\/739dac0d9bae3a29ec0e-jani-in-sara-pavec.jpeg\" title=\"Jani in Sara Pavec\"\/><\/p>\n<p> Ker so besedila njihovih pesmi nekoliko \u017ege\u010dkljiva, je bilo Pavcu na za\u010detku te\u017eko. &#8220;S h\u010derko je te\u017eko peti tak\u0161na dvoumna besedila. Zdaj pa smo to odmislili in te\u010de,&#8221; nam je zaupal.<br \/>\n Foto: Ana Kova\u010d <\/p>\n<p>Preberite \u0161e:<\/p>\n","protected":false},"excerpt":{"rendered":"Poleg Sare ima Jani Pavec z \u017eeno Nino \u0161e \u0161estletno h\u010der Kajo. Foto: Ana Kova\u010d O 16-letni Sari&hellip;\n","protected":false},"author":2,"featured_media":25416,"comment_status":"","ping_status":"","sticky":false,"template":"","format":"standard","meta":{"footnotes":"","_share_on_mastodon":"0"},"categories":[18],"tags":[7787,114,595,7617,1749,346,7618,62,37,58,60,38,115],"class_list":["post-25415","post","type-post","status-publish","format-standard","has-post-thumbnail","category-zabava","tag-atomik-harmonik","tag-entertainment","tag-intervju","tag-jani-pavec","tag-kariera","tag-los-angeles","tag-sara-pavec","tag-si","tag-slovene","tag-slovenia","tag-slovenija","tag-slovenscina","tag-zabava"],"share_on_mastodon":{"url":"https:\/\/pubeurope.com\/@si\/116230827797748012","error":""},"_links":{"self":[{"href":"https:\/\/www.europesays.com\/si\/wp-json\/wp\/v2\/posts\/25415","targetHints":{"allow":["GET"]}}],"collection":[{"href":"https:\/\/www.europesays.com\/si\/wp-json\/wp\/v2\/posts"}],"about":[{"href":"https:\/\/www.europesays.com\/si\/wp-json\/wp\/v2\/types\/post"}],"author":[{"embeddable":true,"href":"https:\/\/www.europesays.com\/si\/wp-json\/wp\/v2\/users\/2"}],"replies":[{"embeddable":true,"href":"https:\/\/www.europesays.com\/si\/wp-json\/wp\/v2\/comments?post=25415"}],"version-history":[{"count":0,"href":"https:\/\/www.europesays.com\/si\/wp-json\/wp\/v2\/posts\/25415\/revisions"}],"wp:featuredmedia":[{"embeddable":true,"href":"https:\/\/www.europesays.com\/si\/wp-json\/wp\/v2\/media\/25416"}],"wp:attachment":[{"href":"https:\/\/www.europesays.com\/si\/wp-json\/wp\/v2\/media?parent=25415"}],"wp:term":[{"taxonomy":"category","embeddable":true,"href":"https:\/\/www.europesays.com\/si\/wp-json\/wp\/v2\/categories?post=25415"},{"taxonomy":"post_tag","embeddable":true,"href":"https:\/\/www.europesays.com\/si\/wp-json\/wp\/v2\/tags?post=25415"}],"curies":[{"name":"wp","href":"https:\/\/api.w.org\/{rel}","templated":true}]}}