{"id":25853,"date":"2026-03-15T13:58:13","date_gmt":"2026-03-15T13:58:13","guid":{"rendered":"https:\/\/www.europesays.com\/si\/25853\/"},"modified":"2026-03-15T13:58:13","modified_gmt":"2026-03-15T13:58:13","slug":"bo-trump-lahko-gost-olimpijskih-iger-v-los-angelesu","status":"publish","type":"post","link":"https:\/\/www.europesays.com\/si\/25853\/","title":{"rendered":"Bo Trump lahko gost olimpijskih iger v Los Angelesu?"},"content":{"rendered":"<p>    <img decoding=\"async\" data-lb-desktop=\"\/media\/2026\/03\/14\/814357\/Orig-Trump_23979--b71c8-1200.webp\" data-lb-mobile=\"\/media\/2026\/03\/14\/814357\/Orig-Trump_23979--b71c8-600.webp\" class=\"main-gallery-image se_image_lb\" src=\"https:\/\/www.europesays.com\/si\/wp-content\/uploads\/2026\/03\/Wide-Trump_23979--b71c8-1000.webp.webp\" alt=\"In this image taken with a slow shutter speed, President Donald Trump speaks during a women's history month event in the East Room of the White House, Thursday, March 12, 2026, in Washington. (AP Photo\/Julia Demaree Nikhinson)\"\/><\/p>\n<p>Bo Trump lahko gost olimpijskih iger v Los Angelesu?<\/p>\n<p>Svetovna protidopin\u0161ka agencija (Wada) bo v torek obravnavala predlog, da se predsedniku ZDA Donaldu Trumpu in drugim politikom iz ZDA prepove obisk olimpijskih iger 2028 v Los Angelesu, hrva\u0161ka tiskovna agencija Hina povzema ameri\u0161ko agencijo AP.<\/p>\n<p>                        14. 03. 2026, 21.12\n                    <\/p>\n<p> sta, tj\n                    <\/p>\n<p>Razlog so dolgovi, ki jih imajo ZDA do Wade, saj ra\u010duni niso bili poravnani do 31. januarja. Zdaj bodo na Wadi razpravljali o mo\u017enih sankcijah, med katere sodi tudi prepoved prihoda vladnih predstavnikov na olimpijske in paraolimpijske igre.<br \/>Washington \u017ee vse od leta 2023 ne pla\u010duje \u010dlanarine Wadi, nepla\u010dani zneski za leto 2024 zna\u0161ajo 3,14 milijona ter za leto 2025 3,2 milijona evrov.<\/p>\n<p>    <a class=\"se-card__wrap se-card--link\" href=\"https:\/\/www.dnevnik.si\/sport\/skoki\/v-skakalno-zgodbo-o-domnevni-prednosti-s-povecavo-mednozja-vkljucili-se-wado-2783250\/\" data-upscore-url=\"\" rel=\"nofollow noopener\" target=\"_blank\"><\/p>\n<p>        <img decoding=\"async\" class=\"se-image se-image--card\" src=\"https:\/\/www.europesays.com\/si\/wp-content\/uploads\/2026\/03\/Wide-2026-02-05T201046Z_1501403525_UP1EM251K1XAS_RTRMADP_5_OLYMPICS-2026-SKIJUMPING-400.webp.webp\" alt=\"Milano Cortina 2026 Olympics - Ski Jumping - Men's Normal Hill Training - Predazzo Ski Jumping Stadium, Predazzo, Italy - February 5, 2026 Kacper Tomasiak of Poland in action during training REUTERS\/Kacper Pempel\"\/><\/p>\n<p>Smu\u010darski skoki<\/p>\n<p>V skakalno zgodbo o domnevni prednosti s pove\u010davo medno\u017eja vklju\u010dili \u0161e Wado<\/p>\n<p>    <\/a><\/p>\n<p>\nZDA so sodelovanje z Wado prekinile leta 2021, potem ko je bilo 23 kitajskih plavalcev domnevno pozitivnih na dopin\u0161ki kontroli, vseeno pa so jim dovolili nastopiti na olimpijskih igrah v Tokiu. V ZDA poudarjajo, da je kitajski vpliv na odlo\u010ditve Wade prevelik.<\/p>\n<p>\u00a0<\/p>\n","protected":false},"excerpt":{"rendered":"Bo Trump lahko gost olimpijskih iger v Los Angelesu? Svetovna protidopin\u0161ka agencija (Wada) bo v torek obravnavala predlog,&hellip;\n","protected":false},"author":2,"featured_media":25854,"comment_status":"","ping_status":"","sticky":false,"template":"","format":"standard","meta":{"footnotes":"","_share_on_mastodon":"0"},"categories":[6],"tags":[409,10681,59,61,62,37,58,60,38,10680],"class_list":["post-25853","post","type-post","status-publish","format-standard","has-post-thumbnail","category-slovenija","tag-donald-trump","tag-protidopinska-komisija","tag-republic-of-slovenia","tag-republika-slovenija","tag-si","tag-slovene","tag-slovenia","tag-slovenija","tag-slovenscina","tag-wada"],"share_on_mastodon":{"url":"https:\/\/pubeurope.com\/@si\/116233548836755569","error":""},"_links":{"self":[{"href":"https:\/\/www.europesays.com\/si\/wp-json\/wp\/v2\/posts\/25853","targetHints":{"allow":["GET"]}}],"collection":[{"href":"https:\/\/www.europesays.com\/si\/wp-json\/wp\/v2\/posts"}],"about":[{"href":"https:\/\/www.europesays.com\/si\/wp-json\/wp\/v2\/types\/post"}],"author":[{"embeddable":true,"href":"https:\/\/www.europesays.com\/si\/wp-json\/wp\/v2\/users\/2"}],"replies":[{"embeddable":true,"href":"https:\/\/www.europesays.com\/si\/wp-json\/wp\/v2\/comments?post=25853"}],"version-history":[{"count":0,"href":"https:\/\/www.europesays.com\/si\/wp-json\/wp\/v2\/posts\/25853\/revisions"}],"wp:featuredmedia":[{"embeddable":true,"href":"https:\/\/www.europesays.com\/si\/wp-json\/wp\/v2\/media\/25854"}],"wp:attachment":[{"href":"https:\/\/www.europesays.com\/si\/wp-json\/wp\/v2\/media?parent=25853"}],"wp:term":[{"taxonomy":"category","embeddable":true,"href":"https:\/\/www.europesays.com\/si\/wp-json\/wp\/v2\/categories?post=25853"},{"taxonomy":"post_tag","embeddable":true,"href":"https:\/\/www.europesays.com\/si\/wp-json\/wp\/v2\/tags?post=25853"}],"curies":[{"name":"wp","href":"https:\/\/api.w.org\/{rel}","templated":true}]}}