{"id":26117,"date":"2026-03-15T20:13:03","date_gmt":"2026-03-15T20:13:03","guid":{"rendered":"https:\/\/www.europesays.com\/si\/26117\/"},"modified":"2026-03-15T20:13:03","modified_gmt":"2026-03-15T20:13:03","slug":"carmen-osovnikar-kmetija-je-po-vsem-kar-se-dogaja-zapustila-slovenijo-da-bo-lahko","status":"publish","type":"post","link":"https:\/\/www.europesays.com\/si\/26117\/","title":{"rendered":"Carmen Osovnikar (Kmetija) je po vsem, kar se dogaja, zapustila Slovenijo, da bo lahko &#8230;"},"content":{"rendered":"<p>        Carmen Osovnikar je zapustila Slovenijo in od\u0161la \u2026<\/p>\n<p>Carmen lahko trenutno spremljamo v enem najbolj razburljivih resni\u010dnostnih \u0161ovih pri nas Kmetiji. Carmen je javnosti med drugim<a href=\"https:\/\/www.tocnoto.si\/carmen-osovnikar-po-zaljivkah-v-kmetiji-razkrila-del-pogodbe\/\" rel=\"nofollow noopener\" target=\"_blank\">\u00a0razkrila del pogodbe<\/a>, prav tako pa je <a href=\"https:\/\/www.tocnoto.si\/kmetija-carmen-osovnikar-je-v-strahu-sotekmovalca-je-obtozila-resne-zadeve\/\" rel=\"nofollow noopener\" target=\"_blank\">povedala, zakaj je v strahu<\/a>.<\/p>\n<p><img fetchpriority=\"high\" decoding=\"async\" class=\"wp-image-450156 size-large\" src=\"https:\/\/www.europesays.com\/si\/wp-content\/uploads\/2026\/03\/Carmen-Osovnikar-4-e1773565383464-578x1024.jpg\" alt=\"\" width=\"578\" height=\"1024\"  \/>U\u017eiva pri sosedih.<br \/>Vir: Instagram<\/p>\n<p>Kljub temu, da je Slovenija lepa in da doma u\u017eiva v pravem razko\u0161ju, pa je Carmen odpotovala. Zapustila je Slovenijo, da bo lahko u\u017eivala pri na\u0161ih sosedih Italijanih, in sicer je v Benetkah, kjer brez dvoma u\u017eiva v lepotah, ki jih ponujajo.<\/p>\n<p><a href=\"https:\/\/www.tocnoto.si\/kaj-se-dogaja-z-anjo-rupel-je-njeno-stanje-resno\/\" rel=\"nofollow noopener\" target=\"_blank\">Kaj se dogaja z Anjo Rupel, je njeno stanje resno<\/a><\/p>\n<p><a href=\"https:\/\/www.tocnoto.si\/luka-doncic-neprepoznaven-ujet-v-la\/\" rel=\"nofollow noopener\" target=\"_blank\">Luka Don\u010di\u0107, neprepoznaven, ujet v LA<\/a><\/p>\n<p><a href=\"https:\/\/www.tocnoto.si\/kaj-nusa-sebjanic-sanjski-moski-se-je-odlocila-za-lepotni-poseg-in-pogumno-odlocitev\/\" rel=\"nofollow noopener\" target=\"_blank\">Kaj? Nu\u0161a \u0160ebjani\u010d (Sanjski mo\u0161ki) se je odlo\u010dila za lepotni poseg in pogumno odlo\u010ditev<\/a><\/p>\n<p><a href=\"https:\/\/www.tocnoto.si\/je-ema-ze-pozabljena-jan-zore-je-takole-dajal-poljube-in-se-stiskal-z\/\" rel=\"nofollow noopener\" target=\"_blank\">Je Ema \u017ee pozabljena? Jan Zore je takole dajal poljube in se stiskal z \u2026<\/a><\/p>\n<p>\u00a0<\/p>\n","protected":false},"excerpt":{"rendered":"Carmen Osovnikar je zapustila Slovenijo in od\u0161la \u2026 Carmen lahko trenutno spremljamo v enem najbolj razburljivih resni\u010dnostnih \u0161ovih&hellip;\n","protected":false},"author":2,"featured_media":26118,"comment_status":"","ping_status":"","sticky":false,"template":"","format":"standard","meta":{"footnotes":"","_share_on_mastodon":"0"},"categories":[18],"tags":[1704,114,399,62,37,58,60,38,115],"class_list":["post-26117","post","type-post","status-publish","format-standard","has-post-thumbnail","category-zabava","tag-carmen-osovnikar","tag-entertainment","tag-kmetija","tag-si","tag-slovene","tag-slovenia","tag-slovenija","tag-slovenscina","tag-zabava"],"share_on_mastodon":{"url":"https:\/\/pubeurope.com\/@si\/116235023427968599","error":""},"_links":{"self":[{"href":"https:\/\/www.europesays.com\/si\/wp-json\/wp\/v2\/posts\/26117","targetHints":{"allow":["GET"]}}],"collection":[{"href":"https:\/\/www.europesays.com\/si\/wp-json\/wp\/v2\/posts"}],"about":[{"href":"https:\/\/www.europesays.com\/si\/wp-json\/wp\/v2\/types\/post"}],"author":[{"embeddable":true,"href":"https:\/\/www.europesays.com\/si\/wp-json\/wp\/v2\/users\/2"}],"replies":[{"embeddable":true,"href":"https:\/\/www.europesays.com\/si\/wp-json\/wp\/v2\/comments?post=26117"}],"version-history":[{"count":0,"href":"https:\/\/www.europesays.com\/si\/wp-json\/wp\/v2\/posts\/26117\/revisions"}],"wp:featuredmedia":[{"embeddable":true,"href":"https:\/\/www.europesays.com\/si\/wp-json\/wp\/v2\/media\/26118"}],"wp:attachment":[{"href":"https:\/\/www.europesays.com\/si\/wp-json\/wp\/v2\/media?parent=26117"}],"wp:term":[{"taxonomy":"category","embeddable":true,"href":"https:\/\/www.europesays.com\/si\/wp-json\/wp\/v2\/categories?post=26117"},{"taxonomy":"post_tag","embeddable":true,"href":"https:\/\/www.europesays.com\/si\/wp-json\/wp\/v2\/tags?post=26117"}],"curies":[{"name":"wp","href":"https:\/\/api.w.org\/{rel}","templated":true}]}}