{"id":26714,"date":"2026-03-16T10:28:08","date_gmt":"2026-03-16T10:28:08","guid":{"rendered":"https:\/\/www.europesays.com\/si\/26714\/"},"modified":"2026-03-16T10:28:08","modified_gmt":"2026-03-16T10:28:08","slug":"carmen-ne-more-vec-bo-zaradi-tega-zapustila-sov","status":"publish","type":"post","link":"https:\/\/www.europesays.com\/si\/26714\/","title":{"rendered":"Carmen ne more ve\u010d: Bo zaradi tega zapustila \u0161ov?"},"content":{"rendered":"<p>Carmen ne more ve\u010d in situacija v kateri je, res ni zavidljiva. Bo od\u0161la domov?<\/p>\n<p>Carmen se je lahko oddahnilo. Ker je njena dru\u017eina uspe\u0161no opravila tedensko nalogo, njej in Gregorju ni bilo treba<a href=\"https:\/\/top24novice.si\/?s=kmetija\" target=\"_blank\" rel=\"noopener nofollow\"> v areno<\/a>.<\/p>\n<p><img fetchpriority=\"high\" decoding=\"async\" class=\"wp-image-31315 size-full\" title=\"Kmetija\" src=\"https:\/\/www.europesays.com\/si\/wp-content\/uploads\/2026\/03\/carmen-kmetija3.jpg\" alt=\"Carmen, Kmetija, \" width=\"2200\" height=\"1236\"  \/>Carmen (foto: Voyo\/posnetek zaslona)<\/p>\n<p>V areni sta se borila Mark in La Toya. Izgubil je Mark, zato se je moral posloviti in oditi domov. Preden pa je od\u0161el, pa je vsem dejal, naj nikar ne podcenjujejo La Toye.<\/p>\n<p>Carmen je sicer pri\u0161la nazaj, a ni bila ve\u010d ista. Ko sta se s Pio dobili ob ogradi, ji je potarnala, da bi rada od\u0161la domov.<\/p>\n<p>Pii je zaupala, da je pri njih v dru\u017eini vse slab\u0161e. Dejala je, da se je zelo spremenil \u017dan. Na slab\u0161e. Dejala je, da je \u017dan govoril, da imajo premo\u010d nad \u017eenskami.<\/p>\n<p>\u00bbNe poslu\u0161am ve\u010d. Ker mi je popolnoma vseeno. Ker bi \u0161la domov,\u00ab je Carmen iskreno povedala Pii. \u00bbNe pa\u0161e mi ve\u010d njihova dru\u017eba. Domov bi \u0161la,\u00ab je razkrila Pii. Carmen je dejala, da se v dru\u017eini po\u010duti zelo osamljeno. Da dru\u017eino sestavljajo osebe, s katerimi se ona v zunanjem svetu ne bi dru\u017eila.<\/p>\n<p>Medtem pa se \u017ee taktizira, da bo Carmen spet postala dekla in da bo spet od\u0161la v kaj\u017eo.<\/p>\n<p>Carmen je Pii povedala, da pri\u010dakuje, da bo postala prva dvobojevalka. Ampak, da bo dru\u017eini preme\u0161ala \u0161trene s tem, koga bo zbrala za drugega dvobojevalca. \u00bbItak bom \u0161la domov. Ampak, jih bom malo tako, saj ve\u0161 \u2026 Da jih malo prestra\u0161im,\u00ab je Pii zaupala svoje na\u010drte.<\/p>\n<p>Bo Carmen res postala prva dvobojevalka? Koga bo izbrala za svojega nasprotnika, \u010de bo do tega pri\u0161lo?<\/p>\n","protected":false},"excerpt":{"rendered":"Carmen ne more ve\u010d in situacija v kateri je, res ni zavidljiva. Bo od\u0161la domov? Carmen se je&hellip;\n","protected":false},"author":2,"featured_media":26715,"comment_status":"","ping_status":"","sticky":false,"template":"","format":"standard","meta":{"footnotes":"","_share_on_mastodon":"0"},"categories":[18],"tags":[1704,114,399,574,62,37,58,60,38,115],"class_list":["post-26714","post","type-post","status-publish","format-standard","has-post-thumbnail","category-zabava","tag-carmen-osovnikar","tag-entertainment","tag-kmetija","tag-pia-filipcic","tag-si","tag-slovene","tag-slovenia","tag-slovenija","tag-slovenscina","tag-zabava"],"share_on_mastodon":{"url":"https:\/\/pubeurope.com\/@si\/116238385494358335","error":""},"_links":{"self":[{"href":"https:\/\/www.europesays.com\/si\/wp-json\/wp\/v2\/posts\/26714","targetHints":{"allow":["GET"]}}],"collection":[{"href":"https:\/\/www.europesays.com\/si\/wp-json\/wp\/v2\/posts"}],"about":[{"href":"https:\/\/www.europesays.com\/si\/wp-json\/wp\/v2\/types\/post"}],"author":[{"embeddable":true,"href":"https:\/\/www.europesays.com\/si\/wp-json\/wp\/v2\/users\/2"}],"replies":[{"embeddable":true,"href":"https:\/\/www.europesays.com\/si\/wp-json\/wp\/v2\/comments?post=26714"}],"version-history":[{"count":0,"href":"https:\/\/www.europesays.com\/si\/wp-json\/wp\/v2\/posts\/26714\/revisions"}],"wp:featuredmedia":[{"embeddable":true,"href":"https:\/\/www.europesays.com\/si\/wp-json\/wp\/v2\/media\/26715"}],"wp:attachment":[{"href":"https:\/\/www.europesays.com\/si\/wp-json\/wp\/v2\/media?parent=26714"}],"wp:term":[{"taxonomy":"category","embeddable":true,"href":"https:\/\/www.europesays.com\/si\/wp-json\/wp\/v2\/categories?post=26714"},{"taxonomy":"post_tag","embeddable":true,"href":"https:\/\/www.europesays.com\/si\/wp-json\/wp\/v2\/tags?post=26714"}],"curies":[{"name":"wp","href":"https:\/\/api.w.org\/{rel}","templated":true}]}}