{"id":27321,"date":"2026-03-16T22:40:08","date_gmt":"2026-03-16T22:40:08","guid":{"rendered":"https:\/\/www.europesays.com\/si\/27321\/"},"modified":"2026-03-16T22:40:08","modified_gmt":"2026-03-16T22:40:08","slug":"gledalci-popolnoma-ogorceni-nad-temi-tekmovalkami-ojoj-kako-zelo-zalostno","status":"publish","type":"post","link":"https:\/\/www.europesays.com\/si\/27321\/","title":{"rendered":"Gledalci popolnoma ogor\u010deni nad temi tekmovalkami: \u00bbOjoj, kako zelo \u017ealostno \u2026\u00ab"},"content":{"rendered":"<p>Gledalci \u0161ova Kmetija so bili zelo razo\u010darani, ko so sli\u0161ali te besede nekaterih tekmovalk. Je res mogo\u010de, da tega niso vedele?<\/p>\n<p>V \u0161ovu <a href=\"https:\/\/top24novice.si\/?s=kmetija\" target=\"_blank\" rel=\"noopener nofollow\">Kmetija<\/a> je pred dru\u017einama nov izziv. Gospodarica Nada jim je spet nalo\u017eila veliko dela. Pripraviti morajo drva za zimo in narediti doma\u010de testenine.<\/p>\n<p><img fetchpriority=\"high\" decoding=\"async\" class=\"wp-image-31408 size-full\" title=\"Kmetija\" src=\"https:\/\/www.europesays.com\/si\/wp-content\/uploads\/2026\/03\/1773700808_435_tekmovalci-kmetija-2.jpg\" alt=\"tekmovalci, Kmetija, \" width=\"2200\" height=\"1236\"  \/>Nova tedenska naloga. (foto: Voyo\/posnetek zaslona)<\/p>\n<p>Dru\u017eina v hi\u0161i se glede delanja drv za zimo ne obremenjuje. Imajo mo\u010dne tekmovalce, ki so nalogo za\u010deli z lahkoto opravljati.<\/p>\n<p>Ve\u010d te\u017eav je v hlevu, tam so samo trije tekmovalci: Igor, Jan in Ju\u0161. Glava dru\u017eine Pia je zaradi tega v skrbeh. Ni ji jasno, kako bi lahko bili bolj\u0161i od \u0161estih tekmovalcev, ki so v hi\u0161i.<\/p>\n<p>Zataknilo pa se je pri testeninah<\/p>\n<p>Se je pa nekoliko zataknilo pri testeninah. Carmen in Ur\u0161ka sta si v hi\u0161i belili glavo s tem, ali je potrebno \u0161pina\u010do prej skuhati ali ne.<\/p>\n<p>Ur\u0161ka je bila iskrena: \u00bbNimam pojma.\u00ab Carmen pa je dejala, da bo posku\u0161ala izvedeti od dru\u017eine v hlevu.<\/p>\n<p>Gledalci pa ogor\u010deni<\/p>\n<p>Na dru\u017ebenih omre\u017ejih pa so se oglasili nekateri gledalci \u0161ova Kmetija, ki so bili nad tem, da tekmovalke ne znajo pripravljati doma\u010dih sestavin, ogor\u010deni.<\/p>\n<p>\u00bbNo, zdaj pa naj dekleta poka\u017eejo svojo sposobnost, najbolj pa Carmen, ki vedno pametuje, ne zna pa ni\u010d drugega kot jezik vrtet,\u00ab je nekdo zapisal.<\/p>\n<p>\u00bbSaj ne vem ali bi se smejala ali jokala. In to so neke zrele \u017eenske. Bog jim pomagaj,\u00ab je dodala gledalka.<\/p>\n<p>\u00bbKatastrofa, to so dana\u0161nje punce,\u00ab meni nekdo.<\/p>\n<p>\u00bbUpajmo da ne pristane kak umetni noht med testom,\u00ab je nekoga zaskrbelo.<\/p>\n<p>\u00bbJa, najprej in najbolj va\u017eno jim je li\u0161panje za v hlev,\u00ab je pripomnil nekdo.<\/p>\n","protected":false},"excerpt":{"rendered":"Gledalci \u0161ova Kmetija so bili zelo razo\u010darani, ko so sli\u0161ali te besede nekaterih tekmovalk. Je res mogo\u010de, da&hellip;\n","protected":false},"author":2,"featured_media":27322,"comment_status":"","ping_status":"","sticky":false,"template":"","format":"standard","meta":{"footnotes":"","_share_on_mastodon":"0"},"categories":[18],"tags":[1704,114,399,62,37,58,60,38,11166,115],"class_list":["post-27321","post","type-post","status-publish","format-standard","has-post-thumbnail","category-zabava","tag-carmen-osovnikar","tag-entertainment","tag-kmetija","tag-si","tag-slovene","tag-slovenia","tag-slovenija","tag-slovenscina","tag-testenine","tag-zabava"],"share_on_mastodon":{"url":"https:\/\/pubeurope.com\/@si\/116241263702765527","error":""},"_links":{"self":[{"href":"https:\/\/www.europesays.com\/si\/wp-json\/wp\/v2\/posts\/27321","targetHints":{"allow":["GET"]}}],"collection":[{"href":"https:\/\/www.europesays.com\/si\/wp-json\/wp\/v2\/posts"}],"about":[{"href":"https:\/\/www.europesays.com\/si\/wp-json\/wp\/v2\/types\/post"}],"author":[{"embeddable":true,"href":"https:\/\/www.europesays.com\/si\/wp-json\/wp\/v2\/users\/2"}],"replies":[{"embeddable":true,"href":"https:\/\/www.europesays.com\/si\/wp-json\/wp\/v2\/comments?post=27321"}],"version-history":[{"count":0,"href":"https:\/\/www.europesays.com\/si\/wp-json\/wp\/v2\/posts\/27321\/revisions"}],"wp:featuredmedia":[{"embeddable":true,"href":"https:\/\/www.europesays.com\/si\/wp-json\/wp\/v2\/media\/27322"}],"wp:attachment":[{"href":"https:\/\/www.europesays.com\/si\/wp-json\/wp\/v2\/media?parent=27321"}],"wp:term":[{"taxonomy":"category","embeddable":true,"href":"https:\/\/www.europesays.com\/si\/wp-json\/wp\/v2\/categories?post=27321"},{"taxonomy":"post_tag","embeddable":true,"href":"https:\/\/www.europesays.com\/si\/wp-json\/wp\/v2\/tags?post=27321"}],"curies":[{"name":"wp","href":"https:\/\/api.w.org\/{rel}","templated":true}]}}