{"id":29376,"date":"2026-03-18T18:00:06","date_gmt":"2026-03-18T18:00:06","guid":{"rendered":"https:\/\/www.europesays.com\/si\/29376\/"},"modified":"2026-03-18T18:00:06","modified_gmt":"2026-03-18T18:00:06","slug":"spanski-kralj-priznal-mehiske-grehe","status":"publish","type":"post","link":"https:\/\/www.europesays.com\/si\/29376\/","title":{"rendered":"\u0160panski kralj priznal mehi\u0161ke grehe"},"content":{"rendered":"<p>\u0160panski kralj Filip VI. je med obiskom razstave, posve\u010dene avtohtonim \u017eenskam v Mehiki v madridskem Narodnem arheolo\u0161kem muzeju, dejal, da je bilo med \u0161panskim osvajanjem ozemlja, ki je kasneje postalo Mehika, veliko zlorab, s \u010dimer je ponovno sku\u0161al otopliti odnose med dr\u017eavama. Kralj je v zadnjih letih ve\u010dkrat posredno komentiral zgodovinski odnos med \u0160panijo in Mehiko, zlasti vpra\u0161anje \u0161panskega osvajanja Amerike.<\/p>\n<p>Priznal je, da je bilo v \u010dasu osvajanja novega sveta veliko zlorab in neprimernih dejanj in dodal, da jih je treba razumeti v zgodovinskem kontekstu ter opozoril na pretirano moralno presojanje z dana\u0161nje perspektive:\u00a0\u00bbObstajajo stvari, na katere, ko jih preu\u010dujemo z na\u0161imi dana\u0161njimi merili, na\u0161imi vrednotami, o\u010ditno ne moremo biti ponosni,\u00ab je dodal v ponedeljek, ko je komentiral razstavo v prisotnosti mehi\u0161kega veleposlanika v \u0160paniji Quirina Ordaza.<\/p>\n<p>Korak naprej<\/p>\n<p>Mehi\u0161ka predsednica Claudia Sheinbaum je kraljeve komentarje pozdravila kot pomemben korak naprej pri vpra\u0161anju, ki je v zadnjih letih povzro\u010dalo diplomatska trenja med dr\u017eavama. \u00bbLahko bi rekli, da to ni vse, kar bi si \u017eeleli, vendar je to kraljeva gesta sprave v smislu tega, o \u010demer smo govorili: priznanje ekscesov, iztrebljanj, ki so se zgodila med prihodom \u0160pancev,\u00ab je dejala. Torej, \u0161lo je za spravno gesto, ne uradno opravi\u010dilo, politi\u010dni prelom.\u00a0<\/p>\n<p>Kralj Filip VI. je v zadnjih letih ve\u010dkrat posredno komentiral zgodovinski odnos med \u0160panijo in Mehiko, zlasti vpra\u0161anje \u0161panskega osvajanja Amerike.<\/p>\n<p>Spor med dr\u017eavama glede daljne preteklosti se je zaostril, ko je takratni mehi\u0161ki predsednik Andr\u00e9s Manuel L\u00f3pez Obrador leta 2019 od \u0160panije zahteval uradno opravi\u010dilo za nasilje in uni\u010denje, povezano z osvajanjem Mehike v 16. stoletju. \u0160panija tega ni storila, kar je povzro\u010dilo ve\u010dletno napetost. Napetosti so se pokazale tudi simbolno: Mehika leta 2024 ni povabila kralja Filipa VI. na inavguracijo predsednice Claudie Sheinbaum, prav zaradi odsotnosti opravi\u010dila.\u00a0<\/p>\n<p>Prihod \u0160pancev v Ameriko od konca 15. stoletja je raz\u0161iril kr\u0161\u010danstvo in \u0161panski jezik po vsej celini, hkrati pa je povzro\u010dil smrt tiso\u010dev avtohtonih prebivalcev zaradi voja\u0161kih akcij in bolezni. \u0160pansko osvajanje Mehike simbolizira pohod Hern\u00e1na Cort\u00e9sa in njegovih zaveznikov proti azte\u0161ki dr\u017eavi med letoma 1519 in 1521. Ni \u0161lo le za voja\u0161ki spopad med \u0160panci in Azteki, temve\u010d za prelom, v katerem so se zdru\u017eili oro\u017eje, lokalna zavezni\u0161tva, bolezni, notranja politi\u010dna trenja in evropska kolonialna logika.\u00a0Pred prihodom \u0160pancev je v osrednji Mehiki prevladovalo Azte\u0161ko cesarstvo s sredi\u0161\u010dem v mestu Tenochtitl\u00e1n, dana\u0161njem obmo\u010dju Ciudad de M\u00e9xica. Cesarstvo ni bilo enotna nacionalna dr\u017eava v sodobnem pomenu, ampak mre\u017ea podrejenih mest in ljudstev, ki so Aztekom pla\u010devala davek. To je pomembno, ker so prav nezadovoljna podjarmljena ljudstva pozneje postala odlo\u010dilni Cort\u00e9sovi zavezniki. Leto 2021 je zaznamovalo 500. obletnico padca Tenochtitl\u00e1na, mesta dana\u0161njega Mexico Cityja in prestolnice Azte\u0161kega imperija.<\/p>\n<p>\u00a0<\/p>\n<p>\u00a0<\/p>\n","protected":false},"excerpt":{"rendered":"\u0160panski kralj Filip VI. je med obiskom razstave, posve\u010dene avtohtonim \u017eenskam v Mehiki v madridskem Narodnem arheolo\u0161kem muzeju,&hellip;\n","protected":false},"author":2,"featured_media":29377,"comment_status":"","ping_status":"","sticky":false,"template":"","format":"standard","meta":{"footnotes":"","_share_on_mastodon":"0"},"categories":[16],"tags":[1055,11767,11766,62,37,58,60,38,1567,94,93],"class_list":["post-29376","post","type-post","status-publish","format-standard","has-post-thumbnail","category-sport","tag-mehika","tag-opravicilo","tag-osvajanje-amerike","tag-si","tag-slovene","tag-slovenia","tag-slovenija","tag-slovenscina","tag-spanija","tag-sport","tag-sports"],"share_on_mastodon":{"url":"","error":""},"_links":{"self":[{"href":"https:\/\/www.europesays.com\/si\/wp-json\/wp\/v2\/posts\/29376","targetHints":{"allow":["GET"]}}],"collection":[{"href":"https:\/\/www.europesays.com\/si\/wp-json\/wp\/v2\/posts"}],"about":[{"href":"https:\/\/www.europesays.com\/si\/wp-json\/wp\/v2\/types\/post"}],"author":[{"embeddable":true,"href":"https:\/\/www.europesays.com\/si\/wp-json\/wp\/v2\/users\/2"}],"replies":[{"embeddable":true,"href":"https:\/\/www.europesays.com\/si\/wp-json\/wp\/v2\/comments?post=29376"}],"version-history":[{"count":0,"href":"https:\/\/www.europesays.com\/si\/wp-json\/wp\/v2\/posts\/29376\/revisions"}],"wp:featuredmedia":[{"embeddable":true,"href":"https:\/\/www.europesays.com\/si\/wp-json\/wp\/v2\/media\/29377"}],"wp:attachment":[{"href":"https:\/\/www.europesays.com\/si\/wp-json\/wp\/v2\/media?parent=29376"}],"wp:term":[{"taxonomy":"category","embeddable":true,"href":"https:\/\/www.europesays.com\/si\/wp-json\/wp\/v2\/categories?post=29376"},{"taxonomy":"post_tag","embeddable":true,"href":"https:\/\/www.europesays.com\/si\/wp-json\/wp\/v2\/tags?post=29376"}],"curies":[{"name":"wp","href":"https:\/\/api.w.org\/{rel}","templated":true}]}}