{"id":30384,"date":"2026-03-19T15:53:07","date_gmt":"2026-03-19T15:53:07","guid":{"rendered":"https:\/\/www.europesays.com\/si\/30384\/"},"modified":"2026-03-19T15:53:07","modified_gmt":"2026-03-19T15:53:07","slug":"gregor-norcic-ostaja-strokovni-direktor-ukc-ljubljana","status":"publish","type":"post","link":"https:\/\/www.europesays.com\/si\/30384\/","title":{"rendered":"Gregor Nor\u010di\u010d ostaja strokovni direktor UKC Ljubljana"},"content":{"rendered":"<p>Na razpis za strokovnega direktorja ljubljanskega klini\u010dnega centra sta se prijavila radiolog Dimitrij Kuhelj in abdominalni kirurg Gregor Nor\u010di\u010d. Svet zavoda je po na\u0161ih\u00a0informacijah podprl Nor\u010di\u010da.<\/p>\n<p>Nor\u010di\u010d je bil imenovan za vr\u0161ilca dol\u017enosti strokovnega direktorja UKC 20. marca 2023, nekaj dni zatem, ko je s funkcije odstopila dotedanja strokovna direktorica dr. Jadranka Buturovi\u0107 Ponikvar.\u00a0 Svet zavoda UKC ga je leto kasneje ponovno imenoval za vr\u0161ilca dol\u017enosti. Na razpis za strokovnega direktorja s polnim mandatom\u00a0se namre\u010d tedaj ni prijavil nih\u010de, tudi Nor\u010di\u010d ne. Njegovo ponovno imenovanje za vr\u0161ilca dol\u017enosti je svetu UKC predlagal strokovni svet.<\/p>\n<p>Z Nor\u010di\u010dem bo sklenjeno\u00a0delovno razmerje za dolo\u010den \u010das, in sicer do 2. februarja\u00a02027 oziroma\u00a0do izteka mandata generalnega direktorja UKCL, Marka Juga. Po poteku mandatne dobe je ista oseba lahko znova imenovana za strokovnega direktorja, je navedeno v razpisu.\u00a0<\/p>\n","protected":false},"excerpt":{"rendered":"Na razpis za strokovnega direktorja ljubljanskega klini\u010dnega centra sta se prijavila radiolog Dimitrij Kuhelj in abdominalni kirurg Gregor&hellip;\n","protected":false},"author":2,"featured_media":30385,"comment_status":"","ping_status":"","sticky":false,"template":"","format":"standard","meta":{"footnotes":"","_share_on_mastodon":"0"},"categories":[21],"tags":[124,62,37,58,60,38,12050,4391],"class_list":["post-30384","post","type-post","status-publish","format-standard","has-post-thumbnail","category-ljubljana","tag-ljubljana","tag-si","tag-slovene","tag-slovenia","tag-slovenija","tag-slovenscina","tag-strokovni-direktor","tag-ukc-ljubljana"],"share_on_mastodon":{"url":"https:\/\/pubeurope.com\/@si\/116256650223891078","error":""},"_links":{"self":[{"href":"https:\/\/www.europesays.com\/si\/wp-json\/wp\/v2\/posts\/30384","targetHints":{"allow":["GET"]}}],"collection":[{"href":"https:\/\/www.europesays.com\/si\/wp-json\/wp\/v2\/posts"}],"about":[{"href":"https:\/\/www.europesays.com\/si\/wp-json\/wp\/v2\/types\/post"}],"author":[{"embeddable":true,"href":"https:\/\/www.europesays.com\/si\/wp-json\/wp\/v2\/users\/2"}],"replies":[{"embeddable":true,"href":"https:\/\/www.europesays.com\/si\/wp-json\/wp\/v2\/comments?post=30384"}],"version-history":[{"count":0,"href":"https:\/\/www.europesays.com\/si\/wp-json\/wp\/v2\/posts\/30384\/revisions"}],"wp:featuredmedia":[{"embeddable":true,"href":"https:\/\/www.europesays.com\/si\/wp-json\/wp\/v2\/media\/30385"}],"wp:attachment":[{"href":"https:\/\/www.europesays.com\/si\/wp-json\/wp\/v2\/media?parent=30384"}],"wp:term":[{"taxonomy":"category","embeddable":true,"href":"https:\/\/www.europesays.com\/si\/wp-json\/wp\/v2\/categories?post=30384"},{"taxonomy":"post_tag","embeddable":true,"href":"https:\/\/www.europesays.com\/si\/wp-json\/wp\/v2\/tags?post=30384"}],"curies":[{"name":"wp","href":"https:\/\/api.w.org\/{rel}","templated":true}]}}