{"id":32340,"date":"2026-03-21T10:59:08","date_gmt":"2026-03-21T10:59:08","guid":{"rendered":"https:\/\/www.europesays.com\/si\/32340\/"},"modified":"2026-03-21T10:59:08","modified_gmt":"2026-03-21T10:59:08","slug":"kitarist-skupine-ac-dc-pristal-v-bolnisnici","status":"publish","type":"post","link":"https:\/\/www.europesays.com\/si\/32340\/","title":{"rendered":"Kitarist skupine AC\/DC pristal v bolni\u0161nici"},"content":{"rendered":"<p>\t\t\t\t\t\t\t\t<a href=\"https:\/\/www.europesays.com\/si\/wp-content\/uploads\/2026\/03\/67028747.jpg\" itemprop=\"contentUrl\" data-size=\"1200x800\" data-large=\"https:\/\/www.europesays.com\/si\/wp-content\/uploads\/2026\/03\/67028747.jpg\"><br \/>\n\t\t\t\t\t\t\t\t\t<img decoding=\"async\" src=\"https:\/\/www.europesays.com\/si\/wp-content\/uploads\/2026\/03\/67028747.jpg\" title=\"Trenutna turneja je poimenovana po najnovej\u0161em albumu skupine, ki je iz\u0161el leta 2020 v poklon pokojnemu Malcolmu Youngu. Foto: AP\" alt=\"Trenutna turneja je poimenovana po najnovej\u0161em albumu skupine, ki je iz\u0161el leta 2020 v poklon pokojnemu Malcolmu Youngu. Foto: AP\"\/><br \/>\n\t\t\t\t\t\t\t\t<\/a><\/p>\n<p>\t\t\t\t\t\t\t\t\tTrenutna turneja je poimenovana po najnovej\u0161em albumu skupine, ki je iz\u0161el leta 2020 v poklon pokojnemu Malcolmu Youngu. Foto: AP<\/p>\n<p>Avstralska skupina AC\/DC te dni po svetu koncertira v okviru turneje Power Up. Ta jih je po nastopu v \u010cilu zanesla tudi v Argentino. Le nekaj dni pred na\u010drtovanimi koncerti v Buenos Airesu pa je eden izmed \u010dlanov pristal v bolni\u0161nici.<\/p>\n<p>Oglas<\/p>\n<p>Kitarist Stevie Young se po besedah organizatorja dogodka ni po\u010dutil dobro. &#8220;Iz previdnosti so ga sprejeli v lokalno bolni\u0161nico, kjer opravljajo niz testov,&#8221; je \u0161e delil, poro\u010da Reuters.<\/p>\n<p>Vzroki za zdravstveno stanje 69-letnika, ki se je zasedbi pridru\u017eil leta 2014, ko jo je njegov stric Malcolm zaradi zdravstvenih te\u017eav zapustil, niso bili navedeni.<\/p>\n<p>Tiskovni predstavnik je sicer \u017ee zagotovil, da bo prihodnji teden vseeno nastopil v argentinski prestolnici. &#8220;Stevie se dobro po\u010duti in je dobre volje. Z nestrpnostjo pri\u010dakuje, da bo stopil na oder,&#8221; je \u0161e povedal.<\/p>\n<p>Trenutna turneja je poimenovana po najnovej\u0161em albumu skupine, ki je iz\u0161el leta 2020 v poklon Malcolmu Youngu, ki je leta 2017 umrl.<\/p>\n<p>AC\/DC 23., 27. in 31. marca \u010dakajo razprodani koncerti na stadionu Monumental v Buenos Airesu, ki sprejme do 85.000 ljudi. Nazadnje so v Argentini nastopili leta 2009. V za\u010detku aprila naj bi zavzeli oder v Ciudadu de M\u00e9xicu.<\/p>\n<p>Malcolm je skupino ustanovil leta 1973 v Sydneyju v Avstraliji skupaj z mlaj\u0161im bratom Angusom. Od takrat se je zasedba ve\u010dkrat spremenila in trenutno jo sestavljajo Brian Johnson (vokal), Angus Young (kitara), Stevie Young (kitara), Matt Laug (bobni) in Chris Chaney (baskitara).<\/p>\n<p>Oglas<\/p>\n","protected":false},"excerpt":{"rendered":"Trenutna turneja je poimenovana po najnovej\u0161em albumu skupine, ki je iz\u0161el leta 2020 v poklon pokojnemu Malcolmu Youngu.&hellip;\n","protected":false},"author":2,"featured_media":32341,"comment_status":"","ping_status":"","sticky":false,"template":"","format":"standard","meta":{"footnotes":"","_share_on_mastodon":"0"},"categories":[18],"tags":[12553,12551,114,3839,62,37,58,60,38,12552,12550,115],"class_list":["post-32340","post","type-post","status-publish","format-standard","has-post-thumbnail","category-zabava","tag-ac-dc","tag-buenos-aires","tag-entertainment","tag-hospitalizacija","tag-si","tag-slovene","tag-slovenia","tag-slovenija","tag-slovenscina","tag-stevie-young","tag-svetovna-turneja","tag-zabava"],"share_on_mastodon":{"url":"https:\/\/pubeurope.com\/@si\/116266818821825491","error":""},"_links":{"self":[{"href":"https:\/\/www.europesays.com\/si\/wp-json\/wp\/v2\/posts\/32340","targetHints":{"allow":["GET"]}}],"collection":[{"href":"https:\/\/www.europesays.com\/si\/wp-json\/wp\/v2\/posts"}],"about":[{"href":"https:\/\/www.europesays.com\/si\/wp-json\/wp\/v2\/types\/post"}],"author":[{"embeddable":true,"href":"https:\/\/www.europesays.com\/si\/wp-json\/wp\/v2\/users\/2"}],"replies":[{"embeddable":true,"href":"https:\/\/www.europesays.com\/si\/wp-json\/wp\/v2\/comments?post=32340"}],"version-history":[{"count":0,"href":"https:\/\/www.europesays.com\/si\/wp-json\/wp\/v2\/posts\/32340\/revisions"}],"wp:featuredmedia":[{"embeddable":true,"href":"https:\/\/www.europesays.com\/si\/wp-json\/wp\/v2\/media\/32341"}],"wp:attachment":[{"href":"https:\/\/www.europesays.com\/si\/wp-json\/wp\/v2\/media?parent=32340"}],"wp:term":[{"taxonomy":"category","embeddable":true,"href":"https:\/\/www.europesays.com\/si\/wp-json\/wp\/v2\/categories?post=32340"},{"taxonomy":"post_tag","embeddable":true,"href":"https:\/\/www.europesays.com\/si\/wp-json\/wp\/v2\/tags?post=32340"}],"curies":[{"name":"wp","href":"https:\/\/api.w.org\/{rel}","templated":true}]}}