{"id":33127,"date":"2026-03-22T08:59:10","date_gmt":"2026-03-22T08:59:10","guid":{"rendered":"https:\/\/www.europesays.com\/si\/33127\/"},"modified":"2026-03-22T08:59:10","modified_gmt":"2026-03-22T08:59:10","slug":"za-5-letnega-sina-maje-suput-smoking-limuzina-in-5500-balonov","status":"publish","type":"post","link":"https:\/\/www.europesays.com\/si\/33127\/","title":{"rendered":"Za 5-letnega sina Maje \u0160uput smoking, limuzina in 5500 balonov"},"content":{"rendered":"<p>    <img decoding=\"async\" data-lb-desktop=\"\/media\/2026\/03\/16\/815450\/Orig-Screenshot_2026-03-18_at_13_34_07-1200.webp\" data-lb-mobile=\"\/media\/2026\/03\/16\/815450\/Orig-Screenshot_2026-03-18_at_13_34_07-600.webp\" class=\"main-gallery-image se_image_lb\" src=\"https:\/\/www.europesays.com\/si\/wp-content\/uploads\/2026\/03\/Wide-Screenshot_2026-03-18_at_13_34_07-1000.webp.webp\" alt=\"Bloom \u0160uput\"\/><\/p>\n<p>Bloom \u0160uput med praznovanjem svojega rojstnega dneva. Foto: instagram Maje \u0160uput<\/p>\n<p>Za 5-letnega sina Maje \u0160uput smoking, limuzina in 5500 balonov<\/p>\n<p>Sin hrva\u0161ke vplivnice in pevke Maje \u0160uput Bloom, sicer tudi najve\u010dji hrva\u0161ki zvezdnik, mlaj\u0161i od deset let, je v torek praznoval peti rojstni dan, njegova rojstnodnevna zabava pa je bila, milo re\u010deno, razko\u0161na.<\/p>\n<p>Praznovanje je, kot je ugotovila hrva\u0161ka revija Gloria, potekalo v ponedeljek v eni od igralnic, kamor se je Bloom pripeljal v temno modrem hummerju z napisom svojega imena, oble\u010den v bel smoking s \u010drnimi detajli, \u010drne hla\u010de, belo srajco in srebrne ble\u0161\u010de\u010de superge.<\/p>\n<p>Tema zabave je bila Vro\u010dica sobotne no\u010di, zato je bil prostor okra\u0161en z mno\u017eico srebrnih detajlov, konfetov in resic, torta v treh nadstropjih pa je bila okra\u0161ena z disko kroglo, plesnimi silhuetami in notami. \u0160e eno podjetje, ki ga je promovirala \u0160uputova, je namestilo kar 5500 balonov, postavili pa so tudi pravo plesi\u0161\u010de.<\/p>\n<p>Otroci, ki so bili povabljeni na rojstni dan, so v igralnici prespali v \u0161otorih. \u00bbVsak otrok je imel svoj \u0161otor za spanje, svoj &#8216;recovery kit&#8217; in \u010dudovito torto znamke \u2026, v kateri je bila prava disko krogla, ki se je vrtela. Bilo je fenomenalno, navdu\u0161eni so bili star\u0161i in otroci, najbolj pa seveda Bloom, ki od sre\u010de ni mogel priti k sebi,\u00ab je pojasnila pevka. Naslednji dan so otroke z limuzino odpeljali v vrtec, Bloom pa je rojstni dan po pisanju revije Gloria praznoval \u0161e v vrtcu ter nato na kosilu z dru\u017eino in prijatelji, tako da je praznovanje trajalo skoraj tri dni. Naporno.\u00a0<\/p>\n<p>    <a class=\"se-card__wrap se-card--link\" href=\"https:\/\/www.dnevnik.si\/nedeljski\/zakulisje\/estrada\/colic-iz-moby-dicka-o-kokainu-in-bregovicu-2790723\/\" data-upscore-url=\"\" rel=\"nofollow noopener\" target=\"_blank\"><\/p>\n<p>        <img decoding=\"async\" class=\"se-image se-image--card\" src=\"https:\/\/www.europesays.com\/si\/wp-content\/uploads\/2026\/03\/Wide-PXL_220226_147093591-400.webp.webp\" alt=\"21, February, 2026, Belgrade - The concert titled \" dance=\"\" was=\"\" held=\"\" at=\"\" the=\"\" hangar.=\"\" srdjan=\"\" colic=\"\" moby=\"\" dick=\"\" photo:=\"\" antonio=\"\" ahel=\"\" februar=\"\" beograd=\"\" koncert=\"\" pod=\"\" nazivom=\"\" odrzana=\"\" je=\"\" u=\"\" hangaru.=\"\"\/><\/p>\n<p>RAZKRITJE<\/p>\n<p>Kralj kokaina: \u010coli\u0107eva zgodba o uspehu in odhodu z glasbene scene<\/p>\n<p>    <\/a><\/p>\n","protected":false},"excerpt":{"rendered":"Bloom \u0160uput med praznovanjem svojega rojstnega dneva. Foto: instagram Maje \u0160uput Za 5-letnega sina Maje \u0160uput smoking, limuzina&hellip;\n","protected":false},"author":2,"featured_media":33128,"comment_status":"","ping_status":"","sticky":false,"template":"","format":"standard","meta":{"footnotes":"","_share_on_mastodon":"0"},"categories":[18],"tags":[114,1577,12796,62,12797,37,58,60,38,115],"class_list":["post-33127","post","type-post","status-publish","format-standard","has-post-thumbnail","category-zabava","tag-entertainment","tag-limuzina","tag-maja-supuz","tag-si","tag-sin-bloom","tag-slovene","tag-slovenia","tag-slovenija","tag-slovenscina","tag-zabava"],"share_on_mastodon":{"url":"https:\/\/pubeurope.com\/@si\/116272009380552967","error":""},"_links":{"self":[{"href":"https:\/\/www.europesays.com\/si\/wp-json\/wp\/v2\/posts\/33127","targetHints":{"allow":["GET"]}}],"collection":[{"href":"https:\/\/www.europesays.com\/si\/wp-json\/wp\/v2\/posts"}],"about":[{"href":"https:\/\/www.europesays.com\/si\/wp-json\/wp\/v2\/types\/post"}],"author":[{"embeddable":true,"href":"https:\/\/www.europesays.com\/si\/wp-json\/wp\/v2\/users\/2"}],"replies":[{"embeddable":true,"href":"https:\/\/www.europesays.com\/si\/wp-json\/wp\/v2\/comments?post=33127"}],"version-history":[{"count":0,"href":"https:\/\/www.europesays.com\/si\/wp-json\/wp\/v2\/posts\/33127\/revisions"}],"wp:featuredmedia":[{"embeddable":true,"href":"https:\/\/www.europesays.com\/si\/wp-json\/wp\/v2\/media\/33128"}],"wp:attachment":[{"href":"https:\/\/www.europesays.com\/si\/wp-json\/wp\/v2\/media?parent=33127"}],"wp:term":[{"taxonomy":"category","embeddable":true,"href":"https:\/\/www.europesays.com\/si\/wp-json\/wp\/v2\/categories?post=33127"},{"taxonomy":"post_tag","embeddable":true,"href":"https:\/\/www.europesays.com\/si\/wp-json\/wp\/v2\/tags?post=33127"}],"curies":[{"name":"wp","href":"https:\/\/api.w.org\/{rel}","templated":true}]}}