{"id":34450,"date":"2026-03-23T15:00:12","date_gmt":"2026-03-23T15:00:12","guid":{"rendered":"https:\/\/www.europesays.com\/si\/34450\/"},"modified":"2026-03-23T15:00:12","modified_gmt":"2026-03-23T15:00:12","slug":"gregorju-norcicu-poln-mandat-strokovnega-direktorja-ukc-ljubljana","status":"publish","type":"post","link":"https:\/\/www.europesays.com\/si\/34450\/","title":{"rendered":"Gregorju Nor\u010di\u010du poln mandat strokovnega direktorja UKC Ljubljana"},"content":{"rendered":"<p>UKC Ljubljana je dobil strokovnega direktorja s polnim mandatom, so sporo\u010dili iz osrednjega slovenskega klini\u010dnega centra. Na to mesto je bil z 20. marcem\u00a0 imenovan izr. prof. dr. Gregor Nor\u010di\u010d, dr. med. <a href=\"https:\/\/www.delo.si\/novice\/slovenija\/svet-ukc-ljubljana-za-v-d-strokovnega-direktorja-imenoval-gregorja-norcica\" target=\"_blank\" rel=\"nofollow noopener\">To funkcijo je opravljal \u017ee kot vr\u0161ilec dol\u017enosti.<\/a><\/p>\n<p>Mandat vr\u0161ilca dol\u017enosti bi se mu iztekel v\u010deraj, zato je UKC Ljubljana v za\u010detku marca objavil javni razpis. Nanj sta se prijavila dva kandidata. Strokovni svet je med njima v potrditev Svetu zavoda UKC Ljubljana predlagal Nor\u010di\u010da.<\/p>\n<p>Svet zavoda je sklep o njegovem imenovanju\u00a0za strokovnega direktorja sprejel soglasno, so \u0161e zapisali. \u0160tiriletni mandat se mu je sicer pri\u010del \u017ee z 20. marcem 2026.<\/p>\n<p>Nor\u010di\u010d\u00a0je sicer specialist abdominalne kirurgije, ki je kot vr\u0161ilec dol\u017enosti funkcijo strokovnega direktorja opravljal od marca 2023. Po mnenju Strokovnega sveta je to funkcijo ves \u010das opravljal zelo uspe\u0161no.<\/p>\n","protected":false},"excerpt":{"rendered":"UKC Ljubljana je dobil strokovnega direktorja s polnim mandatom, so sporo\u010dili iz osrednjega slovenskega klini\u010dnega centra. Na to&hellip;\n","protected":false},"author":2,"featured_media":34451,"comment_status":"","ping_status":"","sticky":false,"template":"","format":"standard","meta":{"footnotes":"","_share_on_mastodon":"0"},"categories":[21],"tags":[13089,124,62,37,58,60,38,12050,4391,3047],"class_list":["post-34450","post","type-post","status-publish","format-standard","has-post-thumbnail","category-ljubljana","tag-gregor-norcic","tag-ljubljana","tag-si","tag-slovene","tag-slovenia","tag-slovenija","tag-slovenscina","tag-strokovni-direktor","tag-ukc-ljubljana","tag-zdravstvo"],"share_on_mastodon":{"url":"https:\/\/pubeurope.com\/@si\/116279091047219071","error":""},"_links":{"self":[{"href":"https:\/\/www.europesays.com\/si\/wp-json\/wp\/v2\/posts\/34450","targetHints":{"allow":["GET"]}}],"collection":[{"href":"https:\/\/www.europesays.com\/si\/wp-json\/wp\/v2\/posts"}],"about":[{"href":"https:\/\/www.europesays.com\/si\/wp-json\/wp\/v2\/types\/post"}],"author":[{"embeddable":true,"href":"https:\/\/www.europesays.com\/si\/wp-json\/wp\/v2\/users\/2"}],"replies":[{"embeddable":true,"href":"https:\/\/www.europesays.com\/si\/wp-json\/wp\/v2\/comments?post=34450"}],"version-history":[{"count":0,"href":"https:\/\/www.europesays.com\/si\/wp-json\/wp\/v2\/posts\/34450\/revisions"}],"wp:featuredmedia":[{"embeddable":true,"href":"https:\/\/www.europesays.com\/si\/wp-json\/wp\/v2\/media\/34451"}],"wp:attachment":[{"href":"https:\/\/www.europesays.com\/si\/wp-json\/wp\/v2\/media?parent=34450"}],"wp:term":[{"taxonomy":"category","embeddable":true,"href":"https:\/\/www.europesays.com\/si\/wp-json\/wp\/v2\/categories?post=34450"},{"taxonomy":"post_tag","embeddable":true,"href":"https:\/\/www.europesays.com\/si\/wp-json\/wp\/v2\/tags?post=34450"}],"curies":[{"name":"wp","href":"https:\/\/api.w.org\/{rel}","templated":true}]}}