{"id":35618,"date":"2026-03-24T16:49:10","date_gmt":"2026-03-24T16:49:10","guid":{"rendered":"https:\/\/www.europesays.com\/si\/35618\/"},"modified":"2026-03-24T16:49:10","modified_gmt":"2026-03-24T16:49:10","slug":"kaj-je-z-letosnjimi-kmeti-poglejte-ta-gnus-zelodec-se-vam-bo-obracal-zurnal24","status":"publish","type":"post","link":"https:\/\/www.europesays.com\/si\/35618\/","title":{"rendered":"Kaj je z leto\u0161njimi kmeti! Poglejte ta gnus, \u017eelodec se vam bo obra\u010dal! &#8211; \u017durnal24"},"content":{"rendered":"<p><a href=\"https:\/\/news.google.com\/rss\/articles\/CBMivwFBVV95cUxQcXllOGJRdmNzUzR2NzVYRWd4TDZzUzdVMmtOYVpMSE5LMXB3dHF6TVBiUlhua1hQd2JPOVkwY24tYkpZbDVWQjA5Mkg5VC1ZR0FMbHFBb3NyWC1sbDhiXzZLNDdRdWxGcnhOczJ2YnNpRDJoTmQtNEt1SVE0SXFvYWFsb2VYbzBIc25YYWZ6RTBNWTI1X1I3TkxrZkFmV055UmFGUklTSHNfenpjTklGUDNJbzZUVE1CNkJ1VnNNWQ?oc=5\" target=\"_blank\" rel=\"nofollow noopener\">Kaj je z leto\u0161njimi kmeti! Poglejte ta gnus, \u017eelodec se vam bo obra\u010dal!<\/a>&nbsp;&nbsp;\u017durnal24<a href=\"https:\/\/news.google.com\/rss\/articles\/CBMiigFBVV95cUxOOEs5WFRkcWptMVRSUURLWmZFajRzb3NPVXJpVlN3c2owdVRyNnBkUzFvbGxwYXVjYzgyLVA5aF81ODI5b0NPT3Jjbkl0ZVFGeWpjRF9PRUdZM2JsN1RqZnBVWjFNN0VaakFBUUlMdFFMc3pRNUpZYVYwbjZoajFhdGRrNDJfWERpSmc?oc=5\" target=\"_blank\" rel=\"nofollow noopener\">\u017dan v skrbeh: Kaj bo, \u010de je Ur\u0161ka nose\u010da?<\/a>&nbsp;&nbsp;24ur.com<a href=\"https:\/\/news.google.com\/rss\/articles\/CBMiqgFBVV95cUxPSEdaQUJFLVBKR0pLZTVnT0ZQWE5oc3lQQWxXUkNVU0hwMlpOZXJST2xIQnhhajdWVjRuT1lJSXVNRE1heUdiM3BiM2ZZZC1YZlNiU2QxaW04VGVOQ3VUVFEtUjZkcU5pMWRzcWNvNnQ3WWwtOXg0eWFqV1d0WHNPOVZGTmV0MUE0N0ZvYVFSN2ZvcDMtcXZ3LVk4ZVJFdVpmczBqM2xBVUw5Zw?oc=5\" target=\"_blank\" rel=\"nofollow noopener\">Franc je razkril, kako se po\u010duti v svoji dru\u017eini: Mnogi tega niso pri\u010dakovali<\/a>&nbsp;&nbsp;TOP24NOVICE.si<a href=\"https:\/\/news.google.com\/rss\/articles\/CBMiqAFBVV95cUxQak5oWUJEZEhIcldNTTAzemF0amROQnlENEdOMzlyZ1RrYXo0QzhSeHZTeGVvU1VmZU1JSUpWSno0aEhoaGRzWHYtU19QQVdHaW9Wb05ta040QUVlOVd4T19TTlN3RGpWcDAweV9HM05va1FoODJyQTFLWE5YT3lYdHdUenRoWWVnODZWZl95VnlqOTFraVh2N3U3RTBzeWFJb0dLYXlOQ0I?oc=5\" target=\"_blank\" rel=\"nofollow noopener\">Solze na Kmetiji: Franc ni zdr\u017eal \u2013 resnica za njegovimi besedami je ganila vse<\/a>&nbsp;&nbsp;NaDlani.si<a href=\"https:\/\/news.google.com\/rss\/articles\/CBMiwwFBVV95cUxNSzBKQzV3azVxbWE5WlRNZ0dEUVBMa0trcDV6Q2xTaWhfaTkxZVF5bWQzN3psQmtzNEs4UTEtTWdwbkZVcmh0NXBnV3RfcHBHN0JGSE9FYURBQUp5REE5cDZfMGVtOE9vSmdvbVVwLXBBMlAyNWN0aE5aeHp2TlYtNUJtT1BSV0p6cFQtLTJTZkdqaTVYZG1PdTU3SjRxWXJGTEQtUHJORmNtTUcwWHNsZklNQ3MzRWZiU3kwVXc5VHUtemc?oc=5\" target=\"_blank\" rel=\"nofollow noopener\">Ur\u0161ki zamuja menstruacija, Franc v solzah. Bosta oba od\u0161la iz Kmetije? (VIDEO)<\/a>&nbsp;&nbsp;Slovenske novice<\/p>\n","protected":false},"excerpt":{"rendered":"Kaj je z leto\u0161njimi kmeti! Poglejte ta gnus, \u017eelodec se vam bo obra\u010dal!&nbsp;&nbsp;\u017durnal24\u017dan v skrbeh: Kaj bo, \u010de&hellip;\n","protected":false},"author":2,"featured_media":35619,"comment_status":"","ping_status":"","sticky":false,"template":"","format":"standard","meta":{"footnotes":"","_share_on_mastodon":"0"},"categories":[20],"tags":[1704,32,2664,35,31,34,36,37,38,33,1601],"class_list":["post-35618","post","type-post","status-publish","format-standard","has-post-thumbnail","category-novice","tag-carmen-osovnikar","tag-headlines","tag-kmetija2026","tag-najpomembnejse-novice","tag-news","tag-novice","tag-osrednje-novice","tag-slovene","tag-slovenscina","tag-top-stories","tag-urska-gros"],"share_on_mastodon":{"url":"https:\/\/pubeurope.com\/@si\/116285182044586015","error":""},"_links":{"self":[{"href":"https:\/\/www.europesays.com\/si\/wp-json\/wp\/v2\/posts\/35618","targetHints":{"allow":["GET"]}}],"collection":[{"href":"https:\/\/www.europesays.com\/si\/wp-json\/wp\/v2\/posts"}],"about":[{"href":"https:\/\/www.europesays.com\/si\/wp-json\/wp\/v2\/types\/post"}],"author":[{"embeddable":true,"href":"https:\/\/www.europesays.com\/si\/wp-json\/wp\/v2\/users\/2"}],"replies":[{"embeddable":true,"href":"https:\/\/www.europesays.com\/si\/wp-json\/wp\/v2\/comments?post=35618"}],"version-history":[{"count":0,"href":"https:\/\/www.europesays.com\/si\/wp-json\/wp\/v2\/posts\/35618\/revisions"}],"wp:featuredmedia":[{"embeddable":true,"href":"https:\/\/www.europesays.com\/si\/wp-json\/wp\/v2\/media\/35619"}],"wp:attachment":[{"href":"https:\/\/www.europesays.com\/si\/wp-json\/wp\/v2\/media?parent=35618"}],"wp:term":[{"taxonomy":"category","embeddable":true,"href":"https:\/\/www.europesays.com\/si\/wp-json\/wp\/v2\/categories?post=35618"},{"taxonomy":"post_tag","embeddable":true,"href":"https:\/\/www.europesays.com\/si\/wp-json\/wp\/v2\/tags?post=35618"}],"curies":[{"name":"wp","href":"https:\/\/api.w.org\/{rel}","templated":true}]}}