{"id":35858,"date":"2026-03-24T21:10:10","date_gmt":"2026-03-24T21:10:10","guid":{"rendered":"https:\/\/www.europesays.com\/si\/35858\/"},"modified":"2026-03-24T21:10:10","modified_gmt":"2026-03-24T21:10:10","slug":"tega-v-kmetiji-se-ni-bilo-taksen-dogovor-sta-sklenila-ta-dva-tekmovalca","status":"publish","type":"post","link":"https:\/\/www.europesays.com\/si\/35858\/","title":{"rendered":"Tega v Kmetiji \u0161e ni bilo! Tak\u0161en dogovor sta sklenila ta dva tekmovalca"},"content":{"rendered":"<p>Tekmovalca Kmetije sta sklenila poseben dogovor, ki je mnoge zelo presenetil.<\/p>\n<p>Tekmovalce <a href=\"https:\/\/top24novice.si\/?s=kmetija\" target=\"_blank\" rel=\"noopener nofollow\">Kmetije<\/a> vsak dan znova nekaj preseneti. Pred kratkim so velik \u0161ok do\u017eiveli modri, ko se morali posloviti od Franca, ta se je namre\u010d pridru\u017eil rde\u010dim v hlevu. Tokrat pa jih je odprtih ust pustil izbor drugega dvobojevalca.<\/p>\n<p><img fetchpriority=\"high\" decoding=\"async\" class=\"wp-image-31649 size-full\" title=\"kmetija\" src=\"https:\/\/www.europesays.com\/si\/wp-content\/uploads\/2026\/03\/1774039709_tekmovalci-3.jpg\" alt=\"tekmovalci, kmetija,\" width=\"2282\" height=\"1200\"  \/>Kmetija (foto: Voyo\/posnetek zaslona)<\/p>\n<p>Rde\u010da dru\u017eina je za prvo dvobojevalko izglasovala Aleksandro, modri pa Carmen. Zdaj pa sta morali prvi dvobojevalki Nataliji sporo\u010diti, s kom bi se \u017eeleli pomeriti v areni.<\/p>\n<p>Aleksandra se je po dolgem razmisleku odlo\u010dila, da ne bo izbrala Eme, ampak La Toyo. Carmen pa je s svojim izborom poskrbela za velik preobrat. \u00bbNisem jaz tista. Ki gre na varno in izbira naj\u0161ibkej\u0161e \u010dlene, ker jaz se tu nobenega ne bojim,\u00ab je odlo\u010dno napovedala. V dvoboj je povabila \u017dana in tekmovalce pustila odprtih ust. \u00bbKaj? To pa je preobrat. Jaz sem bil skoraj stoodstoten, da bo mene izbrala,\u00ab je bil presene\u010den Dejan.<\/p>\n<p>Carmen je objasnila situacijo<\/p>\n<p>\u00bbMidva z \u017danom sva kao la\u017eno skregana. \u017dan je zdaj kon\u010dno ugotovil, da jaz nisem konkurenca, da si lahko z mano samo pomaga, ampak, naj si fantje \u017diga, Dejan in Gregor mislijo, da sva si nasprotnika,\u00ab je razkrila produkciji.<\/p>\n<p><img loading=\"lazy\" decoding=\"async\" class=\"wp-image-31747 size-full\" title=\"kmetija\" src=\"https:\/\/www.europesays.com\/si\/wp-content\/uploads\/2026\/03\/carmen-in-zan.jpg\" alt=\"kmetija, Carmen, \u017dan. \" width=\"2261\" height=\"1200\"  \/>Carmen in \u017dan imata dogovor. (foto: Voyo\/posnetek zaslona)<\/p>\n<p>\u00bb\u010ce naredimo nalogo, sva oba varna. \u010ce nalogo pademo, gremo mi v hlev in ona no\u010de biti v hlevu, tako da mi bo predala dvoboj oziroma ne bo se potrudila po najbolj\u0161ih mo\u010deh. Tako da se bom jaz vrnil na posestvo,\u00ab dodaja \u017dan, ki zaradi njunega dogovora, ostaja miren.<\/p>\n","protected":false},"excerpt":{"rendered":"Tekmovalca Kmetije sta sklenila poseben dogovor, ki je mnoge zelo presenetil. Tekmovalce Kmetije vsak dan znova nekaj preseneti.&hellip;\n","protected":false},"author":2,"featured_media":35859,"comment_status":"","ping_status":"","sticky":false,"template":"","format":"standard","meta":{"footnotes":"","_share_on_mastodon":"0"},"categories":[18],"tags":[1704,13432,114,399,62,37,58,60,38,115,4477],"class_list":["post-35858","post","type-post","status-publish","format-standard","has-post-thumbnail","category-zabava","tag-carmen-osovnikar","tag-drugi-dvobojevalec","tag-entertainment","tag-kmetija","tag-si","tag-slovene","tag-slovenia","tag-slovenija","tag-slovenscina","tag-zabava","tag-zan-zore"],"share_on_mastodon":{"url":"https:\/\/pubeurope.com\/@si\/116286208335515270","error":""},"_links":{"self":[{"href":"https:\/\/www.europesays.com\/si\/wp-json\/wp\/v2\/posts\/35858","targetHints":{"allow":["GET"]}}],"collection":[{"href":"https:\/\/www.europesays.com\/si\/wp-json\/wp\/v2\/posts"}],"about":[{"href":"https:\/\/www.europesays.com\/si\/wp-json\/wp\/v2\/types\/post"}],"author":[{"embeddable":true,"href":"https:\/\/www.europesays.com\/si\/wp-json\/wp\/v2\/users\/2"}],"replies":[{"embeddable":true,"href":"https:\/\/www.europesays.com\/si\/wp-json\/wp\/v2\/comments?post=35858"}],"version-history":[{"count":0,"href":"https:\/\/www.europesays.com\/si\/wp-json\/wp\/v2\/posts\/35858\/revisions"}],"wp:featuredmedia":[{"embeddable":true,"href":"https:\/\/www.europesays.com\/si\/wp-json\/wp\/v2\/media\/35859"}],"wp:attachment":[{"href":"https:\/\/www.europesays.com\/si\/wp-json\/wp\/v2\/media?parent=35858"}],"wp:term":[{"taxonomy":"category","embeddable":true,"href":"https:\/\/www.europesays.com\/si\/wp-json\/wp\/v2\/categories?post=35858"},{"taxonomy":"post_tag","embeddable":true,"href":"https:\/\/www.europesays.com\/si\/wp-json\/wp\/v2\/tags?post=35858"}],"curies":[{"name":"wp","href":"https:\/\/api.w.org\/{rel}","templated":true}]}}