{"id":36103,"date":"2026-03-25T03:45:11","date_gmt":"2026-03-25T03:45:11","guid":{"rendered":"https:\/\/www.europesays.com\/si\/36103\/"},"modified":"2026-03-25T03:45:11","modified_gmt":"2026-03-25T03:45:11","slug":"med-nagrajenci-hrvaskih-filmskih-kritikov-tudi-slovenski-ustvarjalci","status":"publish","type":"post","link":"https:\/\/www.europesays.com\/si\/36103\/","title":{"rendered":"Med nagrajenci hrva\u0161kih filmskih kritikov tudi slovenski ustvarjalci"},"content":{"rendered":"<p>\t\t\t\t\t\t\t\t<a href=\"https:\/\/www.europesays.com\/si\/wp-content\/uploads\/2026\/03\/66996288.jpg\" itemprop=\"contentUrl\" data-size=\"1200x800\" data-large=\"https:\/\/www.europesays.com\/si\/wp-content\/uploads\/2026\/03\/66996288.jpg\"><br \/>\n\t\t\t\t\t\t\t\t\t<img decoding=\"async\" src=\"https:\/\/www.europesays.com\/si\/wp-content\/uploads\/2026\/03\/66996288.jpg\" title=\"Bog ne bo pomagal je hrva\u0161ko-italijansko-romunsko-gr\u0161ko-francosko-slovenska koprodukcija. Re\u017eiserka Hana Ju\u0161i\u0107 v njem popelje na za\u010detek 20. stoletja ob vzno\u017eju Dinarskega gorovja, kjer obravnava teme patriarhalnega nasilja, tujosti in duhovnosti. Foto: SFC\/Glorija Lizde\" alt=\"Bog ne bo pomagal je hrva\u0161ko-italijansko-romunsko-gr\u0161ko-francosko-slovenska koprodukcija. Re\u017eiserka Hana Ju\u0161i\u0107 v njem popelje na za\u010detek 20. stoletja ob vzno\u017eju Dinarskega gorovja, kjer obravnava teme patriarhalnega nasilja, tujosti in duhovnosti. Foto: SFC\/Glorija Lizde\"\/><br \/>\n\t\t\t\t\t\t\t\t<\/a><\/p>\n<p>\t\t\t\t\t\t\t\t\tBog ne bo pomagal je hrva\u0161ko-italijansko-romunsko-gr\u0161ko-francosko-slovenska koprodukcija. Re\u017eiserka Hana Ju\u0161i\u0107 v njem popelje na za\u010detek 20. stoletja ob vzno\u017eju Dinarskega gorovja, kjer obravnava teme patriarhalnega nasilja, tujosti in duhovnosti. Foto: SFC\/Glorija Lizde<\/p>\n<p>Nagrade oktavijan, ki jih bodo letos podelili 34. po vrsti, bo potekala 30. marca v zagreb\u0161ki Kinoteki. \u017de teden prej pa so razglasili nagrajence, ki so jih izbrali med ve\u010d kot 130 filmi.<\/p>\n<p>Oglas<\/p>\n<p>Re\u017eiser Igor Bezinovi\u0107 prejme nagrado za najbolj\u0161i dokumentarni film za svojevrstno zgodovinsko lekcijo Fiume o morte!, najbolj\u0161i igrani film je hrva\u0161ko-italijansko-romunsko-gr\u0161ko-francosko-slovenska koprodukcija Bog ne bo pomagal re\u017eiserke Hane Ju\u0161i\u0107. Nagrado oktavijan bo prihodnji ponedeljek prejela tudi slovenska re\u017eiserka Ur\u0161ka Djuki\u0107 za dramo o odra\u0161\u010danju Kaj ti je deklica, ki so jo kritiki izbrali za najbolj\u0161o hrva\u0161ko manj\u0161insko koprodukcijo. Vsi trije filmi so nastali s podporo Slovenskega filmksega centra, Fiume o morte! in Kaj ti je deklica pa tudi s podporo RTV Slovenija.<\/p>\n<p>Za najbolj\u0161i kratkometra\u017eni in srednjemetra\u017eni igrani film so razglasili Dobro je sve, dobro je sve, dobro je sve re\u017eiserja Rina Barbira, v kategoriji kratkometra\u017enega in srednjemetra\u017enega dokumentarnega filma pa sta najvi\u0161jo oceno kritikov prejela filma Crveni tobogan re\u017eiserja Neboj\u0161e Slijep\u010devi\u0107a in Terenska nastava re\u017eiserja Joze Schmucha.<\/p>\n<p>\t\t\t\t\t\t\t\t<a href=\"https:\/\/www.europesays.com\/si\/wp-content\/uploads\/2026\/03\/67011470.jpg\" itemprop=\"contentUrl\" data-size=\"1200x800\" data-large=\"https:\/\/www.europesays.com\/si\/wp-content\/uploads\/2026\/03\/67011470.jpg\"><br \/>\n\t\t\t\t\t\t\t\t\t<img decoding=\"async\" src=\"https:\/\/www.europesays.com\/si\/wp-content\/uploads\/2026\/03\/67011470.jpg\" title=\"Igor Bezinovi\u0107 v satiri\u010dnem dokumentarcu ori\u0161e kompleksno zgodovino odnosov rodne Reke z njenimi zahodnimi sosedi. Foto: MMC RTV SLO\" alt=\"Igor Bezinovi\u0107 v satiri\u010dnem dokumentarcu ori\u0161e kompleksno zgodovino odnosov rodne Reke z njenimi zahodnimi sosedi. Foto: MMC RTV SLO\"\/><br \/>\n\t\t\t\t\t\t\t\t<\/a><\/p>\n<p>\t\t\t\t\t\t\t\t\tIgor Bezinovi\u0107 v satiri\u010dnem dokumentarcu ori\u0161e kompleksno zgodovino odnosov rodne Reke z njenimi zahodnimi sosedi. Foto: MMC RTV SLO<\/p>\n<p>V kategoriji namenskega filma sta nagrado osvojila videospot Brijalo normalno skupine Idem v re\u017eiji Pavla Kocanjera in videospot Potpuno je neva\u017eno skupine Urban&amp;4 v re\u017eiji Milice Czerny Urban in Damirja Urbana. Med eksperimentalnimi film je kritike najbolj prepri\u010dal Proplakat \u0107e ki\u0161a Damirja \u010cu\u010di\u0107a, nagrada za najbolj\u0161i animirani film pa gre filmu Fa\u010duk Maide Srabovi\u0107 (prav tako slovenska manj\u0161inska koprodukcija &#8211; slovenskih koproducentov URGH! in Octopics, film pa je nastal tudi s podporo RTV Slovenija).<\/p>\n<p>Zlati oktavijan za \u017eivljenjsko delo gre letos v roke filmskega re\u017eiserja, risarja, animatorja in scenarista Zdenka Ga\u0161parovi\u0107a, ki pri animiranem filmu ustvarja od leta 1957. Najve\u010dji uspeh je dosegel s filmom Satiemanija.<\/p>\n<p>Nagrado Anteja Peterli\u0107a za najbolj\u0161e delo na podro\u010dju filmologije in za prispevek k raziskovanju filmske kulture za leti 2024 in 2025 so namenili Ireni Paulus za knjigo Audiovizija hrvatskog filma: primjeri suvremene skladateljske prakse.<\/p>\n<p>\t\t\t\t\t\t\t\t<a href=\"https:\/\/www.europesays.com\/si\/wp-content\/uploads\/2026\/03\/66498988.jpg\" itemprop=\"contentUrl\" data-size=\"1200x800\" data-large=\"https:\/\/www.europesays.com\/si\/wp-content\/uploads\/2026\/03\/66498988.jpg\"><br \/>\n\t\t\t\t\t\t\t\t\t<img decoding=\"async\" src=\"https:\/\/www.europesays.com\/si\/wp-content\/uploads\/2026\/03\/66498988.jpg\" title=\"Ur\u0161ka Djuki\u0107 v filmu o odra\u0161\u010danju Kaj ti je deklica raziskuje, na kak\u0161ne na\u010dine dru\u017eba \u017eenskam prepre\u010duje biti v stiku z lastnim telesom. Foto: Gustav film\/Lev Predan Kowarski\" alt=\"Ur\u0161ka Djuki\u0107 v filmu o odra\u0161\u010danju Kaj ti je deklica raziskuje, na kak\u0161ne na\u010dine dru\u017eba \u017eenskam prepre\u010duje biti v stiku z lastnim telesom. Foto: Gustav film\/Lev Predan Kowarski\"\/><br \/>\n\t\t\t\t\t\t\t\t<\/a><\/p>\n<p>\t\t\t\t\t\t\t\t\tUr\u0161ka Djuki\u0107 v filmu o odra\u0161\u010danju Kaj ti je deklica raziskuje, na kak\u0161ne na\u010dine dru\u017eba \u017eenskam prepre\u010duje biti v stiku z lastnim telesom. Foto: Gustav film\/Lev Predan Kowarski<\/p>\n<p>Dru\u0161tvo tradicionalno podeljuje tudi nagrado Vladimirja Vukovi\u0107a za filmsko kritiko \u2013 za najbolj\u0161ega hrva\u0161kega filmskega kritika leta 2025 so razglasili Marka Stojiljkovi\u0107a, nagrado za najbolj\u0161o novo kriti\u010darko pa so namenili Ramoni Boban-Vlahovi\u0107.<\/p>\n<p>Oglas<\/p>\n","protected":false},"excerpt":{"rendered":"Bog ne bo pomagal je hrva\u0161ko-italijansko-romunsko-gr\u0161ko-francosko-slovenska koprodukcija. Re\u017eiserka Hana Ju\u0161i\u0107 v njem popelje na za\u010detek 20. stoletja ob&hellip;\n","protected":false},"author":2,"featured_media":36104,"comment_status":"","ping_status":"","sticky":false,"template":"","format":"standard","meta":{"footnotes":"","_share_on_mastodon":"0"},"categories":[18],"tags":[13523,114,13522,13520,13521,13524,62,37,58,60,38,115],"class_list":["post-36103","post","type-post","status-publish","format-standard","has-post-thumbnail","category-zabava","tag-bog-ne-bo-pomagal","tag-entertainment","tag-fiume-o-morte","tag-hrvaski-filmski-kritiki","tag-kaj-ti-je-deklica","tag-nagrade-oktavijan","tag-si","tag-slovene","tag-slovenia","tag-slovenija","tag-slovenscina","tag-zabava"],"share_on_mastodon":{"url":"https:\/\/pubeurope.com\/@si\/116287761464068497","error":""},"_links":{"self":[{"href":"https:\/\/www.europesays.com\/si\/wp-json\/wp\/v2\/posts\/36103","targetHints":{"allow":["GET"]}}],"collection":[{"href":"https:\/\/www.europesays.com\/si\/wp-json\/wp\/v2\/posts"}],"about":[{"href":"https:\/\/www.europesays.com\/si\/wp-json\/wp\/v2\/types\/post"}],"author":[{"embeddable":true,"href":"https:\/\/www.europesays.com\/si\/wp-json\/wp\/v2\/users\/2"}],"replies":[{"embeddable":true,"href":"https:\/\/www.europesays.com\/si\/wp-json\/wp\/v2\/comments?post=36103"}],"version-history":[{"count":0,"href":"https:\/\/www.europesays.com\/si\/wp-json\/wp\/v2\/posts\/36103\/revisions"}],"wp:featuredmedia":[{"embeddable":true,"href":"https:\/\/www.europesays.com\/si\/wp-json\/wp\/v2\/media\/36104"}],"wp:attachment":[{"href":"https:\/\/www.europesays.com\/si\/wp-json\/wp\/v2\/media?parent=36103"}],"wp:term":[{"taxonomy":"category","embeddable":true,"href":"https:\/\/www.europesays.com\/si\/wp-json\/wp\/v2\/categories?post=36103"},{"taxonomy":"post_tag","embeddable":true,"href":"https:\/\/www.europesays.com\/si\/wp-json\/wp\/v2\/tags?post=36103"}],"curies":[{"name":"wp","href":"https:\/\/api.w.org\/{rel}","templated":true}]}}