{"id":36928,"date":"2026-03-25T18:51:07","date_gmt":"2026-03-25T18:51:07","guid":{"rendered":"https:\/\/www.europesays.com\/si\/36928\/"},"modified":"2026-03-25T18:51:07","modified_gmt":"2026-03-25T18:51:07","slug":"evropi-bi-lahko-ze-prihodnji-mesec-grozilo-pomanjkanje-goriva-portal24","status":"publish","type":"post","link":"https:\/\/www.europesays.com\/si\/36928\/","title":{"rendered":"Evropi bi lahko \u017ee prihodnji mesec grozilo pomanjkanje goriva ~ Portal24"},"content":{"rendered":"<p>Evropa bi se lahko \u017ee prihodnji mesec zna\u0161la pod resnim pritiskom na oskrbo z energijo, \u010de se kriza na Bli\u017enjem vzhodu ne umiri. Izvr\u0161ni direktor Shella Wael Sawan opozarja, da se pomanjkanje nafte in plina \u017ee \u0161iri iz Azije proti Zahodu.<\/p>\n<p>\u201ePosledice se \u0161irijo kot valovi \u2013 najprej Ju\u017ena Azija, nato jugovzhodna in severovzhodna Azija, z vstopom v april pa vse bolj Evropa,\u201c je dejal na konferenci v Houstonu.<\/p>\n<p>V ozadju je zaprtje Hormu\u0161ke o\u017eine, skozi katero potuje pribli\u017eno petina svetovne nafte in uteko\u010dinjenega zemeljskega plina. Blokada je \u017ee spro\u017eila skok cen in tekmovanje za dobave.<\/p>\n<p>Azija \u017ee omejuje porabo, Evropa bi lahko sledila<\/p>\n<p>V Aziji so posledice \u017ee konkretne. Nekatere dr\u017eave uvajajo \u0161tiridnevni delovni teden, omejujejo uporabo klimatskih naprav in za\u010dasno ustavljajo slu\u017ebena potovanja v tujino.<\/p>\n<p>Mednarodna agencija za energijo dr\u017eave poziva k zmanj\u0161anju porabe \u2013 od dela od doma do ni\u017ejih omejitev hitrosti in ve\u010dje uporabe javnega prevoza.<\/p>\n<p>Po ocenah iz energetskega sektorja bi lahko evropske vlade kmalu morale sprejeti podobne ukrepe. To pomeni tudi mo\u017enost omejevanja porabe energije, v skrajnem primeru racioniranja, \u010desar Evropa ni uvedla od energetske krize leta 2022.<\/p>\n<p>Kot poro\u010da britanski The Telegraph, bi lahko \u0161lo za najresnej\u0161i pritisk na evropski energetski sistem po zadnjih kriznih letih.<\/p>\n<p>Tekmovanje za energijo, cene mo\u010dno vi\u0161je<\/p>\n<p>Trgi so se odzvali hitro. V zadnjih \u0161tirih tednih so se cene nafte zvi\u0161ale za pribli\u017eno 40 odstotkov, cene plina pa za okoli 60 odstotkov.<\/p>\n<p>Azijske dr\u017eave \u2013 med njimi Kitajska, Japonska in Ju\u017ena Koreja \u2013 \u017ee preusmerjajo nabavo proti Zdru\u017eenim dr\u017eavam Amerike, najve\u010djemu svetovnemu izvoznika nafte in uteko\u010dinjenega zemeljskega plina.<\/p>\n<p>To pomeni neposredno konkurenco Evropi.<\/p>\n<p>\u201eVeliko ameri\u0161kega tovora se zdaj preusmerja v Azijo, ker so pripravljeni pla\u010dati ve\u010d,\u201c je dejala analiti\u010darka Ashley Kelty.<\/p>\n<p>Sawan je ob tem dejal, da podjetja \u017ee opozarjajo vlade na mo\u017ene ukrepe \u2013 od pove\u010danja zalog do zmanj\u0161evanja porabe.<\/p>\n<p>Voja\u0161ki pritiski in pogajanja hkrati<\/p>\n<p>Dogajanje po svetu ostaja napeto.<\/p>\n<p>Velika Britanija naj bi vodila prizadevanja za ponovno odprtje Hormu\u0161ke o\u017eine, pri \u010demer se omenja tudi uporaba brezpilotnih sistemov za odstranjevanje morskih min, izstreljenih z najetih civilnih ladij.<\/p>\n<p>ZDA medtem razmi\u0161ljajo tudi o voja\u0161kih scenarijih. Predsednik Donald Trump je sicer vztrajal, da pogajanja z Iranom potekajo, hkrati pa se pripravljajo na morebitne operacije na klju\u010dnih otokih ob iranski obali.<\/p>\n<p>Po navedbah virov naj bi v pogajanja vstopil podpredsednik JD Vance, saj Iran zavra\u010da neposredne pogovore z ameri\u0161kima odposlancema Stevom Witkoffom in Jaredom Kushnerjem.<\/p>\n<p>Najslab\u0161i scenarij: pomanjkanje in pritisk na gospodarstvo<\/p>\n<p>V energetskem sektorju opozarjajo, da je scenarij pomanjkanja goriva skrajni, vendar realen.<\/p>\n<p>\u201eTo je eden najslab\u0161ih mo\u017enih scenarijev, vendar je \u0161e vedno mogo\u010d,\u201c je dejal vir iz britanske industrije.<\/p>\n<p>Za zdaj ostaja klju\u010dno vpra\u0161anje cena. Tudi v prej\u0161nji krizi je Evropa uspela zagotoviti oskrbo, vendar ob bistveno vi\u0161jih stro\u0161kih.<\/p>\n<p>\u010ce se trend nadaljuje, bi lahko \u017ee poleti pri\u0161lo do to\u010dke, ko bi visoke cene same omejile porabo \u2013 gospodinjstva in podjetja bi za\u010dela var\u010devati, \u0161e preden bi ukrepale vlade.<\/p>\n<p>Finan\u010dni sektor opozarja na \u0161ir\u0161e posledice. Analitiki Morgan Stanley ocenjujejo, da bi lahko nadaljnja rast cen energije spro\u017eila zaostrovanje denarne politike in pove\u010dala tveganje za recesijo.<\/p>\n<p>Povezani \u010dlanki: <\/p>\n<p>  Navigacija prispevka<\/p>\n","protected":false},"excerpt":{"rendered":"Evropa bi se lahko \u017ee prihodnji mesec zna\u0161la pod resnim pritiskom na oskrbo z energijo, \u010de se kriza&hellip;\n","protected":false},"author":2,"featured_media":36929,"comment_status":"","ping_status":"","sticky":false,"template":"","format":"standard","meta":{"footnotes":"","_share_on_mastodon":"0"},"categories":[3],"tags":[2836,65,66,2173,4915,37,38],"class_list":["post-36928","post","type-post","status-publish","format-standard","has-post-thumbnail","category-evropa","tag-azija","tag-europe","tag-evropa","tag-gorivo","tag-hormuska-ozina","tag-slovene","tag-slovenscina"],"share_on_mastodon":{"url":"https:\/\/pubeurope.com\/@si\/116291324064591111","error":""},"_links":{"self":[{"href":"https:\/\/www.europesays.com\/si\/wp-json\/wp\/v2\/posts\/36928","targetHints":{"allow":["GET"]}}],"collection":[{"href":"https:\/\/www.europesays.com\/si\/wp-json\/wp\/v2\/posts"}],"about":[{"href":"https:\/\/www.europesays.com\/si\/wp-json\/wp\/v2\/types\/post"}],"author":[{"embeddable":true,"href":"https:\/\/www.europesays.com\/si\/wp-json\/wp\/v2\/users\/2"}],"replies":[{"embeddable":true,"href":"https:\/\/www.europesays.com\/si\/wp-json\/wp\/v2\/comments?post=36928"}],"version-history":[{"count":0,"href":"https:\/\/www.europesays.com\/si\/wp-json\/wp\/v2\/posts\/36928\/revisions"}],"wp:featuredmedia":[{"embeddable":true,"href":"https:\/\/www.europesays.com\/si\/wp-json\/wp\/v2\/media\/36929"}],"wp:attachment":[{"href":"https:\/\/www.europesays.com\/si\/wp-json\/wp\/v2\/media?parent=36928"}],"wp:term":[{"taxonomy":"category","embeddable":true,"href":"https:\/\/www.europesays.com\/si\/wp-json\/wp\/v2\/categories?post=36928"},{"taxonomy":"post_tag","embeddable":true,"href":"https:\/\/www.europesays.com\/si\/wp-json\/wp\/v2\/tags?post=36928"}],"curies":[{"name":"wp","href":"https:\/\/api.w.org\/{rel}","templated":true}]}}