{"id":37273,"date":"2026-03-26T04:36:08","date_gmt":"2026-03-26T04:36:08","guid":{"rendered":"https:\/\/www.europesays.com\/si\/37273\/"},"modified":"2026-03-26T04:36:08","modified_gmt":"2026-03-26T04:36:08","slug":"cistilna-akcija-v-velenju-traja-skoraj-mesec-dni","status":"publish","type":"post","link":"https:\/\/www.europesays.com\/si\/37273\/","title":{"rendered":"\u010cistilna akcija v Velenju traja skoraj mesec dni"},"content":{"rendered":"<p>26. 3. 2026 ob 5:00&#13;<br \/>\n&#13;<br \/>\n&#13;<br \/>\n&#13;<br \/>\n&#13;<br \/>\n&#13;<br \/>\n<img decoding=\"async\" src=\"https:\/\/www.europesays.com\/si\/wp-content\/uploads\/2026\/03\/c0bfa91d-7c7c-414b-af32-95db61e1d0b7.jpg\" alt=\"\" style=\"width:100%;max-width:600px;border:none\"\/>&#13;<br \/>\n&#13;<br \/>\n&#13;<br \/>\n&#13;<\/p>\n<p class=\"p1\">V Mestni ob\u010dini Velenje bodo med 27. marcem in 23. aprilom izvedli spomladanske \u010distilne akcije, v katerih bodo skupaj z ob\u010dankami in ob\u010dani, krajevnimi skupnostmi, dru\u0161tvi ter drugimi organizacijami poskrbeli za \u010distej\u0161e in urejeno okolje. V akcije se vsako leto vklju\u010dijo \u0161tevilni prostovoljci, ob\u010dina pa zagotavlja potrebno opremo in odvoz zbranih odpadkov.<\/p>\n<p>&#13;<\/p>\n<p class=\"p1\">V Mestni ob\u010dini Velenje \u017ee od leta 2011 organizirajo prostovoljne spomladanske \u010distilne akcije, s katerimi vsako leto o\u010distijo mestne vpadnice, javne povr\u0161ine ter obmo\u010dja vseh 19 krajevnih skupnosti in mestnih \u010detrti. Skrb za naravo in skupni javni prostor je ena njihovih klju\u010dnih vrednot, zato vsako leto zdru\u017eijo mo\u010di in prispevajo k lep\u0161i podobi mesta ter vseh krajevnih skupnosti in mestnih \u010detrti.<\/p>\n<p>&#13;<\/p>\n<p class=\"p1\">V \u010dasu leto\u0161njih akcij bodo v \u0161tevilnih krajevnih skupnostih in mestnih \u010detrtih potekale organizirane \u010distilne akcije. Zbirna mesta so ve\u010dinoma pred sede\u017ei krajevnih skupnosti in mestnih \u010detrti oziroma na drugih dogovorjenih lokacijah, lovske dru\u017eine in gasilska dru\u0161tva pa se akcijam pridru\u017eijo na sede\u017eih svojih dru\u0161tev.<\/p>\n<p>&#13;<\/p>\n<p class=\"p1\">Zaklju\u010dna skupna \u010distilna akcija Uprave Mestne ob\u010dine Velenje, javnih zavodov, Komunalnega podjetja Velenje in brigadirjev bo potekala v \u010detrtek, 23. aprila, med 8. in 13. uro, z zborom pred stavbo Mestne ob\u010dine Velenje (Titov trg 1).<\/p>\n<p>&#13;<\/p>\n<p class=\"p1\">\u010cistili bodo mestne vpadnice, okolico javnih objektov, priljubljene sprehajalne poti, obmo\u010dje \u017eelezni\u0161ke proge in toplovoda ter obmo\u010dje Velenjskega jezera. Vsako leto se jim pridru\u017eijo tudi \u0161tevilna podjetja, vrtci, osnovne \u0161ole, dru\u0161tva, organizacije in zveze s podro\u010dja kulture in \u0161porta ter politi\u010dne stranke, kar dodatno krepi ob\u010dutek skupnosti in odgovornosti do okolja.<\/p>\n<p>&#13;<\/p>\n<p class=\"p1\">Za manj odpadkov v naravi lahko veliko storimo \u017ee s pravilnim lo\u010devanjem skozi vse leto. Ve\u010d informacij o pravilnem ravnanju z odpadki je na voljo na spletni strani Mestne ob\u010dine Velenje (<a href=\"http:\/\/www.velenje.si\" target=\"_new\" rel=\"nofollow noopener\">www.velenje.si<\/a>, rubrika Ob\u010dina \u2013 Publikacije).<\/p>\n<p>&#13;<br \/>\n&#13;<\/p>\n","protected":false},"excerpt":{"rendered":"26. 3. 2026 ob 5:00&#13; &#13; &#13; &#13; &#13; &#13; &#13; &#13; &#13; &#13; V Mestni ob\u010dini Velenje&hellip;\n","protected":false},"author":2,"featured_media":37274,"comment_status":"","ping_status":"","sticky":false,"template":"","format":"standard","meta":{"footnotes":"","_share_on_mastodon":"0"},"categories":[26],"tags":[6937,13910,1289,159,1595,158,194,62,37,58,60,38,1288,165],"class_list":["post-37273","post","type-post","status-publish","format-standard","has-post-thumbnail","category-velenje","tag-akcija","tag-cistilna","tag-fantasy","tag-lokalno","tag-mestna","tag-obcina","tag-radio","tag-si","tag-slovene","tag-slovenia","tag-slovenija","tag-slovenscina","tag-udarno","tag-velenje"],"share_on_mastodon":{"url":"https:\/\/pubeurope.com\/@si\/116293624340403165","error":""},"_links":{"self":[{"href":"https:\/\/www.europesays.com\/si\/wp-json\/wp\/v2\/posts\/37273","targetHints":{"allow":["GET"]}}],"collection":[{"href":"https:\/\/www.europesays.com\/si\/wp-json\/wp\/v2\/posts"}],"about":[{"href":"https:\/\/www.europesays.com\/si\/wp-json\/wp\/v2\/types\/post"}],"author":[{"embeddable":true,"href":"https:\/\/www.europesays.com\/si\/wp-json\/wp\/v2\/users\/2"}],"replies":[{"embeddable":true,"href":"https:\/\/www.europesays.com\/si\/wp-json\/wp\/v2\/comments?post=37273"}],"version-history":[{"count":0,"href":"https:\/\/www.europesays.com\/si\/wp-json\/wp\/v2\/posts\/37273\/revisions"}],"wp:featuredmedia":[{"embeddable":true,"href":"https:\/\/www.europesays.com\/si\/wp-json\/wp\/v2\/media\/37274"}],"wp:attachment":[{"href":"https:\/\/www.europesays.com\/si\/wp-json\/wp\/v2\/media?parent=37273"}],"wp:term":[{"taxonomy":"category","embeddable":true,"href":"https:\/\/www.europesays.com\/si\/wp-json\/wp\/v2\/categories?post=37273"},{"taxonomy":"post_tag","embeddable":true,"href":"https:\/\/www.europesays.com\/si\/wp-json\/wp\/v2\/tags?post=37273"}],"curies":[{"name":"wp","href":"https:\/\/api.w.org\/{rel}","templated":true}]}}