{"id":38074,"date":"2026-03-26T18:28:17","date_gmt":"2026-03-26T18:28:17","guid":{"rendered":"https:\/\/www.europesays.com\/si\/38074\/"},"modified":"2026-03-26T18:28:17","modified_gmt":"2026-03-26T18:28:17","slug":"carmen-po-sovu-povedala-resnico-ki-pretresa-kaksno-skrivnost-ve-o-igorju","status":"publish","type":"post","link":"https:\/\/www.europesays.com\/si\/38074\/","title":{"rendered":"Carmen po \u0161ovu povedala resnico, ki pretresa: Kak\u0161no skrivnost ve o Igorju?"},"content":{"rendered":"<p>Carmen, ki je zapustila \u0161ov Kmetija, je pretresla z resnico. Tak je pravi obraz Igorja. \u0160okirani?<\/p>\n<p>Carmen Osovnikar je zapustila \u0161ov <a href=\"https:\/\/top24novice.si\/?s=kmetija\" target=\"_blank\" rel=\"noopener nofollow\">Kmetija<\/a>. Ni se borila, \u017danu Zoretu je dvoboj predala. Zato je morala takoj oditi s posestva.<\/p>\n<p><img fetchpriority=\"high\" decoding=\"async\" class=\"wp-image-29665 size-full\" title=\"kmetija\" src=\"https:\/\/www.europesays.com\/si\/wp-content\/uploads\/2026\/03\/1774549697_169_carmen-kmetija3.jpg\" alt=\"Carmen, Kmetija,\" width=\"2200\" height=\"1238\"  \/>Carmen (foto: Voyo\/posnetek zaslona)<\/p>\n<p>S tem, ko je predala dvoboj, je izgubila tudi pravico, da bi dolo\u010dila novo glavo dru\u017eine. Pa tudi zapravila mo\u017enost, da bi \u0161e stopila v \u0161ov Kmetija.<\/p>\n<p>Po \u0161ovu je razkrila, kaj se je dogajalo na posestvu. \u010ceprav je vstopila kot gostja, tako kot Igor Miki\u010d in La Toya, pa si je o Igorju ustvarila mnenje, ki pretresa.<\/p>\n<p>Carmen je namre\u010d v intervjuju za 24ur.com razkrila, da je Igor ustrahoval druge, samo jedel in ni\u010d delal. O njem ni imela dobrega mnenja niti po \u0161ovu.<\/p>\n<p>\u00bbAmpak od njega drugega, kot je bilo, ni bilo za pri\u010dakovati. \u017de v zadnji Kmetiji so se ga vsi bali, ustrahoval je ljudi, pojedel je najve\u010d in ni\u010d ni delal. Ne vem, kaj ima proti nam \u017eenskam. O\u010ditno so mu mo\u010dne \u017eenske, kot sem jaz, trn v peti,\u00ab\u00a0je povedala.<\/p>\n<p>Carmen pa je povedala tudi, da jo je Igor blokiral na dru\u017ebenih omre\u017ejih. Poleg nje tudi Ur\u0161ko in \u0161e nekatere.<\/p>\n<p>\u00bbNekaj je na tem, a se bom raj\u0161i ugriznila v jezik in ne bom povedala, kaj sem sli\u0161ala,\u00ab\u00a0je nekoliko skrivnostno povedala za omenjeni portal.<\/p>\n","protected":false},"excerpt":{"rendered":"Carmen, ki je zapustila \u0161ov Kmetija, je pretresla z resnico. Tak je pravi obraz Igorja. \u0160okirani? Carmen Osovnikar&hellip;\n","protected":false},"author":2,"featured_media":38075,"comment_status":"","ping_status":"","sticky":false,"template":"","format":"standard","meta":{"footnotes":"","_share_on_mastodon":"0"},"categories":[18],"tags":[1704,114,398,399,62,37,58,60,38,115],"class_list":["post-38074","post","type-post","status-publish","format-standard","has-post-thumbnail","category-zabava","tag-carmen-osovnikar","tag-entertainment","tag-igor-mikic","tag-kmetija","tag-si","tag-slovene","tag-slovenia","tag-slovenija","tag-slovenscina","tag-zabava"],"share_on_mastodon":{"url":"https:\/\/pubeurope.com\/@si\/116296896051599174","error":""},"_links":{"self":[{"href":"https:\/\/www.europesays.com\/si\/wp-json\/wp\/v2\/posts\/38074","targetHints":{"allow":["GET"]}}],"collection":[{"href":"https:\/\/www.europesays.com\/si\/wp-json\/wp\/v2\/posts"}],"about":[{"href":"https:\/\/www.europesays.com\/si\/wp-json\/wp\/v2\/types\/post"}],"author":[{"embeddable":true,"href":"https:\/\/www.europesays.com\/si\/wp-json\/wp\/v2\/users\/2"}],"replies":[{"embeddable":true,"href":"https:\/\/www.europesays.com\/si\/wp-json\/wp\/v2\/comments?post=38074"}],"version-history":[{"count":0,"href":"https:\/\/www.europesays.com\/si\/wp-json\/wp\/v2\/posts\/38074\/revisions"}],"wp:featuredmedia":[{"embeddable":true,"href":"https:\/\/www.europesays.com\/si\/wp-json\/wp\/v2\/media\/38075"}],"wp:attachment":[{"href":"https:\/\/www.europesays.com\/si\/wp-json\/wp\/v2\/media?parent=38074"}],"wp:term":[{"taxonomy":"category","embeddable":true,"href":"https:\/\/www.europesays.com\/si\/wp-json\/wp\/v2\/categories?post=38074"},{"taxonomy":"post_tag","embeddable":true,"href":"https:\/\/www.europesays.com\/si\/wp-json\/wp\/v2\/tags?post=38074"}],"curies":[{"name":"wp","href":"https:\/\/api.w.org\/{rel}","templated":true}]}}