{"id":39833,"date":"2026-03-28T08:45:09","date_gmt":"2026-03-28T08:45:09","guid":{"rendered":"https:\/\/www.europesays.com\/si\/39833\/"},"modified":"2026-03-28T08:45:09","modified_gmt":"2026-03-28T08:45:09","slug":"cariniki-razmontirali-avto-in-v-prezracevalnem-sistemu-nasli-110-tisocakov-gotovine","status":"publish","type":"post","link":"https:\/\/www.europesays.com\/si\/39833\/","title":{"rendered":"Cariniki razmontirali avto in v prezra\u010devalnem sistemu na\u0161li 110 tiso\u010dakov gotovine"},"content":{"rendered":"<p>    <img decoding=\"async\" data-lb-desktop=\"\/media\/2026\/03\/27\/818160\/Orig-profimedia-1027676326-1200.webp\" data-lb-mobile=\"\/media\/2026\/03\/27\/818160\/Orig-profimedia-1027676326-600.webp\" class=\"main-gallery-image se_image_lb\" src=\"https:\/\/www.europesays.com\/si\/wp-content\/uploads\/2026\/03\/Wide-profimedia-1027676326-1000.webp.webp\" alt=\"Police France, francija, policija, french police, francoska policijaPolice cars are parked in front of a cordoned-off area, near a sports field where a 32-year-old man was found dead with his throat slit and gutted, in Pont-de-Metz on August 4, 2025. The victim had stab wounds to the neck and back and has been found by a walker in a cross position, police told AFP.,Image: 1027676326, License: Rights-managed, Restrictions:, Model Release: no\"\/><\/p>\n<p>Simboli\u010dna fotografija: Profimedia<\/p>\n<p>Cariniki razmontirali avto in v prezra\u010devalnem sistemu na\u0161li 110 tiso\u010dakov gotovine<\/p>\n<p>Francoski cariniki so med rednim nadzorom prometa na avtocesti A10 jugozahodno od Pariza ustavili avtomobil, v katerem sta mo\u0161ka tihotapila 110.000 evrov gotovine, katere izvora nista znala pojasniti.<\/p>\n<p>Pri cestninski postaji Saint-Arnoult-en-Yvelines so francoski cariniki po naklju\u010dju ustavili vozilo, v katerem sta mo\u0161ka na nenavaden na\u010din tihotapila ve\u010dje koli\u010dine gotovine.\u00a0<\/p>\n<p>Ob pregledu avtomobila so uslu\u017ebenci opazili nepravilnosti v armaturni plo\u0161\u010di, kar jih je spodbudilo k podrobnej\u0161i preiskavi notranjosti vozila.<\/p>\n<p>Pri temeljitem pregledu so v prezra\u010devalnem sistemu odkrili skritih 110.000 evrov gotovine, ki je\u00a0bila\u00a0zapakirana\u00a0v ve\u010d sve\u017enjih. Mo\u0161ka nista znala pojasniti izvora denarja niti nista imela ustreznih dokazil o zakonitem prenosu tolik\u0161ne vsote \u010dez mejo, kar je po francoski zakonodaji obvezno za vse zneske nad 10.000 evrov.<\/p>\n<p>Carinska uprava je denar zasegla, mo\u0161ka pa so policisti pridr\u017eali zaradi suma pranja denarja in kr\u0161enja carinskih predpisov. Preiskava dogodka \u0161e poteka, saj oblasti preverjajo morebitno povezanost najdenega zneska s kriminalnimi dejavnostmi.<\/p>\n","protected":false},"excerpt":{"rendered":"Simboli\u010dna fotografija: Profimedia Cariniki razmontirali avto in v prezra\u010devalnem sistemu na\u0161li 110 tiso\u010dakov gotovine Francoski cariniki so med&hellip;\n","protected":false},"author":2,"featured_media":39834,"comment_status":"","ping_status":"","sticky":false,"template":"","format":"standard","meta":{"footnotes":"","_share_on_mastodon":"0"},"categories":[8],"tags":[850,5018,8987,37,38,64,63,7974],"class_list":["post-39833","post","type-post","status-publish","format-standard","has-post-thumbnail","category-svet","tag-francija","tag-gotovina","tag-pranje-denarja","tag-slovene","tag-slovenscina","tag-svet","tag-world","tag-zaseg-denarja"],"share_on_mastodon":{"url":"https:\/\/pubeurope.com\/@si\/116305928031981127","error":""},"_links":{"self":[{"href":"https:\/\/www.europesays.com\/si\/wp-json\/wp\/v2\/posts\/39833","targetHints":{"allow":["GET"]}}],"collection":[{"href":"https:\/\/www.europesays.com\/si\/wp-json\/wp\/v2\/posts"}],"about":[{"href":"https:\/\/www.europesays.com\/si\/wp-json\/wp\/v2\/types\/post"}],"author":[{"embeddable":true,"href":"https:\/\/www.europesays.com\/si\/wp-json\/wp\/v2\/users\/2"}],"replies":[{"embeddable":true,"href":"https:\/\/www.europesays.com\/si\/wp-json\/wp\/v2\/comments?post=39833"}],"version-history":[{"count":0,"href":"https:\/\/www.europesays.com\/si\/wp-json\/wp\/v2\/posts\/39833\/revisions"}],"wp:featuredmedia":[{"embeddable":true,"href":"https:\/\/www.europesays.com\/si\/wp-json\/wp\/v2\/media\/39834"}],"wp:attachment":[{"href":"https:\/\/www.europesays.com\/si\/wp-json\/wp\/v2\/media?parent=39833"}],"wp:term":[{"taxonomy":"category","embeddable":true,"href":"https:\/\/www.europesays.com\/si\/wp-json\/wp\/v2\/categories?post=39833"},{"taxonomy":"post_tag","embeddable":true,"href":"https:\/\/www.europesays.com\/si\/wp-json\/wp\/v2\/tags?post=39833"}],"curies":[{"name":"wp","href":"https:\/\/api.w.org\/{rel}","templated":true}]}}