{"id":40570,"date":"2026-03-29T05:48:13","date_gmt":"2026-03-29T05:48:13","guid":{"rendered":"https:\/\/www.europesays.com\/si\/40570\/"},"modified":"2026-03-29T05:48:13","modified_gmt":"2026-03-29T05:48:13","slug":"crno-obdobje-in-peti-zaporedni-poraz-cedevite-olimpije","status":"publish","type":"post","link":"https:\/\/www.europesays.com\/si\/40570\/","title":{"rendered":"\u010crno obdobje in peti zaporedni poraz Cedevite Olimpije"},"content":{"rendered":"<p>Ko\u0161arkarji Cedevite Olimpije so v 5. krogu skupine za prvaka lige Aba izgubili s Cluj-Napoco z 72:84 (11:19, 35:42, 52:69). Ljubljanski klub je do\u017eivel peti zaporedni poraz, drugega v \u0161tirih dneh proti romunskemu predstavniku v ligi Aba iz Cluj-Napoce, ki je tako sko\u010dil na peto mesto skupine za prvaka in Ljubljan\u010dane potisnil na \u0161esto.<\/p>\n<p>Po izpadu iz evropskega pokala Cedevita Olimpija \u0161e ni dvignila glave. V sredo se je Romunom dobro upirala in izgubila za tri to\u010dke, tokrat v Sto\u017eicah pa je bila brez mo\u017enosti za uspeh. Gostje so vodili od prve do zadnje minute, tik pred koncem tretje \u010detrtine tudi z 21 to\u010dkami razlike.<\/p>\n<p>Trener Zvezdan Mitrovi\u0107 je imel le enega razpolo\u017eenega posameznika, Umojo Gibsona, ki je 20 od svojih 24 to\u010dk dosegel v prvem pol\u010dasu, ostali igralci pa so odigrali podpovpre\u010dno. Do dvomestnega \u0161tevila to\u010dk je pri\u0161el le Aleksej Nikoli\u0107 (10 to\u010dk, met 2:8).<\/p>\n<p>Ljubljanski klub je pred tekmo sporo\u010dil, da je \u017diga Daneu utrpel zlom kosti v stopalu, zato bo moral na operacijo in bo pred\u010dasno kon\u010dal sezono.\u00a0Cedevita Olimpija bo naslednjo tekmo v ligi Aba igrala 4. aprila v Sarajevu proti Dubaju, zadnji dve v skupini za prvaka pa doma s Partizanom (12. 4.) in Igokeo (19. 4.). Za\u010detek \u010detrtfinala je predviden za drugi vikend v maju.\u00a0<\/p>\n","protected":false},"excerpt":{"rendered":"Ko\u0161arkarji Cedevite Olimpije so v 5. krogu skupine za prvaka lige Aba izgubili s Cluj-Napoco z 72:84 (11:19,&hellip;\n","protected":false},"author":2,"featured_media":40571,"comment_status":"","ping_status":"","sticky":false,"template":"","format":"standard","meta":{"footnotes":"","_share_on_mastodon":"0"},"categories":[21],"tags":[13113,371,344,124,62,37,58,60,38],"class_list":["post-40570","post","type-post","status-publish","format-standard","has-post-thumbnail","category-ljubljana","tag-aba-liga","tag-cedevita-olimpija","tag-kosarka","tag-ljubljana","tag-si","tag-slovene","tag-slovenia","tag-slovenija","tag-slovenscina"],"share_on_mastodon":{"url":"https:\/\/pubeurope.com\/@si\/116310894349477071","error":""},"_links":{"self":[{"href":"https:\/\/www.europesays.com\/si\/wp-json\/wp\/v2\/posts\/40570","targetHints":{"allow":["GET"]}}],"collection":[{"href":"https:\/\/www.europesays.com\/si\/wp-json\/wp\/v2\/posts"}],"about":[{"href":"https:\/\/www.europesays.com\/si\/wp-json\/wp\/v2\/types\/post"}],"author":[{"embeddable":true,"href":"https:\/\/www.europesays.com\/si\/wp-json\/wp\/v2\/users\/2"}],"replies":[{"embeddable":true,"href":"https:\/\/www.europesays.com\/si\/wp-json\/wp\/v2\/comments?post=40570"}],"version-history":[{"count":0,"href":"https:\/\/www.europesays.com\/si\/wp-json\/wp\/v2\/posts\/40570\/revisions"}],"wp:featuredmedia":[{"embeddable":true,"href":"https:\/\/www.europesays.com\/si\/wp-json\/wp\/v2\/media\/40571"}],"wp:attachment":[{"href":"https:\/\/www.europesays.com\/si\/wp-json\/wp\/v2\/media?parent=40570"}],"wp:term":[{"taxonomy":"category","embeddable":true,"href":"https:\/\/www.europesays.com\/si\/wp-json\/wp\/v2\/categories?post=40570"},{"taxonomy":"post_tag","embeddable":true,"href":"https:\/\/www.europesays.com\/si\/wp-json\/wp\/v2\/tags?post=40570"}],"curies":[{"name":"wp","href":"https:\/\/api.w.org\/{rel}","templated":true}]}}