{"id":41061,"date":"2026-03-29T17:06:09","date_gmt":"2026-03-29T17:06:09","guid":{"rendered":"https:\/\/www.europesays.com\/si\/41061\/"},"modified":"2026-03-29T17:06:09","modified_gmt":"2026-03-29T17:06:09","slug":"tajski-misici-na-odru-lepotnega-tekmovanja-izpadle-zobne-fasete","status":"publish","type":"post","link":"https:\/\/www.europesays.com\/si\/41061\/","title":{"rendered":"Tajski misici na odru lepotnega tekmovanja izpadle zobne fasete"},"content":{"rendered":"<p>\t\t\t\t\t\t\t\t<a href=\"https:\/\/www.europesays.com\/si\/wp-content\/uploads\/2026\/03\/67031299.jpg\" itemprop=\"contentUrl\" data-size=\"1200x800\" data-large=\"https:\/\/www.europesays.com\/si\/wp-content\/uploads\/2026\/03\/67031299.jpg\"><br \/>\n\t\t\t\t\t\t\t\t\t<img decoding=\"async\" src=\"https:\/\/www.europesays.com\/si\/wp-content\/uploads\/2026\/03\/67031299.jpg\" title=\"Kamolvan \u010canago v trenutku, ko se ji je jezik zapletel. Foto: Youtube\" alt=\"Kamolvan \u010canago v trenutku, ko se ji je jezik zapletel. Foto: Youtube\"\/><br \/>\n\t\t\t\t\t\t\t\t<\/a><\/p>\n<p>\t\t\t\t\t\t\t\t\tKamolvan \u010canago v trenutku, ko se ji je jezik zapletel. Foto: Youtube<\/p>\n<p>Na videoposnetku je videti 18-letno \u010canago med govorom, ko nenadoma za\u010dne momljati potem, ko so se ji v ustih razrahljale zgornje fasete.<\/p>\n<p>Oglas<\/p>\n<p>A mlada kandidatka je situacijo dokaj spretno re\u0161ila \u2013 takoj se je obrnila, fasete na hitro popravila, nato pa s \u0161irokim nasmehom in razko\u0161no ble\u0161\u010di\u010dasto toaleto hladnokrvno izpeljala sprehod po odru.<\/p>\n<p>Dvakrat se je zavrtela, \u0161e nekajkrat zapozirala in nato zapustila oder. Med celotnim sprehodom jo je ob\u010dinstvo pospremilo s spodbudnim aplavzom, poro\u010da AP.<\/p>\n<p>&#8220;To je prenesla bolje, kot ve\u010dina od nas prenese dan s slabo pri\u010desko. Je to najbolj legendaren trenutek v zgodovini lepotnih tekmovanj?&#8221; je dejal eden od gledalcev.<\/p>\n<p>Spet druga gledalka pa: &#8220;Kako poni\u017eujo\u010de. Jaz bi umrla. Res je impresivno, da je nadaljevala, kot da se ni ni\u010d zgodilo.&#8221;<\/p>\n<p>Zmaga \u0161la v roke Patame D\u017eitsavat<\/p>\n<p>Dogodek je za revijo People komentiral tudi predstavnik organizacije Miss Grand International: &#8220;Med uvodnim nastopom na odru je Kamolvan \u010canago do\u017eivela majhen in nepri\u010dakovan incident, ko so se ji razrahljale zobne fasete. S situacijo se je spopadla profesionalno in zbrano, tekmovanje pa se je brez motenj nadaljevalo.&#8221;<\/p>\n<p>In \u0161e: &#8220;Ponosni smo na njeno samozavest in odrsko prezenco \u010dez celotno tekmovanje.&#8221;<\/p>\n<p>Za naziv Miss Grand Tajske se je potegovalo 77 kandidatk, krono pa si je na sobotnem finalu nadela Patama D\u017eitsavat, ki bo oktobra Tajsko zastopala na mednarodnem tekmovanju Miss Grand International v Indiji.<\/p>\n<p>Oglas<\/p>\n","protected":false},"excerpt":{"rendered":"Kamolvan \u010canago v trenutku, ko se ji je jezik zapletel. Foto: Youtube Na videoposnetku je videti 18-letno \u010canago&hellip;\n","protected":false},"author":2,"featured_media":41062,"comment_status":"","ping_status":"","sticky":false,"template":"","format":"standard","meta":{"footnotes":"","_share_on_mastodon":"0"},"categories":[8],"tags":[14714,14929,37,38,64,2315,63],"class_list":["post-41061","post","type-post","status-publish","format-standard","has-post-thumbnail","category-svet","tag-kamolwan-chanago","tag-miss","tag-slovene","tag-slovenscina","tag-svet","tag-tajska","tag-world"],"share_on_mastodon":{"url":"https:\/\/pubeurope.com\/@si\/116313560435289553","error":""},"_links":{"self":[{"href":"https:\/\/www.europesays.com\/si\/wp-json\/wp\/v2\/posts\/41061","targetHints":{"allow":["GET"]}}],"collection":[{"href":"https:\/\/www.europesays.com\/si\/wp-json\/wp\/v2\/posts"}],"about":[{"href":"https:\/\/www.europesays.com\/si\/wp-json\/wp\/v2\/types\/post"}],"author":[{"embeddable":true,"href":"https:\/\/www.europesays.com\/si\/wp-json\/wp\/v2\/users\/2"}],"replies":[{"embeddable":true,"href":"https:\/\/www.europesays.com\/si\/wp-json\/wp\/v2\/comments?post=41061"}],"version-history":[{"count":0,"href":"https:\/\/www.europesays.com\/si\/wp-json\/wp\/v2\/posts\/41061\/revisions"}],"wp:featuredmedia":[{"embeddable":true,"href":"https:\/\/www.europesays.com\/si\/wp-json\/wp\/v2\/media\/41062"}],"wp:attachment":[{"href":"https:\/\/www.europesays.com\/si\/wp-json\/wp\/v2\/media?parent=41061"}],"wp:term":[{"taxonomy":"category","embeddable":true,"href":"https:\/\/www.europesays.com\/si\/wp-json\/wp\/v2\/categories?post=41061"},{"taxonomy":"post_tag","embeddable":true,"href":"https:\/\/www.europesays.com\/si\/wp-json\/wp\/v2\/tags?post=41061"}],"curies":[{"name":"wp","href":"https:\/\/api.w.org\/{rel}","templated":true}]}}