{"id":42834,"date":"2026-03-31T09:32:07","date_gmt":"2026-03-31T09:32:07","guid":{"rendered":"https:\/\/www.europesays.com\/si\/42834\/"},"modified":"2026-03-31T09:32:07","modified_gmt":"2026-03-31T09:32:07","slug":"apokalipticni-prizor-nebo-se-je-obarvalo-krvavo-rdece","status":"publish","type":"post","link":"https:\/\/www.europesays.com\/si\/42834\/","title":{"rendered":"Apokalipti\u010dni prizor: Nebo se je obarvalo krvavo rde\u010de"},"content":{"rendered":"<p>Rde\u010de nebo je bilo posledica tropske nevihte.<\/p>\n<p>Nebo v Avstraliji se je v petek obarvalo krvavo rde\u010de. Tropski ciklon Narelle se je namre\u010d pribli\u017eal zahodni obali, prebivalci pa so opisovali apokalipti\u010dne\u00a0prizore in nebo, ki je izdalo zadnje opozorilo.<\/p>\n<p>Do spremembe barve je pri\u0161lo, ko je nevihta iz zna\u010dilne rde\u010de pokrajine severne Zahodne Avstralije v ozra\u010dje nanesla zemljo, bogato z \u017eelezom, so pojasnili na AccuWeather. Nacionalna uprava za oceane in atmosfero (NOA) je pojasnila, da je zemlja \u017ee milijone let podvr\u017eena procesu preperevanja in oksidacije. &#8220;V tak\u0161nem okolju te kamnine dejansko za\u010dnejo rjaveti,&#8221;\u00a0je pojasnila agencija. &#8220;Ko se rja \u0161iri, slabi kamnino in jo pomaga razgraditi.&#8221;<\/p>\n<p dir=\"ltr\" lang=\"en\">NO, that&#8217;s not a filter! \u2601\ufe0f\ud83d\udd34 The sky turned an eerie shade of red in Western Australia as dust filled the air ahead of Tropical Cyclone Narelle. <a href=\"https:\/\/t.co\/dCQ2hjFluI\" rel=\"nofollow\">pic.twitter.com\/dCQ2hjFluI<\/a><\/p>\n<p>\u2014 AccuWeather (@accuweather) <a href=\"https:\/\/twitter.com\/accuweather\/status\/2037929695938019747?ref_src=twsrc%5Etfw\" rel=\"nofollow noopener\" target=\"_blank\">March 28, 2026<\/a><\/p>\n<p>Ta proces daje zemlji rde\u010dkast odtenek, nevihta pa je obarvan prah raztresla po Shark Bayu, Denhamu in Karrathi na obali Pilbare. Angus Hines, vi\u0161ji napovedovalec pri Uradu za meteorologijo, je za ABC povedal, da je debela plast oblakov u\u010dinek precej poglobila. Pe\u0161\u010dene nevihte v Pilbari in Gascoynu so pogoste, vendar se obi\u010dajno pojavljajo pod modrim nebom, kjer neposredna son\u010dna svetloba zmeh\u010da barvo delcev v zraku. V petek so gosti oblaki ta posamezni vir svetlobe popolnoma blokirali.<\/p>\n<p>&#8220;Ko ima\u0161 gosto obla\u010dnost, se ne zdi, kot da svetloba prihaja iz enega samega vira,&#8221;\u00a0je dejal. &#8220;Ob\u010dutek je, kot da svetloba enakomerno osvetljuje tla, kot svetlobna plo\u0161\u010da in ne kot en sam svetel \u017earomet.&#8221;<\/p>\n<p dir=\"ltr\" lang=\"en\">Shark Bay, Western Australia looks gnarly as Cyclone Narelle drives a red dust storm through the region. <a href=\"https:\/\/t.co\/lreF9B36nA\" rel=\"nofollow\">pic.twitter.com\/lreF9B36nA<\/a><\/p>\n<p>\u2014 Rachel (@Rachel985456360) <a href=\"https:\/\/twitter.com\/Rachel985456360\/status\/2037779464646766827?ref_src=twsrc%5Etfw\" rel=\"nofollow noopener\" target=\"_blank\">March 28, 2026<\/a><\/p>\n<p>To je opisal kot &#8220;najbolj presenetljiv primer tega pojava, kar sem jih kdaj videl&#8221;. Prah se je ob pojavi vetra in de\u017eja hitro razkadil.<\/p>\n<p>Pojav, znan kot miejevo sipanje, se pojavi, ko son\u010dna svetloba zadene veliko \u0161tevilo mikroskopskih delcev, ki ustrezajo valovni dol\u017eini rde\u010de svetlobe.<\/p>\n<p>Nevihta Narelle je udarila trikrat. Najprej je dosegla kopno na skrajnem severu Queenslanda, nato pa je pre\u010dkala Severni teritorij in dosegla Zahodno Avstralija, navaja Independent.<\/p>\n<p><a href=\"https:\/\/www.zurnal24.si\/svet\/mailto:dezurni@styria-media.si\" rel=\"nofollow noopener\" target=\"_blank\">dezurni@styria-media.si<\/a><\/p>\n<p>                                            <script async src=\"https:\/\/platform.twitter.com\/widgets.js\" charset=\"utf-8\"><\/script><\/p>\n","protected":false},"excerpt":{"rendered":"Rde\u010de nebo je bilo posledica tropske nevihte. Nebo v Avstraliji se je v petek obarvalo krvavo rde\u010de. Tropski&hellip;\n","protected":false},"author":2,"featured_media":42835,"comment_status":"","ping_status":"","sticky":false,"template":"","format":"standard","meta":{"footnotes":"","_share_on_mastodon":"0"},"categories":[8],"tags":[2863,15386,37,38,64,15385,63,15387],"class_list":["post-42834","post","type-post","status-publish","format-standard","has-post-thumbnail","category-svet","tag-avstralija","tag-nebo","tag-slovene","tag-slovenscina","tag-svet","tag-tropska-nevihta","tag-world","tag-zemlja"],"share_on_mastodon":{"url":"https:\/\/pubeurope.com\/@si\/116323099907076625","error":""},"_links":{"self":[{"href":"https:\/\/www.europesays.com\/si\/wp-json\/wp\/v2\/posts\/42834","targetHints":{"allow":["GET"]}}],"collection":[{"href":"https:\/\/www.europesays.com\/si\/wp-json\/wp\/v2\/posts"}],"about":[{"href":"https:\/\/www.europesays.com\/si\/wp-json\/wp\/v2\/types\/post"}],"author":[{"embeddable":true,"href":"https:\/\/www.europesays.com\/si\/wp-json\/wp\/v2\/users\/2"}],"replies":[{"embeddable":true,"href":"https:\/\/www.europesays.com\/si\/wp-json\/wp\/v2\/comments?post=42834"}],"version-history":[{"count":0,"href":"https:\/\/www.europesays.com\/si\/wp-json\/wp\/v2\/posts\/42834\/revisions"}],"wp:featuredmedia":[{"embeddable":true,"href":"https:\/\/www.europesays.com\/si\/wp-json\/wp\/v2\/media\/42835"}],"wp:attachment":[{"href":"https:\/\/www.europesays.com\/si\/wp-json\/wp\/v2\/media?parent=42834"}],"wp:term":[{"taxonomy":"category","embeddable":true,"href":"https:\/\/www.europesays.com\/si\/wp-json\/wp\/v2\/categories?post=42834"},{"taxonomy":"post_tag","embeddable":true,"href":"https:\/\/www.europesays.com\/si\/wp-json\/wp\/v2\/tags?post=42834"}],"curies":[{"name":"wp","href":"https:\/\/api.w.org\/{rel}","templated":true}]}}