{"id":4395,"date":"2026-02-24T13:55:08","date_gmt":"2026-02-24T13:55:08","guid":{"rendered":"https:\/\/www.europesays.com\/si\/4395\/"},"modified":"2026-02-24T13:55:08","modified_gmt":"2026-02-24T13:55:08","slug":"kmetija-zgodilo-se-je-nepricakovano-tekmovalci-jokali-drugi-brez-besed","status":"publish","type":"post","link":"https:\/\/www.europesays.com\/si\/4395\/","title":{"rendered":"Kmetija: Zgodilo se je nepri\u010dakovano, tekmovalci jokali, drugi brez besed"},"content":{"rendered":"<p>V \u0161ovu Kmetija se je zgodilo nekaj, kar je zelo \u010dustveno vplivali na tekmovalce. Mnogi so jokali \u2026<\/p>\n<p>V \u0161ovu <a href=\"https:\/\/top24novice.si\/?s=kmetija\" target=\"_blank\" rel=\"noopener nofollow\">Kmetija<\/a> so tekmovalci do\u017eiveli edinstveno do\u017eivetje. Bili so pri\u010da rojstvu, krava je povrgla teli\u010dka.<\/p>\n<p><img fetchpriority=\"high\" decoding=\"async\" class=\"wp-image-30070 size-full\" title=\"Kmetija\" src=\"https:\/\/www.europesays.com\/si\/wp-content\/uploads\/2026\/02\/kmetija-hisa.jpg\" alt=\"hi\u0161a, kmetija, \" width=\"1200\" height=\"674\"  \/>Zgodilo se je novo rojstvo. (foto: Voyo\/posnetek zaslona)<\/p>\n<p>Ko se je vse skupaj za\u010delo, je bilo nekaj panike. K sre\u010di so med tekmovalci tudi Franc Fozel, Gregor Merdaus in Alenka Weiss, ki so do prihoda veterinarja to\u010dno vedeli, kako morajo ukrepati. Franci je nasmejal tekmovalce, ko jim je dejal, da \u010de bo bik, ga bodo poimenovali Dino, \u010de pa bo telica, pa bo dobila ime Dinka.<\/p>\n<p>\u00bbTo je prava kmetija, da to vidijo tudi druge, ne pa, da je samo kregarija,\u00ab je produkciji dejal Franc.<\/p>\n<p>\u00bbNekaj visi iz krave. Tega \u0161e nisem videl,\u00ab je produkciji povedal \u017diga. Dodal je, da je bil poleg, ko se je rodil njegov otrok. \u00bbPodo\u017eivljam, ker sem bil pri\u010da rojstvu svojega otroka. Ne da se opisati z besedam, ko prijoka na svet moder otrok in re\u010de\u0161, zakaj je moder?\u00ab<\/p>\n<p>Ur\u0161ka je jokala, preplavila so jo \u010dustva. \u00bbMeni je to nekaj najbolj magi\u010dnega. Meni gre kar na jok. Jaz sem tako sre\u010dna, to je nekaj najlep\u0161ega, ko se rojeva novo \u017eivljenje.\u00ab<\/p>\n<p><img loading=\"lazy\" decoding=\"async\" class=\"wp-image-30071 size-full\" title=\"Kmetija\" src=\"https:\/\/www.europesays.com\/si\/wp-content\/uploads\/2026\/02\/kmetija-krava.jpg\" alt=\"kmetija, tekmovalci, hlev, krava, \" width=\"1200\" height=\"674\"  \/>Krava je dobila teli\u010dka. (foto: Voyo\/posnetek zaslona)<\/p>\n","protected":false},"excerpt":{"rendered":"V \u0161ovu Kmetija se je zgodilo nekaj, kar je zelo \u010dustveno vplivali na tekmovalce. Mnogi so jokali \u2026&hellip;\n","protected":false},"author":2,"featured_media":4396,"comment_status":"","ping_status":"","sticky":false,"template":"","format":"standard","meta":{"footnotes":"","_share_on_mastodon":"0"},"categories":[18],"tags":[114,399,2640,62,37,58,60,38,2039,115],"class_list":["post-4395","post","type-post","status-publish","format-standard","has-post-thumbnail","category-zabava","tag-entertainment","tag-kmetija","tag-krava","tag-si","tag-slovene","tag-slovenia","tag-slovenija","tag-slovenscina","tag-tekmovalci","tag-zabava"],"share_on_mastodon":{"url":"","error":""},"_links":{"self":[{"href":"https:\/\/www.europesays.com\/si\/wp-json\/wp\/v2\/posts\/4395","targetHints":{"allow":["GET"]}}],"collection":[{"href":"https:\/\/www.europesays.com\/si\/wp-json\/wp\/v2\/posts"}],"about":[{"href":"https:\/\/www.europesays.com\/si\/wp-json\/wp\/v2\/types\/post"}],"author":[{"embeddable":true,"href":"https:\/\/www.europesays.com\/si\/wp-json\/wp\/v2\/users\/2"}],"replies":[{"embeddable":true,"href":"https:\/\/www.europesays.com\/si\/wp-json\/wp\/v2\/comments?post=4395"}],"version-history":[{"count":0,"href":"https:\/\/www.europesays.com\/si\/wp-json\/wp\/v2\/posts\/4395\/revisions"}],"wp:featuredmedia":[{"embeddable":true,"href":"https:\/\/www.europesays.com\/si\/wp-json\/wp\/v2\/media\/4396"}],"wp:attachment":[{"href":"https:\/\/www.europesays.com\/si\/wp-json\/wp\/v2\/media?parent=4395"}],"wp:term":[{"taxonomy":"category","embeddable":true,"href":"https:\/\/www.europesays.com\/si\/wp-json\/wp\/v2\/categories?post=4395"},{"taxonomy":"post_tag","embeddable":true,"href":"https:\/\/www.europesays.com\/si\/wp-json\/wp\/v2\/tags?post=4395"}],"curies":[{"name":"wp","href":"https:\/\/api.w.org\/{rel}","templated":true}]}}