{"id":44102,"date":"2026-04-01T09:37:06","date_gmt":"2026-04-01T09:37:06","guid":{"rendered":"https:\/\/www.europesays.com\/si\/44102\/"},"modified":"2026-04-01T09:37:06","modified_gmt":"2026-04-01T09:37:06","slug":"mariborcani-izglasujejo-obcina-pa-naredi-po-svoje","status":"publish","type":"post","link":"https:\/\/www.europesays.com\/si\/44102\/","title":{"rendered":"Maribor\u010dani izglasujejo, ob\u010dina pa naredi po svoje"},"content":{"rendered":"<p>    <a href=\"https:\/\/iasstorage.vecer.com\/cdn-cgi\/image\/width=1920,quality=75\/data\/Resources\/00\/00\/00\/00\/00\/00\/23\/29\/36\/91\/23293691q485BF026886A8C40A7EDF8AC1C1BEB9E_1920.jpg\" data-fancybox=\"gallery\" rel=\"nofollow noopener\" target=\"_blank\"><br \/>\n    <img decoding=\"async\" src=\"https:\/\/www.europesays.com\/si\/wp-content\/uploads\/2026\/04\/23293691q485BF026886A8C40A7EDF8AC1C1BEB9E_1200.jpg\" class=\"object-cover w-full\" alt=\"Med neizvedenimi projekti participativnega prora\u010duna, na katerega opozarjajo v IMZ,\u00a0je tudi Japonski vrt v Mestnem parku, kjer bi morala ob\u010dina prenoviti paviljon in urediti \u010dajni koti\u010dek\" width=\"775\" fetchpriority=\"high\" loading=\"eager\"\/><br \/>\n    <\/a><\/p>\n<p>Med neizvedenimi projekti participativnega prora\u010duna, na katerega opozarjajo v IMZ,\u00a0je tudi Japonski vrt v Mestnem parku, kjer bi morala ob\u010dina prenoviti paviljon in urediti \u010dajni koti\u010dek<\/p>\n<p>Andrej Petelin\u0161ek<\/p>\n<p>\n                        Datum 1. april 2026 10:13\n                    <\/p>\n<p>Iniciativa mestni zbor (IMZ) v javnem pismu opozarja na resne nepravilnosti pri izvajanju participativnega prora\u010duna v Mestni ob\u010dini Maribor. Kot navajajo, so \u0161tevilni izglasovani projekti neizvedeni, izvedeni delno ali celo v nasprotju z namenom predlagatelja.\u00a0&#8220;Problemati\u010dno je, \u010de ob\u010dani predlagajo vsebino, ki je kasneje izglasovana, ob\u010dina pa nato izvede nekaj drugega, ne da bi sploh obvestila predlagatelja in preverila, ali ob\u010dinska interpretacija sploh naslavlja, kaj\u00a0je ta \u017eelel nasloviti,&#8221; v javnem pismu zapi\u0161ejo v IMZ.<\/p>\n<p>Hkrati dodajo, da je ob\u010danom\u00a0onemogo\u010deno javno spremljanje izvajanja projektov, saj je ob\u010dina \u017ee pred \u010dasom prenehala financirati spletno\u00a0platformo Maribor, sodeluj, kjer se je oddajalo in bele\u017eilo predlagane projekte ter spremljalo izvedbo izglasovanih. Avtorji opozarjajo, da tak\u0161ne prakse spodkopavajo zaupanje javnosti in postavljajo pod vpra\u0161aj smisel novega cikla participativnega prora\u010duna: &#8220;\u010ce namerava ob\u010dina na temeljih tak\u0161ne prakse zagnati nov cikel, potem bo to slaba popotnica, ki vodi le v novo razo\u010daranje in ni za pri\u010dakovati, da bodo ob\u010dani v tak\u0161nih postopkih \u0161e aktivno sodelovali.&#8221;<\/p>\n<p>V IMZ zato pri\u010dakujejo, da bo ob\u010dina vendarle zagotovila transparentnost in\u00a0dosledno\u00a0izvedbo \u017ee izglasovanih projektov ter vzpostavila\u00a0jasna\u00a0pravila in odgovornosti pred morebitnim zagonom novega cikla.\u00a0Celotno pismo, v katerem IMZ med drugim opisuje tudi konkretne primere slabega izvajanja\u00a0participativnega prora\u010duna, lahko preberete na <a href=\"http:\/\/www.imz-maribor.org\/Kako-Mestna-obcina-Maribor-izvaja-projekte-participativnega-proracuna-in-zakaj-je-izvedbi-zelo-tezko.html\" target=\"_blank\" rel=\"nofollow noopener\">njihovi spletni strani<\/a>.<\/p>\n","protected":false},"excerpt":{"rendered":"Med neizvedenimi projekti participativnega prora\u010duna, na katerega opozarjajo v IMZ,\u00a0je tudi Japonski vrt v Mestnem parku, kjer bi&hellip;\n","protected":false},"author":2,"featured_media":44103,"comment_status":"","ping_status":"","sticky":false,"template":"","format":"standard","meta":{"footnotes":"","_share_on_mastodon":"0"},"categories":[22],"tags":[15711,15710,150,1221,484,5830,15709,6388,62,37,58,60,38],"class_list":["post-44102","post","type-post","status-publish","format-standard","has-post-thumbnail","category-maribor","tag-imz","tag-iniciativa-mestni-zbor","tag-maribor","tag-mestna-obcina-maribor","tag-obcina-maribor","tag-participativni-proracun","tag-participatorni-proracun","tag-projekti","tag-si","tag-slovene","tag-slovenia","tag-slovenija","tag-slovenscina"],"share_on_mastodon":{"url":"https:\/\/pubeurope.com\/@si\/116328781899367073","error":""},"_links":{"self":[{"href":"https:\/\/www.europesays.com\/si\/wp-json\/wp\/v2\/posts\/44102","targetHints":{"allow":["GET"]}}],"collection":[{"href":"https:\/\/www.europesays.com\/si\/wp-json\/wp\/v2\/posts"}],"about":[{"href":"https:\/\/www.europesays.com\/si\/wp-json\/wp\/v2\/types\/post"}],"author":[{"embeddable":true,"href":"https:\/\/www.europesays.com\/si\/wp-json\/wp\/v2\/users\/2"}],"replies":[{"embeddable":true,"href":"https:\/\/www.europesays.com\/si\/wp-json\/wp\/v2\/comments?post=44102"}],"version-history":[{"count":0,"href":"https:\/\/www.europesays.com\/si\/wp-json\/wp\/v2\/posts\/44102\/revisions"}],"wp:featuredmedia":[{"embeddable":true,"href":"https:\/\/www.europesays.com\/si\/wp-json\/wp\/v2\/media\/44103"}],"wp:attachment":[{"href":"https:\/\/www.europesays.com\/si\/wp-json\/wp\/v2\/media?parent=44102"}],"wp:term":[{"taxonomy":"category","embeddable":true,"href":"https:\/\/www.europesays.com\/si\/wp-json\/wp\/v2\/categories?post=44102"},{"taxonomy":"post_tag","embeddable":true,"href":"https:\/\/www.europesays.com\/si\/wp-json\/wp\/v2\/tags?post=44102"}],"curies":[{"name":"wp","href":"https:\/\/api.w.org\/{rel}","templated":true}]}}