{"id":44510,"date":"2026-04-01T16:16:24","date_gmt":"2026-04-01T16:16:24","guid":{"rendered":"https:\/\/www.europesays.com\/si\/44510\/"},"modified":"2026-04-01T16:16:24","modified_gmt":"2026-04-01T16:16:24","slug":"kmetija-ti-dve-tekmovalki-tudi-po-sovu-ostajata-zelo-dobri-prijateljici-preseneceni","status":"publish","type":"post","link":"https:\/\/www.europesays.com\/si\/44510\/","title":{"rendered":"Kmetija: Ti dve tekmovalki tudi po \u0161ovu ostajata zelo dobri prijateljici (presene\u010deni?)"},"content":{"rendered":"<p>Na Kmetiji se je rodilo mo\u010dno prijateljstvo. Ti dve tekmovalki si \u0161e danes stojita ob strani.<\/p>\n<p>V<a href=\"https:\/\/top24novice.si\/?s=kmetija\" target=\"_blank\" rel=\"noopener nofollow\"> Kmetiji<\/a> se poleg taktiziranj in strategij rodijo tudi nova prijateljstva, ki ostanejo mo\u010dna tudi izven \u0161ova. Tak primer sta Ur\u0161ka Gros in Carmen Osovnikar. \u017de na Kmetiji sta se razumeli zelo dobro, si stali ob strani in bili ena drugi mo\u010dna opora. Ko je Carmen zapustila \u0161ov, jo je Ur\u0161ka zelo pogre\u0161ala, a njuno prijateljstvo je po\u010dakalo. Skoraj leto dni po snemanju tekmovalki \u0161e vedno ohranjata svoj odnos.<\/p>\n<p><img fetchpriority=\"high\" decoding=\"async\" class=\"wp-image-30556 size-full\" title=\"kmetija\" src=\"https:\/\/www.europesays.com\/si\/wp-content\/uploads\/2026\/03\/urskina-druzina.jpg\" alt=\"tekmovalci, \u0161ov, Kmetija,\" width=\"2318\" height=\"1200\"  \/>Tekmovalci (foto: Voyo\/posnetek zaslona)<br \/>\nUr\u0161ka in Carmen sta zelo dobri prijateljici<\/p>\n<p>S svojimi sledilci obe na dru\u017ebenih omre\u017ejih radi delita utrinke svojega \u017eivljenja. Opazili smo, da tekmovalki druga drugo podpirata tudi zunaj. Prijateljici se \u0161e danes radi dobita na pija\u010di ali pa gresta skupaj na izlet. Obe sta v \u0161ovu in tudi izven njega dokazali, da sta zelo mo\u010dni osebi, saj se na negativne komentarje sploh ne ozirata. Zavedata se namre\u010d svoje mo\u010dne podpore gledalcev in sledilcev, ki ju zelo radi spremljajo.<\/p>\n<p>Pravo prijateljstvo se ka\u017ee tudi v podpori<\/p>\n<p>Carmen je po odhodu s Kmetije iskreno spregovorila o svoji izku\u0161nji v \u0161ovu. Udele\u017eila se je tudi podcastov, kjer je bila tako kot vedno zelo iskrena. Na Instagramu je tudi delila fotografijo iz studija POP TV, pod objavo pa se je takoj javila njena prijateljica Ur\u0161ka: \u00bb\u010cas je za Carmen Osovnikar podcast, ker tole ti noro pa\u0161e.\u00ab Na fotografiji namre\u010d lahko vidimo popolnoma urejeno Carmen, ki samozavestno pripoveduje o svoji izku\u0161nji.<\/p>\n","protected":false},"excerpt":{"rendered":"Na Kmetiji se je rodilo mo\u010dno prijateljstvo. Ti dve tekmovalki si \u0161e danes stojita ob strani. V Kmetiji&hellip;\n","protected":false},"author":2,"featured_media":44511,"comment_status":"","ping_status":"","sticky":false,"template":"","format":"standard","meta":{"footnotes":"","_share_on_mastodon":"0"},"categories":[18],"tags":[1704,114,399,384,62,37,58,60,38,1601,115],"class_list":["post-44510","post","type-post","status-publish","format-standard","has-post-thumbnail","category-zabava","tag-carmen-osovnikar","tag-entertainment","tag-kmetija","tag-prijateljstvo","tag-si","tag-slovene","tag-slovenia","tag-slovenija","tag-slovenscina","tag-urska-gros","tag-zabava"],"share_on_mastodon":{"url":"https:\/\/pubeurope.com\/@si\/116330350763441203","error":""},"_links":{"self":[{"href":"https:\/\/www.europesays.com\/si\/wp-json\/wp\/v2\/posts\/44510","targetHints":{"allow":["GET"]}}],"collection":[{"href":"https:\/\/www.europesays.com\/si\/wp-json\/wp\/v2\/posts"}],"about":[{"href":"https:\/\/www.europesays.com\/si\/wp-json\/wp\/v2\/types\/post"}],"author":[{"embeddable":true,"href":"https:\/\/www.europesays.com\/si\/wp-json\/wp\/v2\/users\/2"}],"replies":[{"embeddable":true,"href":"https:\/\/www.europesays.com\/si\/wp-json\/wp\/v2\/comments?post=44510"}],"version-history":[{"count":0,"href":"https:\/\/www.europesays.com\/si\/wp-json\/wp\/v2\/posts\/44510\/revisions"}],"wp:featuredmedia":[{"embeddable":true,"href":"https:\/\/www.europesays.com\/si\/wp-json\/wp\/v2\/media\/44511"}],"wp:attachment":[{"href":"https:\/\/www.europesays.com\/si\/wp-json\/wp\/v2\/media?parent=44510"}],"wp:term":[{"taxonomy":"category","embeddable":true,"href":"https:\/\/www.europesays.com\/si\/wp-json\/wp\/v2\/categories?post=44510"},{"taxonomy":"post_tag","embeddable":true,"href":"https:\/\/www.europesays.com\/si\/wp-json\/wp\/v2\/tags?post=44510"}],"curies":[{"name":"wp","href":"https:\/\/api.w.org\/{rel}","templated":true}]}}