{"id":44603,"date":"2026-04-01T17:47:08","date_gmt":"2026-04-01T17:47:08","guid":{"rendered":"https:\/\/www.europesays.com\/si\/44603\/"},"modified":"2026-04-01T17:47:08","modified_gmt":"2026-04-01T17:47:08","slug":"silovito-je-pocilo-23-letnika-odpeljali-s-helikopterjem","status":"publish","type":"post","link":"https:\/\/www.europesays.com\/si\/44603\/","title":{"rendered":"Silovito je po\u010dilo, 23-letnika odpeljali s helikopterjem"},"content":{"rendered":"<p>V \u010delnem tr\u010denju so bile po\u0161kodovane tri osebe.<\/p>\n<p>V sredo, 1. aprila, je okoli 7.50 pri\u0161lo do prometne nesre\u010de na <a href=\"https:\/\/www.zurnal24.si\/slovenija\/krava-zaprla-pomursko-avtocesto-456956\" rel=\"nofollow noopener\" target=\"_blank\">cesti <\/a>Spodnja Idrija \u2013 Cerkno, v kateri sta bili udele\u017eeni dve osebni vozili. Nesre\u010do je povzro\u010dil 65-letni voznik osebnega vozila, v katerem je bil tudi 23-letni sopotnik. 65-letnik je vozil iz Idrije proti Cerknemu in na ravnem delu ceste iz neznanega razloga zapeljal na nasprotno smerno vozi\u0161\u010de ter \u010delno tr\u010dil v osebni avtomobil, ki ga je vozila 40-letnica.<\/p>\n<p>V nesre\u010di so bili vsi trije udele\u017eenci po\u0161kodovani. Na kraju so jih oskrbeli re\u0161evalci NMP ZD Idrija in NMP ZD Logatec. 40-letnico so odpeljali na zdravljenje v Splo\u0161no bolni\u0161nico \u0160empeter pri Gorici, 23-letnega pa so z voja\u0161kim helikopterjem prepeljali na nadaljnje zdravljenje v UKC Ljubljana.<\/p>\n<p>Na kraju so bili tudi gasilci PGD Cerkno in PGD Idrija. O prometni nesre\u010di so obvestili preiskovalno sodnico Okro\u017enega sodi\u0161\u010da ter okro\u017eno dr\u017eavno to\u017eilko v Nogi Gorici. Policisti Policijske postaje Idrija okoli\u0161\u010dine <a href=\"https:\/\/www.zurnal24.si\/slovenija\/crna-kronika\/prometna-nesreca-na-zaplani-v-smrt-peljal-starejsega-brata-456903\" rel=\"nofollow noopener\" target=\"_blank\">prometne nesre\u010de<\/a> s telesnimi po\u0161kodbami preiskujejo v smeri suma kaznivega dejanja povzro\u010ditve prometne nesre\u010de iz malomarnosti.<\/p>\n<p><a href=\"https:\/\/www.zurnal24.si\/slovenija\/mailto:dezurni@styria-media.si\" rel=\"nofollow noopener\" target=\"_blank\">dezurni@styria-media.si<\/a><\/p>\n","protected":false},"excerpt":{"rendered":"V \u010delnem tr\u010denju so bile po\u0161kodovane tri osebe. V sredo, 1. aprila, je okoli 7.50 pri\u0161lo do prometne&hellip;\n","protected":false},"author":2,"featured_media":44604,"comment_status":"","ping_status":"","sticky":false,"template":"","format":"standard","meta":{"footnotes":"","_share_on_mastodon":"0"},"categories":[6],"tags":[326,2584,215,8494,59,61,62,37,58,60,38,2011],"class_list":["post-44603","post","type-post","status-publish","format-standard","has-post-thumbnail","category-slovenija","tag-policija","tag-primorska","tag-prometna-nesreca","tag-pu-nova-gorica","tag-republic-of-slovenia","tag-republika-slovenija","tag-si","tag-slovene","tag-slovenia","tag-slovenija","tag-slovenscina","tag-trcenje"],"share_on_mastodon":{"url":"https:\/\/pubeurope.com\/@si\/116330708559831009","error":""},"_links":{"self":[{"href":"https:\/\/www.europesays.com\/si\/wp-json\/wp\/v2\/posts\/44603","targetHints":{"allow":["GET"]}}],"collection":[{"href":"https:\/\/www.europesays.com\/si\/wp-json\/wp\/v2\/posts"}],"about":[{"href":"https:\/\/www.europesays.com\/si\/wp-json\/wp\/v2\/types\/post"}],"author":[{"embeddable":true,"href":"https:\/\/www.europesays.com\/si\/wp-json\/wp\/v2\/users\/2"}],"replies":[{"embeddable":true,"href":"https:\/\/www.europesays.com\/si\/wp-json\/wp\/v2\/comments?post=44603"}],"version-history":[{"count":0,"href":"https:\/\/www.europesays.com\/si\/wp-json\/wp\/v2\/posts\/44603\/revisions"}],"wp:featuredmedia":[{"embeddable":true,"href":"https:\/\/www.europesays.com\/si\/wp-json\/wp\/v2\/media\/44604"}],"wp:attachment":[{"href":"https:\/\/www.europesays.com\/si\/wp-json\/wp\/v2\/media?parent=44603"}],"wp:term":[{"taxonomy":"category","embeddable":true,"href":"https:\/\/www.europesays.com\/si\/wp-json\/wp\/v2\/categories?post=44603"},{"taxonomy":"post_tag","embeddable":true,"href":"https:\/\/www.europesays.com\/si\/wp-json\/wp\/v2\/tags?post=44603"}],"curies":[{"name":"wp","href":"https:\/\/api.w.org\/{rel}","templated":true}]}}