{"id":49650,"date":"2026-04-06T16:58:06","date_gmt":"2026-04-06T16:58:06","guid":{"rendered":"https:\/\/www.europesays.com\/si\/49650\/"},"modified":"2026-04-06T16:58:06","modified_gmt":"2026-04-06T16:58:06","slug":"kaoticno-na-cestah-nesrece-zastoji-in-ovire-zurnal24","status":"publish","type":"post","link":"https:\/\/www.europesays.com\/si\/49650\/","title":{"rendered":"Kaoti\u010dno na cestah: Nesre\u010de, zastoji in ovire &#8211; \u017durnal24"},"content":{"rendered":"<p><a href=\"https:\/\/news.google.com\/rss\/articles\/CBMijAFBVV95cUxOQWdndnAxY2pJUlhpTEhVRVNCeHd4eFJzNFVUbEFUYklhekpVOTBQM0lkQkpSNks2MkVySFlTV1dnMF9BdVpkYmZGLURvakYxSF9ZQ0ltbTBqQ3BmaThvRmNKeEIyc20wdVJHLU1CSXc5Ny1Md3FjNTFGc0pqbFBUd2p2Y2U1Wjk3QWNpdw?oc=5\" target=\"_blank\" rel=\"nofollow noopener\">Kaoti\u010dno na cestah: Nesre\u010de, zastoji in ovire<\/a>&nbsp;&nbsp;\u017durnal24<a href=\"https:\/\/news.google.com\/rss\/articles\/CBMipgFBVV95cUxPRWFQSU9CemY4YWN2d1NSdWhUNzNwMDJNZFJpTjgtbDBOSmYxVS1GYkVfQmtvbWJTaGtGRWNib281WndiQTNNVVAzRmo4a252aG90cS1HTTFmZ1Jhd0tsM2J3VEJ6QU92eE1RNl9OZzFXcnBTRFBxVE9acjNZX2hkbkxyXzJSSWdPVERFSS1KeURYYVBMVWVndTdCaWVVZmxscnFscnd3?oc=5\" target=\"_blank\" rel=\"nofollow noopener\">Zgo\u0161\u010den promet, na primorski avtocesti zastoj zaradi nesre\u010de<\/a>&nbsp;&nbsp;24ur.com<a href=\"https:\/\/news.google.com\/rss\/articles\/CBMimAFBVV95cUxOU05BOTFEYXBkVy1RQWlFOVVxaVN3Q1pyNXhFR0pRZmZ6RnVvRW10a2xNX3dHa2NmZXRoSkQ3SlZnR25fUU9HVXdvWUptQlRRM3c2bmVyazg3cTQwaC1HZjYwdG1raUFPcEYzcklGaWxxRFBDLVZpbm5tTjlrUko0WmZzSG13dTZoOXh2SHQ4S2ZrdUhKaXUzOA?oc=5\" target=\"_blank\" rel=\"nofollow noopener\">Velikono\u010dni ponedeljek prina\u0161a ve\u010d prometa<\/a>&nbsp;&nbsp;rtvslo.si<a href=\"https:\/\/news.google.com\/rss\/articles\/CBMikwJBVV95cUxNelBBVFRfdF9kLUxVUVBqWndrVlZfRmlrUy1ucUlNYS1xSUI3WHQ2ZVg1SEU2Z0lsQVVfbHNPSjlNTTNBeTZlejJhUm9JY3hSNzNjajZQeURrUFAtZVFJNXJUdWtMRklHSy1qc0YtLU5JMTd1QjVRdmRBdUVZY0p2R21KVmJ0S3JWTnlGQkJLYmdBRG9WRTl3d2dvWkJ0VDd2UzRWNTFpZWtaenZNZHBsMThpNXQzUEZ5TS0xUi14Ml93NGlOQXhQWFlkM1JocGhIRnltbEVfcHBuN3REb0c1TmVWREMzZGJPTFJmUktyb0k2OHhBUXBzaEYyaWdYSzJmQVdqWERUZ09wblhRbFozeGI1dw?oc=5\" target=\"_blank\" rel=\"nofollow noopener\">Velikono\u010dni ponedeljek prina\u0161a kolone na cestah: preverite kriti\u010dne to\u010dke \u2013 policija opozarja tudi na pove\u010dano \u0161tevilo motoristov zaradi dogodka v Mirni Pe\u010di<\/a>&nbsp;&nbsp;NaDlani.si<a href=\"https:\/\/news.google.com\/rss\/articles\/CBMirAFBVV95cUxQdFFIbXVtekI5LWk5MnJIOE5XWHk2R3NzNHlrTUZUMGQxMjh4MnV3TVRlWF95R1cxVkhBTjNlRklqYkFYNHljWHloXzhVMjU1dEZPdTZKVXBYWkhRUGRpTi10LVpsRmRUY3c0WlBVNTlZVnh5cnU4eGJfcjFhS3R5UUpCUWVjUGNURDU3RUlOd3RXTkdjOWlkNUlDY2hxS1h5b0NuRFc5c3lCWXZL?oc=5\" target=\"_blank\" rel=\"nofollow noopener\">Zaradi velikono\u010dnih praznikov prihaja prometni val in zastoji<\/a>&nbsp;&nbsp;Ljubljanainfo.com<\/p>\n","protected":false},"excerpt":{"rendered":"Kaoti\u010dno na cestah: Nesre\u010de, zastoji in ovire&nbsp;&nbsp;\u017durnal24Zgo\u0161\u010den promet, na primorski avtocesti zastoj zaradi nesre\u010de&nbsp;&nbsp;24ur.comVelikono\u010dni ponedeljek prina\u0161a ve\u010d prometa&nbsp;&nbsp;rtvslo.siVelikono\u010dni&hellip;\n","protected":false},"author":2,"featured_media":49651,"comment_status":"","ping_status":"","sticky":false,"template":"","format":"standard","meta":{"footnotes":"","_share_on_mastodon":"0"},"categories":[20],"tags":[32,35,31,34,36,2014,2584,827,215,37,60,38,33],"class_list":["post-49650","post","type-post","status-publish","format-standard","has-post-thumbnail","category-novice","tag-headlines","tag-najpomembnejse-novice","tag-news","tag-novice","tag-osrednje-novice","tag-prazniki","tag-primorska","tag-promet","tag-prometna-nesreca","tag-slovene","tag-slovenija","tag-slovenscina","tag-top-stories"],"share_on_mastodon":{"url":"https:\/\/pubeurope.com\/@si\/116358827473686866","error":""},"_links":{"self":[{"href":"https:\/\/www.europesays.com\/si\/wp-json\/wp\/v2\/posts\/49650","targetHints":{"allow":["GET"]}}],"collection":[{"href":"https:\/\/www.europesays.com\/si\/wp-json\/wp\/v2\/posts"}],"about":[{"href":"https:\/\/www.europesays.com\/si\/wp-json\/wp\/v2\/types\/post"}],"author":[{"embeddable":true,"href":"https:\/\/www.europesays.com\/si\/wp-json\/wp\/v2\/users\/2"}],"replies":[{"embeddable":true,"href":"https:\/\/www.europesays.com\/si\/wp-json\/wp\/v2\/comments?post=49650"}],"version-history":[{"count":0,"href":"https:\/\/www.europesays.com\/si\/wp-json\/wp\/v2\/posts\/49650\/revisions"}],"wp:featuredmedia":[{"embeddable":true,"href":"https:\/\/www.europesays.com\/si\/wp-json\/wp\/v2\/media\/49651"}],"wp:attachment":[{"href":"https:\/\/www.europesays.com\/si\/wp-json\/wp\/v2\/media?parent=49650"}],"wp:term":[{"taxonomy":"category","embeddable":true,"href":"https:\/\/www.europesays.com\/si\/wp-json\/wp\/v2\/categories?post=49650"},{"taxonomy":"post_tag","embeddable":true,"href":"https:\/\/www.europesays.com\/si\/wp-json\/wp\/v2\/tags?post=49650"}],"curies":[{"name":"wp","href":"https:\/\/api.w.org\/{rel}","templated":true}]}}