{"id":51556,"date":"2026-04-08T10:57:09","date_gmt":"2026-04-08T10:57:09","guid":{"rendered":"https:\/\/www.europesays.com\/si\/51556\/"},"modified":"2026-04-08T10:57:09","modified_gmt":"2026-04-08T10:57:09","slug":"mladoletnik-sredi-ulice-z-maceto-nad-dedkovo-partnerico-zrtev-umrla-v-bolnisnici","status":"publish","type":"post","link":"https:\/\/www.europesays.com\/si\/51556\/","title":{"rendered":"Mladoletnik sredi ulice z ma\u010deto nad dedkovo partnerico, \u017ertev umrla v bolni\u0161nici"},"content":{"rendered":"<p>    <img decoding=\"async\" data-lb-desktop=\"\/media\/2026\/04\/08\/820807\/Orig-SrbijaPolici-1200.webp\" data-lb-mobile=\"\/media\/2026\/04\/08\/820807\/Orig-SrbijaPolici-600.webp\" class=\"main-gallery-image se_image_lb\" src=\"https:\/\/www.europesays.com\/si\/wp-content\/uploads\/2026\/04\/Wide-SrbijaPolici-1000.webp.webp\" alt=\" Srbska policija\"\/><\/p>\n<p>Policisti so osumljenca zelo hitro prijeli. Simboli\u010dna fotografija: Pixsell<\/p>\n<p>Mladoletnik sredi ulice z ma\u010deto nad dedkovo partnerico, \u017ertev umrla v bolni\u0161nici<\/p>\n<p>Policija je zaradi suma umora aretirala najstnika, ki naj bi sredi belega dne v Obrenovcu ve\u010dkrat zabodel dedkovo partnerico. S kraja dogodka je najprej pobegnil, potem pa se je vrnil in dokon\u010dal zlo\u010din. \u017denska je v bolni\u0161nici umrla, 77-letni dedek je hudo ranjen.<\/p>\n<p>Sredi Obrenovca, ki le\u017ei okoli 40 kilometrov jugozahodno od Beograda, se je v\u010deraj zgodil \u00a0krvavi napad. \u0160estnajstletni fant je na ulici z ma\u010deto napadel 51-letno partnerico svojega dedka Mirelo M. Po poro\u010danju srbskih medijev jo je napadel od zadaj in jo zabodel v hrbet.<\/p>\n<p>S \u010dim to\u010dno jo je zabodel, ni povsem jasno, saj srbski mediji pi\u0161ejo, da bodisi z ma\u010deto bodisi z no\u017eem. Obenem pa razli\u010dno poro\u010dajo tudi o osumljen\u010devi starosti \u2013 eni pi\u0161ejo, da je star 16 let, drugi, da ima\u00a0 17 let.<\/p>\n<p>Vrnil se je in jo \u0161e enkrat zabodel<\/p>\n<p>Najstnikov 77-letni dedek Milan P. jo je sku\u0161al re\u0161iti, a \u0161est desetletij mlaj\u0161ega vnuka ni mogel obvladati. Po navedbah pri\u010d je takrat zakri\u010dal, da se bli\u017ea policija, kar je 16-letnika tako prestra\u0161ilo, da je sko\u010dil na skuter in se odpeljal.<\/p>\n<p>Ko je ugotovil, da ga je dedek pretental in da policistov \u0161e ni na kraju dogodka, se je obrnil in vrnil na kraj zlo\u010dina, kjer je \u017eenski, ki je na tleh \u017ee le\u017eala v mlaki krvi, zadal smrtonosne rane, zaradi katerih je v bolni\u0161nici umrla.<\/p>\n<p>    <a class=\"se-card__wrap se-card--link\" href=\"https:\/\/www.dnevnik.si\/novice\/kronika\/umoril-in-razkosal-naj-bi-dedka-ni-vec-ne-njega-ne-zage-2780201\/\" data-upscore-url=\"\" rel=\"nofollow noopener\" target=\"_blank\"><\/p>\n<p>        <img decoding=\"async\" class=\"se-image se-image--card\" src=\"https:\/\/www.europesays.com\/si\/wp-content\/uploads\/2026\/04\/Wide-Nisevic-400.webp.webp\" alt=\"Aleksandar Ni\u0161evi\u0107 ne priznava umora dedka Milo\u0161a. \"\/><\/p>\n<p>Hrva\u0161ka<\/p>\n<p>Umoril in razkosal naj bi dedka: \u00bbNi ve\u010d ne njega ne \u017eage\u00ab<\/p>\n<p>    <\/a><\/p>\n<p>Tam je s hudimi po\u0161kodbami pristal tudi 77-letni dedek, ki se je pogumno postavil po robu vnuku, a svoje partnerice vseeno ni mogel re\u0161iti.<\/p>\n<p>Fant je potem sku\u0161al pobegniti, a so ga policisti zelo hitro izsledili, obvladali in prijeli, aretacijo pa je nekdo posnel. Po poro\u010danju portala Informer je \u017ee na kraju zlo\u010dina priznal dejanje in policistom pojasnil vse podrobnosti. Odvedel jih je tudi do kraja, kjer je odvrgel morilsko oro\u017eje.<\/p>\n<p>Motiv napada za zdaj ni znan, po pisanju Informerja \u00a0naj bi se najstnik in njegovi tar\u010di petnajst minut pred zlo\u010dinom sprli. Kaznivo dejanje se je zgodilo pred dedkovim lokalom. \u00bbTja sta se pripeljala s kombijem, on jima je sledil na skuterju oziroma motorju. V rokah je imel steklenico vode in ju je polil. Za\u010deli so kri\u010dati drug na drugega, fant je sku\u0161al pobegniti, Milan ga je lovil s kombijem, a se je potem vrnil v lokal. Kak\u0161nih 15 minut pozneje\u00a0se je fant vrnil in ju za\u010del zabadati. Bilo je grozno,\u00ab je za Informer brutalen napad opisala pri\u010da.<\/p>\n<p>    <a class=\"se-card__wrap se-card--link\" href=\"https:\/\/www.dnevnik.si\/novice\/kronika\/mladenicu-20-let-zapora-za-umor-oceta-dedka-in-babice-2775745\/\" data-upscore-url=\"\" rel=\"nofollow noopener\" target=\"_blank\"><\/p>\n<p>        <img decoding=\"async\" class=\"se-image se-image--card\" src=\"https:\/\/www.europesays.com\/si\/wp-content\/uploads\/2026\/04\/Wide-884024-400.webp.webp\" alt=\"- simboli\u010dna fotografija - policijske lisice - priprava za vklepanje aretirancev, zapornikov: - obsojenec, obsodba, zapornik, sodi\u0161\u010de, pravosodje, umor, kriminalec\/\/FOTO: Jaka Gasar\"\/><\/p>\n<p>Srbija<\/p>\n<p>Mladeni\u010du 20 let zapora za umor o\u010deta, dedka in babice<\/p>\n<p>    <\/a><\/p>\n<p>Po spletu iskal informacije o kazni<\/p>\n<p>Po poro\u010danju srbskih medijev naj bi najstnik napad na\u010drtoval. Pred samo izvedbo naj bi namre\u010d po spletu iskal informacije o tem, kak\u0161na kazen ga \u010daka za tak\u0161no kaznivo dejanje. Po poro\u010danju portala Kurir naj bi iskal, \u00bbkdaj po napadu lahko gre domov\u00ab, pa\u00a0tudi zakonske posledice, predpisane za mladoletnike. Enako vpra\u0161anje naj bi postavil tudi kriminalistom takoj po aretaciji.<\/p>\n<p>Spomnimo: tak\u0161no hladnokrvnost in prera\u010dunljivost je pokazal tudi Kosta K., ki je maja 2023 izvedel strelski pokol na osnovni \u0161oli. Preveril je, ali je pri trinajstih letih za dejanje kazensko odgovoren. Izkazalo se je, da ni.<\/p>\n<p>    <a class=\"se-card__wrap se-card--link\" href=\"https:\/\/www.dnevnik.si\/novice\/kronika\/srbski-najstniski-morilec-si-je-zelel-da-bi-ga-imeli-za-psihopata-2737251\/\" data-upscore-url=\"\" rel=\"nofollow noopener\" target=\"_blank\"><\/p>\n<p>        <img decoding=\"async\" class=\"se-image se-image--card\" src=\"https:\/\/www.europesays.com\/si\/wp-content\/uploads\/2026\/03\/Square-srbij-400.webp.webp\" alt=\"Trinajstletni Kosta je pred mesecem dni na svoji osnovni \u0161oli pobil osem so\u0161olk in so\u0161olcev, pi\u0161tolo pa je najprej uperil v varnostnika. Ve\u010d otrok je ranil. \"\/><\/p>\n<p>Strelski pohod<\/p>\n<p>Srbski najstni\u0161ki morilec si je \u017eelel, da bi ga imeli za psihopata<\/p>\n<p>    <\/a><\/p>\n","protected":false},"excerpt":{"rendered":"Policisti so osumljenca zelo hitro prijeli. Simboli\u010dna fotografija: Pixsell Mladoletnik sredi ulice z ma\u010deto nad dedkovo partnerico, \u017ertev&hellip;\n","protected":false},"author":2,"featured_media":51557,"comment_status":"","ping_status":"","sticky":false,"template":"","format":"standard","meta":{"footnotes":"","_share_on_mastodon":"0"},"categories":[8],"tags":[6811,17655,17654,17653,37,38,64,17652,63],"class_list":["post-51556","post","type-post","status-publish","format-standard","has-post-thumbnail","category-svet","tag-druzinsko-nasilje","tag-najstniski-morilec","tag-napad-na-dedka","tag-obrenovac","tag-slovene","tag-slovenscina","tag-svet","tag-umor-dedkove-partnerke","tag-world"],"share_on_mastodon":{"url":"https:\/\/pubeurope.com\/@si\/116368732892319574","error":""},"_links":{"self":[{"href":"https:\/\/www.europesays.com\/si\/wp-json\/wp\/v2\/posts\/51556","targetHints":{"allow":["GET"]}}],"collection":[{"href":"https:\/\/www.europesays.com\/si\/wp-json\/wp\/v2\/posts"}],"about":[{"href":"https:\/\/www.europesays.com\/si\/wp-json\/wp\/v2\/types\/post"}],"author":[{"embeddable":true,"href":"https:\/\/www.europesays.com\/si\/wp-json\/wp\/v2\/users\/2"}],"replies":[{"embeddable":true,"href":"https:\/\/www.europesays.com\/si\/wp-json\/wp\/v2\/comments?post=51556"}],"version-history":[{"count":0,"href":"https:\/\/www.europesays.com\/si\/wp-json\/wp\/v2\/posts\/51556\/revisions"}],"wp:featuredmedia":[{"embeddable":true,"href":"https:\/\/www.europesays.com\/si\/wp-json\/wp\/v2\/media\/51557"}],"wp:attachment":[{"href":"https:\/\/www.europesays.com\/si\/wp-json\/wp\/v2\/media?parent=51556"}],"wp:term":[{"taxonomy":"category","embeddable":true,"href":"https:\/\/www.europesays.com\/si\/wp-json\/wp\/v2\/categories?post=51556"},{"taxonomy":"post_tag","embeddable":true,"href":"https:\/\/www.europesays.com\/si\/wp-json\/wp\/v2\/tags?post=51556"}],"curies":[{"name":"wp","href":"https:\/\/api.w.org\/{rel}","templated":true}]}}