{"id":51745,"date":"2026-04-08T13:47:10","date_gmt":"2026-04-08T13:47:10","guid":{"rendered":"https:\/\/www.europesays.com\/si\/51745\/"},"modified":"2026-04-08T13:47:10","modified_gmt":"2026-04-08T13:47:10","slug":"evropa-izklaplja-zaznavanje-spolnih-zlorab-otrok-na-spletu-2","status":"publish","type":"post","link":"https:\/\/www.europesays.com\/si\/51745\/","title":{"rendered":"Evropa izklaplja zaznavanje spolnih zlorab otrok na spletu"},"content":{"rendered":"<p>            <a href=\"https:\/\/www.europesays.com\/si\/wp-content\/uploads\/2026\/04\/Evropa-izklaplja-zaznavanje-spolnih-zlorab-otrok-na-spletu-1.jpg\" data-caption=\"\"><img loading=\"lazy\" decoding=\"async\" width=\"631\" height=\"634\" class=\"entry-thumb td-modal-image\" src=\"https:\/\/www.europesays.com\/si\/wp-content\/uploads\/2026\/04\/Evropa-izklaplja-zaznavanje-spolnih-zlorab-otrok-na-spletu-1.jpg\"   alt=\"\" title=\"Evropa izklaplja zaznavanje spolnih zlorab otrok na spletu (1)\"\/><\/a>            <\/p>\n<p class=\"v1MsoNormal\">Od 3. aprila 2026 dalje ponudniki spletnih storitev v Evropski uniji ne bodo mogli ve\u010d zaznavati \u00a0in odstranjevati vsebin spolnih zlorab otrok na svojih platformah.<\/p>\n<p class=\"v1MsoNormal\">Skupna izjava, ki jo je podpisalo 247 organizacij, med katerimi je tudi Zveza prijateljev mladine Slovenije (ZPMS), ki si prizadevajo za pravice otrok in odpravo spolnih zlorab v vseh dr\u017eavah \u010dlanicah EU in \u0161ir\u0161e, ostro obsoja neuspeh evropskih odlo\u010devalcev, ki pretekli teden niso podalj\u0161ali pravne podlage za zaznavanje in odstranjevanje vsebin spolnih zlorab otrok na svojih platformah.<\/p>\n<p class=\"v1MsoNormal\">\u00a0<\/p>\n<p class=\"v1MsoNormal\">Ta neuspeh ustvarja zaskrbljujo\u010do in neodgovorno vrzel v za\u0161\u010diti otrok.<\/p>\n<p class=\"v1MsoNormal\">Za obravnavo milijonov slik in videoposnetkov spolnih zlorab otrok, ki kro\u017eijo po spletu, je zaznavanje klju\u010dnega pomena.\u00a0Do sedaj je bilo spletnim platformam omogo\u010deno, da prepoznajo in prijavijo spletne spolne zlorabe organom pregona, kar je vodilo do preiskav, identifikacije \u017ertev in pregona storilcev.\u00a0Prav tako je podjetjem bilo omogo\u010deno odstranjevanje nezakonite vsebine in prepre\u010devanje nadaljnjega \u0161irjenja: v zadnjih letih je bilo 99 % milijonov prijavljenih slik in videoposnetkov posredovanih s strani platform, ki uporabljajo tehnologijo zaznavanja. S tem je bilo iz obtoka odstranjenih veliko \u0161tevilo datotek z zlorabno vsebino.<\/p>\n<p class=\"v1MsoNormal\">Brez ustreznih mehanizmov zaznavanja se bo \u0161tevilo prijav tovrstnih vsebin ob\u010dutno zmanj\u0161alo, kot se je \u017ee pokazalo ob podobni vrzeli leta 2021. Organi pregona bodo izgubili klju\u010dne informacije za odkrivanje primerov, \u017ertve pa bodo ostale brez ustrezne za\u0161\u010dite. Za vsako sliko in videoposnetkom stoji otrok, ki je izpostavljen ponavljajo\u010dim se kr\u0161itvam svojih temeljnih pravic, vklju\u010dno s pravico do dostojanstva in zasebnosti.<\/p>\n<p class=\"v1MsoNormal\">Za\u0161\u010dita otrok ni izbira. Je dol\u017enost, ki izhaja iz evropskih in mednarodnih pravnih zavez. Zato evropske odlo\u010devalce pozivamo k nujnemu ukrepanju za sprejetje trajnega pravnega okvira, ki bo zagotavljal nadaljnje zaznavanje spolnih zlorab otrok na spletu.<\/p>\n<p class=\"v1MsoNormal\">Novica:\u00a0<a href=\"https:\/\/www.zpms.si\/2026\/04\/03\/szj-_-evropa-izklaplja-zaznavanje-spolnih-zlorab-otrok-na-spletu\/\" target=\"_blank\" rel=\"noopener noreferrer nofollow\">https:\/\/www.zpms.si\/2026\/04\/03\/szj-_-evropa-izklaplja-zaznavanje-spolnih-zlorab-otrok-na-spletu\/<\/a><\/p>\n<p>\u00a0<\/p>\n<p class=\"v1MsoNormal\">Anja Vogri\u010d, mag. mend. vse\u017e. izobr.<\/p>\n<p class=\"v1MsoNormal\">Vodja kreativnih projektov ZPMS<\/p>\n","protected":false},"excerpt":{"rendered":"Od 3. aprila 2026 dalje ponudniki spletnih storitev v Evropski uniji ne bodo mogli ve\u010d zaznavati \u00a0in odstranjevati&hellip;\n","protected":false},"author":2,"featured_media":51746,"comment_status":"","ping_status":"","sticky":false,"template":"","format":"standard","meta":{"footnotes":"","_share_on_mastodon":"0"},"categories":[3],"tags":[65,66,37,38,16395],"class_list":["post-51745","post","type-post","status-publish","format-standard","has-post-thumbnail","category-evropa","tag-europe","tag-evropa","tag-slovene","tag-slovenscina","tag-zpms"],"share_on_mastodon":{"url":"https:\/\/pubeurope.com\/@si\/116369401102328401","error":""},"_links":{"self":[{"href":"https:\/\/www.europesays.com\/si\/wp-json\/wp\/v2\/posts\/51745","targetHints":{"allow":["GET"]}}],"collection":[{"href":"https:\/\/www.europesays.com\/si\/wp-json\/wp\/v2\/posts"}],"about":[{"href":"https:\/\/www.europesays.com\/si\/wp-json\/wp\/v2\/types\/post"}],"author":[{"embeddable":true,"href":"https:\/\/www.europesays.com\/si\/wp-json\/wp\/v2\/users\/2"}],"replies":[{"embeddable":true,"href":"https:\/\/www.europesays.com\/si\/wp-json\/wp\/v2\/comments?post=51745"}],"version-history":[{"count":0,"href":"https:\/\/www.europesays.com\/si\/wp-json\/wp\/v2\/posts\/51745\/revisions"}],"wp:featuredmedia":[{"embeddable":true,"href":"https:\/\/www.europesays.com\/si\/wp-json\/wp\/v2\/media\/51746"}],"wp:attachment":[{"href":"https:\/\/www.europesays.com\/si\/wp-json\/wp\/v2\/media?parent=51745"}],"wp:term":[{"taxonomy":"category","embeddable":true,"href":"https:\/\/www.europesays.com\/si\/wp-json\/wp\/v2\/categories?post=51745"},{"taxonomy":"post_tag","embeddable":true,"href":"https:\/\/www.europesays.com\/si\/wp-json\/wp\/v2\/tags?post=51745"}],"curies":[{"name":"wp","href":"https:\/\/api.w.org\/{rel}","templated":true}]}}