{"id":51824,"date":"2026-04-08T15:01:08","date_gmt":"2026-04-08T15:01:08","guid":{"rendered":"https:\/\/www.europesays.com\/si\/51824\/"},"modified":"2026-04-08T15:01:08","modified_gmt":"2026-04-08T15:01:08","slug":"na-najvisjo-kolesarsko-raven-naj-bi-kmalu-stopil-se-en-slovenec-19-letni-erazem-valjavec","status":"publish","type":"post","link":"https:\/\/www.europesays.com\/si\/51824\/","title":{"rendered":"Na najvi\u0161jo kolesarsko raven naj bi kmalu stopil \u0161e en Slovenec \u2013 19-letni Erazem Valjavec"},"content":{"rendered":"<p>19-letni slovenski kolesar Erazem Valjavec, ki se je zadnji dve sezoni kalil v belgijski razvojni ekipi Soudal Quick-Step Devo Team, naj bi \u017ee prihodnje leto prestopil v najvi\u0161ji kolesarski razred, poro\u010da specializirani kolesarski portal WielerFlits.<\/p>\n<p>Po informacijah Wielerflitsa naj bi se pri ekipi Soudal Quick-Step po tej sezoni raz\u0161li z vsaj \u0161estimi kolesarji, medtem ko naj bi trije ali \u0161tirje perspektivni \u010dlani razvojne ekipe napredovali v ekipo svetovne serije. Med njimi je tudi Erazem Valjavec, ki je izstopal \u017ee v mladinskih kategorijah in bil reden \u010dlan slovenske reprezentance.<\/p>\n<p>Poleg Valjavca,\u00a0sina nekdanjega vrhunskega kolesarja Tadeja Valjavca, naj bi profesionalno pogodbo podpisala tudi 21-letni Italijan Federico Savino in leto mlaj\u0161i Belgijec Jasper Schoofs. Dogovor naj bi dosegli tudi z 20-letnim Belgijcem Victorjem Soenensom, vendar \u0161e ni jasno, ali bo v najvi\u0161ji razred prestopil \u017ee prihodnje leto ali \u0161ele leto pozneje.<\/p>\n<p>Zaradi pravil UCI, ki omogo\u010dajo kolesarjem iz razvojnih ekip nastope na najvi\u0161ji ravni, so omenjeni kolesarji v zadnjem letu in pol skupaj zbrali \u017ee 32 nastopov za \u010dlansko ekipo.<\/p>\n<p>Znotraj ekipe\u00a0Soudal Quick-Step se v ekipi do 19 let kali \u0161e en Slovenec, 18-letni Gal Stare, \u010dlanica njihove \u017eenske\u00a0ekipe\u00a0AG Insurance &#8211; Soudal Team\u00a0pa je Ur\u0161ka \u017digart.\u00a0<\/p>\n<p>Preberite \u0161e:<\/p>\n","protected":false},"excerpt":{"rendered":"19-letni slovenski kolesar Erazem Valjavec, ki se je zadnji dve sezoni kalil v belgijski razvojni ekipi Soudal Quick-Step&hellip;\n","protected":false},"author":2,"featured_media":51825,"comment_status":"","ping_status":"","sticky":false,"template":"","format":"standard","meta":{"footnotes":"","_share_on_mastodon":"0"},"categories":[16],"tags":[17738,4557,62,37,58,60,38,17739,94,93,1874],"class_list":["post-51824","post","type-post","status-publish","format-standard","has-post-thumbnail","category-sport","tag-erazem-valjavec","tag-primoz-roglic","tag-si","tag-slovene","tag-slovenia","tag-slovenija","tag-slovenscina","tag-soudal-quick-step","tag-sport","tag-sports","tag-tadej-pogacar"],"share_on_mastodon":{"url":"https:\/\/pubeurope.com\/@si\/116369691960314701","error":""},"_links":{"self":[{"href":"https:\/\/www.europesays.com\/si\/wp-json\/wp\/v2\/posts\/51824","targetHints":{"allow":["GET"]}}],"collection":[{"href":"https:\/\/www.europesays.com\/si\/wp-json\/wp\/v2\/posts"}],"about":[{"href":"https:\/\/www.europesays.com\/si\/wp-json\/wp\/v2\/types\/post"}],"author":[{"embeddable":true,"href":"https:\/\/www.europesays.com\/si\/wp-json\/wp\/v2\/users\/2"}],"replies":[{"embeddable":true,"href":"https:\/\/www.europesays.com\/si\/wp-json\/wp\/v2\/comments?post=51824"}],"version-history":[{"count":0,"href":"https:\/\/www.europesays.com\/si\/wp-json\/wp\/v2\/posts\/51824\/revisions"}],"wp:featuredmedia":[{"embeddable":true,"href":"https:\/\/www.europesays.com\/si\/wp-json\/wp\/v2\/media\/51825"}],"wp:attachment":[{"href":"https:\/\/www.europesays.com\/si\/wp-json\/wp\/v2\/media?parent=51824"}],"wp:term":[{"taxonomy":"category","embeddable":true,"href":"https:\/\/www.europesays.com\/si\/wp-json\/wp\/v2\/categories?post=51824"},{"taxonomy":"post_tag","embeddable":true,"href":"https:\/\/www.europesays.com\/si\/wp-json\/wp\/v2\/tags?post=51824"}],"curies":[{"name":"wp","href":"https:\/\/api.w.org\/{rel}","templated":true}]}}