{"id":53352,"date":"2026-04-09T22:54:17","date_gmt":"2026-04-09T22:54:17","guid":{"rendered":"https:\/\/www.europesays.com\/si\/53352\/"},"modified":"2026-04-09T22:54:17","modified_gmt":"2026-04-09T22:54:17","slug":"delodajalec-nadzoroval-vse-aktivnosti-zaposlenih-na-racunalnikih","status":"publish","type":"post","link":"https:\/\/www.europesays.com\/si\/53352\/","title":{"rendered":"Delodajalec nadzoroval vse aktivnosti zaposlenih na ra\u010dunalnikih"},"content":{"rendered":"<p>Informacijski poobla\u0161\u010denec je ugotovil, da je delodajalec izvajal prikriti nadzor brez pravne podlage, ne da bi zaposlene o tem obvestil in v obsegu, ki je presegal dopustne meje posega v zasebnost na delovnem mestu.<\/p>\n<p>V okviru in\u0161pekcijskega postopka je informacijski poobla\u0161\u010denec (IP) pri enem izmed delodajalcev ugotovil uporabo tehni\u010dnega sredstva za izvajanje prikritega nadzora nad zaposlenimi. Na eni izmed slu\u017ebenih naprav so na\u0161li podatke, ki so nastali pri spremljanju dejavnosti zaposlenih. Med drugim so na\u0161li posnetke zaslona in zvo\u010dne posnetke pogovorov.\u00a0<\/p>\n<p>&#8220;V postopku je bilo ugotovljeno, da je delodajalec na ra\u010dunalnike nekaterih zaposlenih namestil programsko opremo Spyrix Employee Monitoring, ki je ve\u010d mesecev sistemati\u010dno bele\u017eila vse aktivnosti, ki so jih zaposleni izvajali na slu\u017ebenih ra\u010dunalnikih, s \u010dimer je delodajalec pridobil popoln vpogled v izvajanje delovnih aktivnosti zaposlenih in njihovo zasebno \u017eivljenje, vklju\u010dno z vsebino komunikacije zaposlenih preko zasebne elektronske po\u0161te in popolnoma zasebnih pogovorov. Zaposleni o tem niso bili obve\u0161\u010deni,&#8221; so pojasnili pri informacijskem poobla\u0161\u010dencu.<\/p>\n<p>V postopku je bilo ugotovljeno, da delodajalec za tovrstno ravnanje ni izpolnjeval nobenega pogoja za zakonito obdelavo osebnih podatkov iz prvega odstavka 6. \u010dlena Splo\u0161ne uredbe o varstvu podatkov. S tem je kr\u0161il temeljno na\u010delo obdelave osebnih podatkov, tj. na\u010delo zakonitosti. Delodajalcu so zaradi ugotovljenih kr\u0161itev izrekli globo v vi\u0161ini 71.474 evrov, odgovorni osebi pa globo v vi\u0161ini 4.000 evrov.<\/p>\n<p><img decoding=\"async\" alt=\"Moderna ve\u010dja pisarna polna ljudi | Avtor: Profimedia\" class=\"rwd\" data-href=\"https:\/\/www.zurnal24.si\/media\/img\/54\/fd\/b2b6c0857bfd5fa55c1f.jpeg\" itemprop=\"image\" src=\"\/media\/img\/1e\/c8\/cec4604f1bad2dddd8b6.jpeg\"\/><\/p>\n<p>                Profimedia<\/p>\n<p>Nadzor mora biti nujen, sorazmeren in pregleden<\/p>\n<p>Informacijski poobla\u0161\u010denec opozarja, da gre pri nadzoru zaposlenih za eno\u00a0najob\u010dutljivej\u0161ih podro\u010dij obdelave osebnih podatkov. &#8220;Zakonodaja zahteva, da je vsak nadzor zakonit, nujen, sorazmeren in pregleden. Prikriti nadzor, ki vklju\u010duje bele\u017eenje dejavnosti, zajem zaslona ali snemanje zvoka, je dopusten le v izjemnih okoli\u0161\u010dinah in nikoli brez predhodnega jasnega obvestila zaposlenim. Delodajalec mora za vsako obdelavo osebnih podatkov izkazati ustrezno pravno podlago ter spo\u0161tovati na\u010delo najmanj\u0161ega obsega podatkov,&#8221; so razlo\u017eili.\u00a0<\/p>\n<p>Delodajalec mora za zakonito\u00a0in pregledno obdelavo osebnih podatkov na delovnem mestu\u00a0zagotoviti jasne interne postopke, ustrezno pravno podlago ter pravo\u010dasno in nedvoumno obve\u0161\u010danje zaposlenih o vseh oblikah nadzora. Nadzor se lahko izvaja le v obsegu, ki je nujen za dosego zakonitega cilja. Nikoli se nadzor ne sme izvajati na prikrit na\u010din ali na na\u010din, ki nesorazmerno posega v zasebnost zaposlenih.\u00a0<\/p>\n<p>Delodajalcem so lahko v pomo\u010d\u00a0Smernice o varstvu osebnih podatkov v delovnih razmerjih, ki pojasnjujejo dopustnost nadzora nad delovnimi sredstvi, obveznost vnaprej\u0161nje seznanitve zaposlenih ter omejitve pri uporabi tehni\u010dnih re\u0161itev. Na voljo so tudi smernice glede izvajanja videonadzora, ki podajajo jasne usmeritve glede zakonitosti in transparentnosti izvajanja videonadzora znotraj delovnih prostorov.\u00a0<\/p>\n<p><img decoding=\"async\" alt=\"pisarna delavci v pisarni ra\u010dunalniki | Avtor: Profimedia\" class=\"rwd\" data-href=\"https:\/\/www.zurnal24.si\/media\/img\/bb\/98\/6956d59d2f8b28358c3f.jpeg\" itemprop=\"image\" src=\"\/media\/img\/c7\/d7\/ede0ea043755f6d8e043.jpeg\"\/><\/p>\n<p>                Profimedia<\/p>\n<p>Klju\u010dne usmeritve iz smernic Informacijskega poobla\u0161\u010denca<\/p>\n<p>Varstvo osebnih podatkov v delovnih razmerjih:\u00a0<br \/>\u2022 obdelava osebnih podatkov zaposlenih mora biti omejena na tisto, kar je nujno za izvajanje delovnega razmerja,\u00a0<br \/>\u2022 delodajalec mora zagotoviti sorazmernost ukrepov in spo\u0161tovanje na\u010dela najmanj\u0161ega obsega podatkov,\u00a0<br \/>\u2022 nadzor nad delovnimi sredstvi mora biti zaposlenim vnaprej jasno predstavljen,\u00a0<br \/>\u2022 izvajanje prikritega nadzora ni dopustno, saj morajo biti zaposleni o nadzoru vnaprej obve\u0161\u010deni,\u00a0<br \/>\u2022 privolitev delavca v obdelavo podatkov je dopustna le izjemoma in le, \u010de je resni\u010dno prostovoljna.<\/p>\n<p>Smernice glede izvajanja videonadzora:\u00a0<br \/>\u2022 videonadzor mora imeti jasen, zakonit in izrecno opredeljen namen,\u00a0<br \/>\u2022 zaposleni morajo biti o videonadzoru ustrezno obve\u0161\u010deni,\u00a0<br \/>\u2022 snemanje zvoka praviloma ni dopustno,\u00a0<br \/>\u2022 dostop do posnetkov mora biti strogo omejen in ustrezno zavarovan,\u00a0<br \/>\u2022 videonadzora ni dovoljeno izvajati v prostorih, v katerih posameznik utemeljeno pri\u010dakuje vi\u0161jo stopnjo zasebnosti.\u00a0<\/p>\n<p><a href=\"https:\/\/www.zurnal24.si\/moj-sanjski-siht\/mailto:dezurni@styria-media.si\" rel=\"nofollow noopener\" target=\"_blank\">dezurni@styria-media.si<\/a><\/p>\n","protected":false},"excerpt":{"rendered":"Informacijski poobla\u0161\u010denec je ugotovil, da je delodajalec izvajal prikriti nadzor brez pravne podlage, ne da bi zaposlene o&hellip;\n","protected":false},"author":2,"featured_media":53353,"comment_status":"","ping_status":"","sticky":false,"template":"","format":"standard","meta":{"footnotes":"","_share_on_mastodon":"0"},"categories":[20],"tags":[1677,7307,32,239,35,31,34,36,37,38,33,1468],"class_list":["post-53352","post","type-post","status-publish","format-standard","has-post-thumbnail","category-novice","tag-aktivnosti","tag-delodajalec","tag-headlines","tag-nadzor","tag-najpomembnejse-novice","tag-news","tag-novice","tag-osrednje-novice","tag-slovene","tag-slovenscina","tag-top-stories","tag-zaposleni"],"share_on_mastodon":{"url":"https:\/\/pubeurope.com\/@si\/116377214291224544","error":""},"_links":{"self":[{"href":"https:\/\/www.europesays.com\/si\/wp-json\/wp\/v2\/posts\/53352","targetHints":{"allow":["GET"]}}],"collection":[{"href":"https:\/\/www.europesays.com\/si\/wp-json\/wp\/v2\/posts"}],"about":[{"href":"https:\/\/www.europesays.com\/si\/wp-json\/wp\/v2\/types\/post"}],"author":[{"embeddable":true,"href":"https:\/\/www.europesays.com\/si\/wp-json\/wp\/v2\/users\/2"}],"replies":[{"embeddable":true,"href":"https:\/\/www.europesays.com\/si\/wp-json\/wp\/v2\/comments?post=53352"}],"version-history":[{"count":0,"href":"https:\/\/www.europesays.com\/si\/wp-json\/wp\/v2\/posts\/53352\/revisions"}],"wp:featuredmedia":[{"embeddable":true,"href":"https:\/\/www.europesays.com\/si\/wp-json\/wp\/v2\/media\/53353"}],"wp:attachment":[{"href":"https:\/\/www.europesays.com\/si\/wp-json\/wp\/v2\/media?parent=53352"}],"wp:term":[{"taxonomy":"category","embeddable":true,"href":"https:\/\/www.europesays.com\/si\/wp-json\/wp\/v2\/categories?post=53352"},{"taxonomy":"post_tag","embeddable":true,"href":"https:\/\/www.europesays.com\/si\/wp-json\/wp\/v2\/tags?post=53352"}],"curies":[{"name":"wp","href":"https:\/\/api.w.org\/{rel}","templated":true}]}}