{"id":55874,"date":"2026-04-12T15:44:07","date_gmt":"2026-04-12T15:44:07","guid":{"rendered":"https:\/\/www.europesays.com\/si\/55874\/"},"modified":"2026-04-12T15:44:07","modified_gmt":"2026-04-12T15:44:07","slug":"nihce-ni-pricakoval-da-se-bo-to-zgodilo-s-skupino-atomik-harmonik","status":"publish","type":"post","link":"https:\/\/www.europesays.com\/si\/55874\/","title":{"rendered":"Nih\u010de ni pri\u010dakoval, da se bo to zgodilo s skupino Atomik Harmonik"},"content":{"rendered":"<p>        Atomik Harmonik so izdali novo pesem.<\/p>\n<p>Atomik Harmonik so pred kratkim presenetili svoje obo\u017eevalce, ko se je namesto \u0160pele Gro\u0161elj skupini pridru\u017eila h\u010di\u00a0Janija Pavca Sara Pavec. Sara ima sicer za svoja leta zgrajeno \u017ee zelo uspe\u0161no kariero, pred kratkim se je <a href=\"https:\/\/www.tocnoto.si\/na-dan-je-prisla-resnica-o-tem-kako-se-je-hci-janija-pavca-znasla-na-podelitvi-prestiznih-nagrad-grammy\/\" rel=\"nofollow noopener\" target=\"_blank\">udele\u017eila tudi glasbenih nagrad\u00a0<\/a>Grammy\u00a0v ZDA, kamor je od\u0161la s celo svojo dru\u017eino.<\/p>\n<p><img fetchpriority=\"high\" decoding=\"async\" class=\"size-full wp-image-451661\" src=\"https:\/\/www.europesays.com\/si\/wp-content\/uploads\/2026\/04\/Atomik-H.jpg\" alt=\"\" width=\"1220\" height=\"1090\"  \/>Skupina Atomik Harmonik<br \/>Vir: Instagram<\/p>\n<p>Zdaj pa so z nami delili povsem novo pesem z naslovom Dokler bo, ki je \u017ee o\u010darala obo\u017eevalce. Nekateri tega niso pri\u010dakovali, saj je bila skupina nekaj \u010dasa na premoru. Te dni so bili gostje pri Jasni Kuljaj, kjer so predstavili svoj novi hit, ki ga lahko sli\u0161ite spodaj.<\/p>\n","protected":false},"excerpt":{"rendered":"Atomik Harmonik so izdali novo pesem. Atomik Harmonik so pred kratkim presenetili svoje obo\u017eevalce, ko se je namesto&hellip;\n","protected":false},"author":2,"featured_media":55875,"comment_status":"","ping_status":"","sticky":false,"template":"","format":"standard","meta":{"footnotes":"","_share_on_mastodon":"0"},"categories":[18],"tags":[7787,114,62,37,58,60,38,115],"class_list":["post-55874","post","type-post","status-publish","format-standard","has-post-thumbnail","category-zabava","tag-atomik-harmonik","tag-entertainment","tag-si","tag-slovene","tag-slovenia","tag-slovenija","tag-slovenscina","tag-zabava"],"share_on_mastodon":{"url":"https:\/\/pubeurope.com\/@si\/116392510293314261","error":""},"_links":{"self":[{"href":"https:\/\/www.europesays.com\/si\/wp-json\/wp\/v2\/posts\/55874","targetHints":{"allow":["GET"]}}],"collection":[{"href":"https:\/\/www.europesays.com\/si\/wp-json\/wp\/v2\/posts"}],"about":[{"href":"https:\/\/www.europesays.com\/si\/wp-json\/wp\/v2\/types\/post"}],"author":[{"embeddable":true,"href":"https:\/\/www.europesays.com\/si\/wp-json\/wp\/v2\/users\/2"}],"replies":[{"embeddable":true,"href":"https:\/\/www.europesays.com\/si\/wp-json\/wp\/v2\/comments?post=55874"}],"version-history":[{"count":0,"href":"https:\/\/www.europesays.com\/si\/wp-json\/wp\/v2\/posts\/55874\/revisions"}],"wp:featuredmedia":[{"embeddable":true,"href":"https:\/\/www.europesays.com\/si\/wp-json\/wp\/v2\/media\/55875"}],"wp:attachment":[{"href":"https:\/\/www.europesays.com\/si\/wp-json\/wp\/v2\/media?parent=55874"}],"wp:term":[{"taxonomy":"category","embeddable":true,"href":"https:\/\/www.europesays.com\/si\/wp-json\/wp\/v2\/categories?post=55874"},{"taxonomy":"post_tag","embeddable":true,"href":"https:\/\/www.europesays.com\/si\/wp-json\/wp\/v2\/tags?post=55874"}],"curies":[{"name":"wp","href":"https:\/\/api.w.org\/{rel}","templated":true}]}}