{"id":56506,"date":"2026-04-13T07:59:11","date_gmt":"2026-04-13T07:59:11","guid":{"rendered":"https:\/\/www.europesays.com\/si\/56506\/"},"modified":"2026-04-13T07:59:11","modified_gmt":"2026-04-13T07:59:11","slug":"umrl-znan-hrvat-za-seboj-naj-bi-pustil-ogromno-bogastvo","status":"publish","type":"post","link":"https:\/\/www.europesays.com\/si\/56506\/","title":{"rendered":"Umrl znan Hrvat, za seboj naj bi pustil ogromno bogastvo"},"content":{"rendered":"<p>Umrl je Ivan Rimac. Blic pi\u0161e, da je za seboj pustil milijarde.<\/p>\n<p>Ivan Rimac, znani hrva\u0161ki podjetnik in o\u010de Mateja Rimca, je umrl v starosti 64 let, pi\u0161e Jutarnji list.<\/p>\n<p>&#8220;V imenu dru\u017eine Rimac lahko potrdimo, da je na\u0161 ljubljeni mo\u017e, o\u010de in dedek Ivan Rimac v\u010deraj umrl na svojem domu v Samoborju. Dru\u017eina prosi za zasebnost v teh te\u017ekih \u010dasih,&#8221; je sporo\u010dila dru\u017eina.<\/p>\n<p>Ivan Rimac je bil prvi resni vlagatelj v zgodnji razvoj podjetja Rimac Automobili, ki ga je ustanovil njegov sin Mate. Zagotovil mu je za\u010detni kapital za prve prototipe, ve\u010d let pa je bil tudi\u00a0predsednik nadzornega sveta tega podjetja. Kasneje se je s tega polo\u017eaja umaknil.<\/p>\n<p>&#8220;Njegovo poslovno kariero je zaznamoval tudi dolgotrajen sodni postopek. V primeru podjetja Slavonija DI iz Slavonskega Broda, ki ga je prevzel leta 2002, je bil junija 2024 obsojen na tri leta zapora zaradi zlorabe polo\u017eaja. Izvr\u0161itev kazni je bila zaradi zdravstvenih razlogov odlo\u017eena,&#8221; pi\u0161e Jutarnji.\u00a0<\/p>\n","protected":false},"excerpt":{"rendered":"Umrl je Ivan Rimac. Blic pi\u0161e, da je za seboj pustil milijarde. Ivan Rimac, znani hrva\u0161ki podjetnik in&hellip;\n","protected":false},"author":2,"featured_media":56507,"comment_status":"","ping_status":"","sticky":false,"template":"","format":"standard","meta":{"footnotes":"","_share_on_mastodon":"0"},"categories":[8],"tags":[18934,18935,37,38,64,63],"class_list":["post-56506","post","type-post","status-publish","format-standard","has-post-thumbnail","category-svet","tag-ivan-rimac","tag-mate-rimac","tag-slovene","tag-slovenscina","tag-svet","tag-world"],"share_on_mastodon":{"url":"https:\/\/pubeurope.com\/@si\/116396344180307301","error":""},"_links":{"self":[{"href":"https:\/\/www.europesays.com\/si\/wp-json\/wp\/v2\/posts\/56506","targetHints":{"allow":["GET"]}}],"collection":[{"href":"https:\/\/www.europesays.com\/si\/wp-json\/wp\/v2\/posts"}],"about":[{"href":"https:\/\/www.europesays.com\/si\/wp-json\/wp\/v2\/types\/post"}],"author":[{"embeddable":true,"href":"https:\/\/www.europesays.com\/si\/wp-json\/wp\/v2\/users\/2"}],"replies":[{"embeddable":true,"href":"https:\/\/www.europesays.com\/si\/wp-json\/wp\/v2\/comments?post=56506"}],"version-history":[{"count":0,"href":"https:\/\/www.europesays.com\/si\/wp-json\/wp\/v2\/posts\/56506\/revisions"}],"wp:featuredmedia":[{"embeddable":true,"href":"https:\/\/www.europesays.com\/si\/wp-json\/wp\/v2\/media\/56507"}],"wp:attachment":[{"href":"https:\/\/www.europesays.com\/si\/wp-json\/wp\/v2\/media?parent=56506"}],"wp:term":[{"taxonomy":"category","embeddable":true,"href":"https:\/\/www.europesays.com\/si\/wp-json\/wp\/v2\/categories?post=56506"},{"taxonomy":"post_tag","embeddable":true,"href":"https:\/\/www.europesays.com\/si\/wp-json\/wp\/v2\/tags?post=56506"}],"curies":[{"name":"wp","href":"https:\/\/api.w.org\/{rel}","templated":true}]}}