{"id":57526,"date":"2026-04-14T05:16:08","date_gmt":"2026-04-14T05:16:08","guid":{"rendered":"https:\/\/www.europesays.com\/si\/57526\/"},"modified":"2026-04-14T05:16:08","modified_gmt":"2026-04-14T05:16:08","slug":"umrl-je-ivan-rimac-oce-hrvaskega-avtomobilskega-guruja-mateja-rimca","status":"publish","type":"post","link":"https:\/\/www.europesays.com\/si\/57526\/","title":{"rendered":"Umrl je Ivan Rimac, o\u010de hrva\u0161kega avtomobilskega guruja Mateja Rimca"},"content":{"rendered":"<p>    <img decoding=\"async\" data-lb-desktop=\"\/media\/2026\/04\/13\/822063\/Orig-PXL_150616_13173858-1200.webp\" data-lb-mobile=\"\/media\/2026\/04\/13\/822063\/Orig-PXL_150616_13173858-600.webp\" class=\"main-gallery-image se_image_lb\" src=\"https:\/\/www.europesays.com\/si\/wp-content\/uploads\/2026\/04\/Wide-PXL_150616_13173858-1000.webp.webp\" alt=\"15.06.2016., Osijek - Pripremno rociste na Zupanijskom sudu na ponovljenom sudjenju bivsem zapovjedniku KOV-a generalu Mladenu Kruljcu i ostalima. Ivan Rimac s odvjetnikomrPhoto: Davor Javorovic\/PIXSELL\"\/><\/p>\n<p>Ivan Rimac. Foto: Pixsell<\/p>\n<p>Umrl je Ivan Rimac, o\u010de hrva\u0161kega avtomobilskega guruja Mateja Rimca<\/p>\n<p>Rimac je umrl v\u010deraj v 64. letu starosti, je potrdila dru\u017eina. Bil je podjetnik in klju\u010dni za\u010detni investitor v sinovo dru\u017ebo Rimac Automobili. Predlani je bil pravnomo\u010dno obsojen zaradi zlorabe zaupanja v gospodarskem poslovanju.<\/p>\n<p>\u00bbV imenu dru\u017eine Rimac lahko potrdimo, da je na\u0161 ljubljeni mo\u017e, o\u010de in dedek Ivan Rimac v\u010deraj preminil na svojem domu v Samoborju. Dru\u017eina v teh te\u017ekih trenutkih prosi za zasebnost,\u00ab pi\u0161e v sporo\u010dilu, <a href=\"https:\/\/www.index.hr\/vijesti\/clanak\/preminuo-ivan-rimac-otac-mate-rimca\/2781139.aspx\" target=\"_blank\" rel=\"nofollow noopener\">poro\u010da Index<\/a>.<\/p>\n<p>Ivan Rimac je imel klju\u010dno vlogo pri za\u010detkih podjetja Rimac Automobili, saj je bil prvi pomembnej\u0161i investitor v projekt svojega sina Mateja. Zagotovil je za\u010detni kapital za razvoj prvih prototipov in ve\u010d let vodil nadzorni odbor podjetja, preden se je umaknil.<\/p>\n<p>Mate Rimac je leta 2017 glede spornih poslov svojega o\u010deta dejal: \u00bbZoper mojega o\u010deta sta potekala dva postopka in v obeh je bil opro\u0161\u010den. Vedno je delal po\u0161teno in korektno. Nikoli ni posloval z dr\u017eavo in nikjer ni bil obsojen.\u00ab<\/p>\n<p>V znani hrva\u0161ki televizijski oddaji Nedjeljom u 2 je opisal, da je o\u010de v Nem\u010diji delal na gradbi\u0161\u010dih, mati pa je \u010distila hotele. V Samobor so se preselili leta 2000, \u010deprav je o\u010de na sodi\u0161\u010du trdil, da je bilo to leta 2003.<\/p>\n<p>    <a class=\"se-card__wrap se-card--link\" href=\"https:\/\/www.dnevnik.si\/mnenja\/kolumne\/robotaksiji-2795383\/\" data-upscore-url=\"\" rel=\"nofollow noopener\" target=\"_blank\"><\/p>\n<p>        <img decoding=\"async\" class=\"se-image se-image--card\" src=\"https:\/\/www.europesays.com\/si\/wp-content\/uploads\/2026\/04\/Wide-APotocnik-Komentar-400.webp.webp\" alt=\"- 08.08.2019 - Alja\u017e Potocnik - novinar Dnevnik\/\/FOTO: Luka Cjuha.------crno bela, za komentarjev tekoce in permanent !!!\"\/><\/p>\n<p>Alja\u017e Poto\u010dnik<\/p>\n<p>Robotaksiji<\/p>\n<p>    <\/a><\/p>\n<p>\u00bbO\u010de mi je dal kredit, ki sem mu ga vrnil do zadnje kune\u00ab<\/p>\n<p>Po selitvi na Hrva\u0161ko je Ivan Rimac ustanovil gradbeno podjetje Rimc, ki je na vrhuncu poslovanja ustvarjalo ve\u010d deset milijonov evrov prihodkov. Kmalu zatem je njegov sin ustanovil dru\u017ebo Rimac Automobili.<\/p>\n<p>Ko so leta 2009 investitorji iz Zdru\u017eenih arabskih emiratov odstopili od financiranja, je podjetje re\u0161il kredit, ki ga je Mate prejel od o\u010deta.<\/p>\n<p>        <img decoding=\"async\" data-lb-desktop=\"\/media\/2026\/04\/13\/822065\/Orig-rimacw324565-1200.webp\" data-lb-mobile=\"\/media\/2026\/04\/13\/822065\/Orig-rimacw324565-600.webp\" class=\"se_image se_image_lb\" src=\"https:\/\/www.europesays.com\/si\/wp-content\/uploads\/2026\/04\/Orig-rimacw324565-1000.webp.webp\" alt=\"Mate Rimac s prototipi robotaksijev.\"\/><\/p>\n<p>Mate Rimac. Foto: facebook<\/p>\n<p>Mate Rimac je takrat povedal: \u00bbBrez njega ne bi bil ve\u010dinski lastnik podjetja, niti podjetje ne bi ostalo na Hrva\u0161kem. O\u010de mi je dal prvi\u00a0denar. \u010ce ne bi bilo njega, bi moral prej vklju\u010diti investitorje in izgubil bi nadzor nad podjetjem.\u00ab<\/p>\n<p>Pravnomo\u010dna obsodba zaradi zlorabe zaupanja<\/p>\n<p>Poslovno pot Ivana Rimca je zaznamoval dolgotrajen sodni proces, povezan s podjetjem Slavonija DI iz Slavonskega Broda, ki ga je prevzel leta 2002. Junija 2024 je bil pravnomo\u010dno obsojen na tri leta zapora zaradi zlorabe zaupanja v gospodarskem poslovanju. Za\u010detek prestajanja kazni je bil prelo\u017een zaradi zdravstvenih razlogov.<\/p>\n<p>V zaporu bi se moral pojaviti januarja letos, a je sodi\u0161\u010du predlo\u017eil dodatno medicinsko dokumentacijo, ki je potrjevala operativni poseg. Sodi\u0161\u010de je zato ponovno zahtevalo mnenje zaporni\u0161ke bolni\u0161nice v Zagrebu.<\/p>\n<p>    <a class=\"se-card__wrap se-card--link\" href=\"https:\/\/www.dnevnik.si\/novice\/svet\/rimcevi-robotaksiji-bo-zagreb-namesto-obljubljene-domace-tehnologije-dobil-kitajsko-2793223\/\" data-upscore-url=\"\" rel=\"nofollow noopener\" target=\"_blank\"><\/p>\n<p>        <img decoding=\"async\" class=\"se-image se-image--card\" src=\"https:\/\/www.europesays.com\/si\/wp-content\/uploads\/2026\/04\/Wide-rimacw324565-400.webp.webp\" alt=\"Mate Rimac s prototipi robotaksijev.\"\/><\/p>\n<p>zaplet<\/p>\n<p>Rim\u010devi robotaksiji: bo Zagreb namesto obljubljene doma\u010de tehnologije dobil kitajsko?<\/p>\n<p>    <\/a><\/p>\n","protected":false},"excerpt":{"rendered":"Ivan Rimac. Foto: Pixsell Umrl je Ivan Rimac, o\u010de hrva\u0161kega avtomobilskega guruja Mateja Rimca Rimac je umrl v\u010deraj&hellip;\n","protected":false},"author":2,"featured_media":57527,"comment_status":"","ping_status":"","sticky":false,"template":"","format":"standard","meta":{"footnotes":"","_share_on_mastodon":"0"},"categories":[8],"tags":[19157,19158,126,2216,18934,18935,17620,37,38,635,64,63,19159],"class_list":["post-57526","post","type-post","status-publish","format-standard","has-post-thumbnail","category-svet","tag-druzinski-podjetniki","tag-gospodarsko-poslovanje","tag-gradbenistvo","tag-investicije","tag-ivan-rimac","tag-mate-rimac","tag-rimac-automobili","tag-slovene","tag-slovenscina","tag-sodni-proces","tag-svet","tag-world","tag-zasebnost-druzine"],"share_on_mastodon":{"url":"https:\/\/pubeurope.com\/@si\/116401365604265918","error":""},"_links":{"self":[{"href":"https:\/\/www.europesays.com\/si\/wp-json\/wp\/v2\/posts\/57526","targetHints":{"allow":["GET"]}}],"collection":[{"href":"https:\/\/www.europesays.com\/si\/wp-json\/wp\/v2\/posts"}],"about":[{"href":"https:\/\/www.europesays.com\/si\/wp-json\/wp\/v2\/types\/post"}],"author":[{"embeddable":true,"href":"https:\/\/www.europesays.com\/si\/wp-json\/wp\/v2\/users\/2"}],"replies":[{"embeddable":true,"href":"https:\/\/www.europesays.com\/si\/wp-json\/wp\/v2\/comments?post=57526"}],"version-history":[{"count":0,"href":"https:\/\/www.europesays.com\/si\/wp-json\/wp\/v2\/posts\/57526\/revisions"}],"wp:featuredmedia":[{"embeddable":true,"href":"https:\/\/www.europesays.com\/si\/wp-json\/wp\/v2\/media\/57527"}],"wp:attachment":[{"href":"https:\/\/www.europesays.com\/si\/wp-json\/wp\/v2\/media?parent=57526"}],"wp:term":[{"taxonomy":"category","embeddable":true,"href":"https:\/\/www.europesays.com\/si\/wp-json\/wp\/v2\/categories?post=57526"},{"taxonomy":"post_tag","embeddable":true,"href":"https:\/\/www.europesays.com\/si\/wp-json\/wp\/v2\/tags?post=57526"}],"curies":[{"name":"wp","href":"https:\/\/api.w.org\/{rel}","templated":true}]}}