{"id":58571,"date":"2026-04-14T23:22:06","date_gmt":"2026-04-14T23:22:06","guid":{"rendered":"https:\/\/www.europesays.com\/si\/58571\/"},"modified":"2026-04-14T23:22:06","modified_gmt":"2026-04-14T23:22:06","slug":"nogometas-jorginho-obzaluje-obtozbe-proti-chappell-roan","status":"publish","type":"post","link":"https:\/\/www.europesays.com\/si\/58571\/","title":{"rendered":"Nogometa\u0161 Jorginho ob\u017ealuje obto\u017ebe proti Chappell Roan"},"content":{"rendered":"<p>Nogometa\u0161 Jorginho Frello je priznal, da ob\u017ealuje svoje obto\u017ebe proti pevki Chappell Roan, potem ko so nove informacije pokazale, da je \u0161lo za nesporazum.<\/p>\n<p>Incident se\u00a0je zgodil med festivalom Lollapalooza v Braziliji konec marca letos, ko je Jorginho Frello javno obto\u017eil Chappell Roan in njeno ekipo, \u010de\u0161\u00a0da se je njen varnostnik neprimerno obna\u0161al do njegove 11-letne pastorke Ade.<\/p>\n<p>Kaj se je zgodilo<\/p>\n<p>Po prvotnih navedbah naj bi deklica med zajtrkom v hotelu, kjer je bivala s svojo mamo\u00a0Catherine,\u00a0pogledala pevko in se ji nasmehnila, nato pa naj bi jo varnostnik obto\u017eil nadlegovanja, kar jo je prestra\u0161ilo. Dogodek je mo\u010dno razburil Jorginha, ki sicer ni bil prisoten, a je svojo ogor\u010denost delil na dru\u017ebenih omre\u017ejih, kar je spro\u017eilo val sovra\u017enih komentarjev, uperjenih proti Chappell.<\/p>\n<p>Zvezdnica se je takoj odzvala na obto\u017ebe in pojasnila, da sama incidenta sploh ni videla in da sporni varnostnik ni del njene ekipe, zdaj pa je tudi Jorginho razlo\u017eil, da je \u0161lo za napa\u010dno razumevanje dogodka, kar je pojasnil v zgodbah na Instagramu.<\/p>\n<p><img decoding=\"async\" alt=\"Jorginho | Foto: Instagram\" class=\"article_content__inline_image js_imageLightbox is-clickable\" data-author=\"Instagram\" data-caption=\"\" data-height=\"2144\" data-href=\"https:\/\/siol.net\/media\/images\/2026-15\/670142723-18581258866058736-2036784294460646505-n.jpg\" data-width=\"1206\" loading=\"lazy\" src=\"\/media\/img\/48\/1e\/79959128cf80251711ae-jorginho.jpeg\" title=\"Jorginho\"\/><\/p>\n<p> Foto: Instagram <\/p>\n<p>Zapisal je, da se je sprva odzval impulzivno, potem ko je sli\u0161al, da sta bili\u00a0njegova partnerka in h\u010derka dele\u017eni zastra\u0161ujo\u010dega pristopa. Ob tem je poudaril, da je ravnal instinktivno kot o\u010de, ki \u017eeli za\u0161\u010dititi svojo dru\u017eino. Po dodatnih pojasnilih in pogovorih med vpletenimi pa je postalo jasno, da pevka o incidentu sploh ni bila obve\u0161\u010dena in da nikogar ni poslala, naj pristopi do njegove dru\u017eine. Roan naj bi se medtem tudi osebno obrnila na njegovo partnerko ter izrazila razumevanje in ob\u017ealovanje zaradi neprijetnega polo\u017eaja.<\/p>\n<p>Jorginho je nato priznal, da je varnostnik deloval samostojno in da je bil v resnici povezan z drugim izvajalcem, ne z Roan. Zato je poudaril: &#8220;Na koncu je \u0161lo za nesporazum in vesel sem, da lahko razjasnim dejstva.&#8221;<\/p>\n<p><img decoding=\"async\" alt=\"Jorginho | Foto: Guliverimage\" class=\"article_content__inline_image js_imageLightbox is-clickable\" data-author=\"Guliverimage\" data-caption=\"\" data-height=\"1998\" data-href=\"https:\/\/siol.net\/media\/img\/63\/49\/d95ca822c00462b4d0be-jorginho.jpeg\" data-width=\"3000\" loading=\"lazy\" src=\"\/media\/img\/f6\/4d\/a3ef36d952c3cd9ee73d-jorginho.jpeg\" title=\"Jorginho\"\/><\/p>\n<p> Foto: Guliverimage <\/p>\n<p>Ob tem je izrazil tudi ob\u017ealovanje zaradi posledic, ki jih je imel njegov prvotni odziv: &#8220;Ob\u017ealujem vpliv, ki ga je imel\u00a0ta polo\u017eaj na Chappell Roan, Catherine, Ado in na\u0161o dru\u017eino.&#8221;<\/p>\n<p>Dodal je, da bo vedno stal za svojo dru\u017eino, a hkrati priznava, da stvari niso bile tak\u0161ne, kot so se sprva zdele. Ob tem se je zahvalil javnosti za podporo, obsodil sovra\u017eni govor na spletu in poudaril, da je zanj zadeva kon\u010dana.<\/p>\n","protected":false},"excerpt":{"rendered":"Nogometa\u0161 Jorginho Frello je priznal, da ob\u017ealuje svoje obto\u017ebe proti pevki Chappell Roan, potem ko so nove informacije&hellip;\n","protected":false},"author":2,"featured_media":58572,"comment_status":"","ping_status":"","sticky":false,"template":"","format":"standard","meta":{"footnotes":"","_share_on_mastodon":"0"},"categories":[18],"tags":[13067,114,813,13066,11767,62,37,58,60,38,115],"class_list":["post-58571","post","type-post","status-publish","format-standard","has-post-thumbnail","category-zabava","tag-chappell-roan","tag-entertainment","tag-incident","tag-jorginho","tag-opravicilo","tag-si","tag-slovene","tag-slovenia","tag-slovenija","tag-slovenscina","tag-zabava"],"share_on_mastodon":{"url":"https:\/\/pubeurope.com\/@si\/116405635932665651","error":""},"_links":{"self":[{"href":"https:\/\/www.europesays.com\/si\/wp-json\/wp\/v2\/posts\/58571","targetHints":{"allow":["GET"]}}],"collection":[{"href":"https:\/\/www.europesays.com\/si\/wp-json\/wp\/v2\/posts"}],"about":[{"href":"https:\/\/www.europesays.com\/si\/wp-json\/wp\/v2\/types\/post"}],"author":[{"embeddable":true,"href":"https:\/\/www.europesays.com\/si\/wp-json\/wp\/v2\/users\/2"}],"replies":[{"embeddable":true,"href":"https:\/\/www.europesays.com\/si\/wp-json\/wp\/v2\/comments?post=58571"}],"version-history":[{"count":0,"href":"https:\/\/www.europesays.com\/si\/wp-json\/wp\/v2\/posts\/58571\/revisions"}],"wp:featuredmedia":[{"embeddable":true,"href":"https:\/\/www.europesays.com\/si\/wp-json\/wp\/v2\/media\/58572"}],"wp:attachment":[{"href":"https:\/\/www.europesays.com\/si\/wp-json\/wp\/v2\/media?parent=58571"}],"wp:term":[{"taxonomy":"category","embeddable":true,"href":"https:\/\/www.europesays.com\/si\/wp-json\/wp\/v2\/categories?post=58571"},{"taxonomy":"post_tag","embeddable":true,"href":"https:\/\/www.europesays.com\/si\/wp-json\/wp\/v2\/tags?post=58571"}],"curies":[{"name":"wp","href":"https:\/\/api.w.org\/{rel}","templated":true}]}}