{"id":59529,"date":"2026-04-15T18:30:09","date_gmt":"2026-04-15T18:30:09","guid":{"rendered":"https:\/\/www.europesays.com\/si\/59529\/"},"modified":"2026-04-15T18:30:09","modified_gmt":"2026-04-15T18:30:09","slug":"mladi-voznik-resilca-naj-bi-pobijal-starejse-paciente","status":"publish","type":"post","link":"https:\/\/www.europesays.com\/si\/59529\/","title":{"rendered":"mladi voznik re\u0161ilca naj bi pobijal starej\u0161e paciente"},"content":{"rendered":"<p>    <img decoding=\"async\" data-lb-desktop=\"\/media\/2026\/04\/15\/822587\/Orig-resilec-1200.webp\" data-lb-mobile=\"\/media\/2026\/04\/15\/822587\/Orig-resilec-600.webp\" class=\"main-gallery-image se_image_lb\" src=\"https:\/\/www.europesays.com\/si\/wp-content\/uploads\/2026\/04\/Wide-resilec-1000.webp.webp\" alt=\"Re\u0161evalno vozilo v Italiji\"\/><\/p>\n<p>Sedemindvajsetletnika so uradno obto\u017eili le umora 85-letne \u017eenske. Sumijo pa ga \u0161e najmanj petih umorov drugih pacientov. Fotografija je simboli\u010dna: Reuters<\/p>\n<p>Angel smrti: mladi voznik re\u0161ilca naj bi pobijal starej\u0161e paciente<\/p>\n<p>Sedemindvajsetletnega voznika re\u0161evalnega vozila so zaradi suma umora \u0161estih starej\u0161ih pacientov v soboto aretirali v obse\u017eni policijski akciji. Italijan naj bi jih pobijal tako, da jim je v vene vbrizgal zrak in tako povzro\u010dil smrtonosno zra\u010dno embolijo. Prepri\u010dan je bil, da starej\u0161i preve\u010d trpijo in da je \u010disto prav, da umrejo.<\/p>\n<p>V italijanskem kraju Forli ju\u017eno od Ravene na vzhodu dr\u017eave so v soboto v obse\u017eni policijski akciji aretirali 27-letnega voznika re\u0161evalnega vozila Luco Spado. Sumijo ga, da je med lanskim februarjem in novembrom umoril \u0161est starej\u0161ih in nemo\u010dnih pacientov, poro\u010dajo na portalu Forli Today. Re\u0161ilno\u00a0vozilo\u00a0naj bi sicer vozil za Rde\u010di kri\u017e, kjer so ga \u017ee ob za\u010detku preiskave suspendirali. Trenutno je v priporu.<\/p>\n<p>Vbrizgal jim je zrak<\/p>\n<p>Tovrstne re\u0161evalne slu\u017ebe izvajajo rutinski prevoz pacientov denimo iz doma v bolni\u0161nico ali kam drugam. V vozilih ni medicinske sestre, sta pa dva voznika. Pacienti so umrli bodisi med prevozom ali kmalu po njem, do\u017eiveli pa so sr\u010dni zastoj. Zaradi starosti pokojnih in njihovega slabega zdravstvenega stanja nekaj mesecev ni nih\u010de posumil, da se dogaja kaj nenavadnega. Preiskava se je za\u010dela po obdukciji trupla 85-letne Deanne Mambelli, ki je umrla na poti na fizioterapijo. Trenutno je to tudi edina \u017ertev, smrti katere so ga uradno obto\u017eili.<\/p>\n<p>    <a class=\"se-card__wrap se-card--link\" href=\"https:\/\/www.dnevnik.si\/novice\/kronika\/prevozi-s-smrtonosnim-izidom-je-mladi-voznik-resilca-serijski-morilec-2788431\/\" data-upscore-url=\"\" rel=\"nofollow noopener\" target=\"_blank\"><\/p>\n<p>        <img decoding=\"async\" class=\"se-image se-image--card\" src=\"https:\/\/www.europesays.com\/si\/wp-content\/uploads\/2026\/04\/Wide-20251206_202736-400.webp.webp\" alt=\"Foto: Danijela Drobni\u010d\"\/><\/p>\n<p>Italija<\/p>\n<p>Prevozi s smrtonosnim izidom: je mladi voznik re\u0161ilca serijski morilec?<\/p>\n<p>    <\/a><\/p>\n<p>Po poro\u010danju italijanske tiskovne agencije Ansa naj bi 27-letni Luca paciente pobijal z dokaj enostavno, a smrtonosno metodo. Tik pred za\u010detkom vo\u017enje naj bi jim v vene vbrizgal ve\u010djo koli\u010dino zraka, ki lahko ustavi pretok krvi in povzro\u010di smrt. Ker se napolni z zrakom, srce neha normalno delovati. Re\u0161evalca so nadrejenim prijavili njegovi kolegi, ko so opazili, da je v njegovi oskrbi umrlo nenavadno veliko pacientov. Policija je zagnala preiskavo.<\/p>\n<p>Paciente je\u00a0\u00bbosvobodil\u00ab<\/p>\n<p>Luca Spada, v italijanskih medijih zdaj znan tudi kot angel smrti, naj bi se po pisanju italijanskih medijev z \u017eivljenji starej\u0161ih igral zaradi lastnih predsodkov in tudi zaradi osebne koristi. Sodeloval je namre\u010d tudi s pogrebnimi slu\u017ebami, ki jim je na tak na\u010din priskrbel nove stranke, poro\u010dajo na portalu Leggo. Preiskovalce zanima, ali so mladeni\u010devi kolegi vedeli kar koli o njegovi smrtonosni prosto\u010dasni dejavnosti. Eden od njih se mu je v pogovoru namre\u010d pohvalil, da je re\u0161il pacienta. \u00bbAli mora\u0161 res vse re\u0161iti? Tu in tam mora kdo umreti,\u00ab mu je odvrnil. Sodelavec pa njemu nazaj: \u00bbRes je. Ampak ne pozabi, ta ni bil tvoj. Z njim ne bi zaslu\u017eil niti centa.\u00ab<\/p>\n<p>    <a class=\"se-card__wrap se-card--link\" href=\"https:\/\/www.dnevnik.si\/nedeljski\/aktualno\/angel-smrti-v-bolnisnici-morilcu-onemoglih-pripisujejo-se-100-dodatnih-zrtev-2780204\/\" data-upscore-url=\"\" rel=\"nofollow noopener\" target=\"_blank\"><\/p>\n<p>        <img decoding=\"async\" class=\"se-image se-image--card\" src=\"https:\/\/www.europesays.com\/si\/wp-content\/uploads\/2026\/04\/Wide-iStock-1157106514-400.webp.webp\" alt=\"Izbiral je onemogle bolnike. Slika je simboli\u010dna. \/ Foto: Istock\"\/><\/p>\n<p>NEM\u010cIJA<\/p>\n<p>Angel smrti v bolni\u0161nici: morilcu onemoglih pripisujejo \u0161e 100 dodatnih \u017ertev<\/p>\n<p>    <\/a><\/p>\n<p>V sklopu preiskave so kriminalisti prislu\u0161kovali telefonskim pogovorom 27-letnika. V enem od njih je Spada navrgel, da starej\u0161i preve\u010d trpijo in da je prav, da umrejo. Rekel naj bi celo, da je to, kar je storil, prav in da bi dejanja\u00a0ponovil. S kom naj bi o tem govoril, italijanski mediji ne poro\u010dajo. Prijateljem in znancem naj bi ve\u010dkrat dejal, da je treba starej\u0161e \u00bbodstraniti\u00ab, sebe pa opisal kot \u00bbsponzorja mirnih potovanj\u00ab. Prepri\u010dan naj bi bil, da paciente s svojimi dejanji osvobaja, ob\u017ealovanja za svoja domnevna dejanja ni pokazal.<\/p>\n<p>Prek svoje odvetnice je sicer \u017ee ob za\u010detku preiskave vse obto\u017ebe kategori\u010dno zanikal.<\/p>\n","protected":false},"excerpt":{"rendered":"Sedemindvajsetletnika so uradno obto\u017eili le umora 85-letne \u017eenske. Sumijo pa ga \u0161e najmanj petih umorov drugih pacientov. Fotografija&hellip;\n","protected":false},"author":2,"featured_media":59530,"comment_status":"","ping_status":"","sticky":false,"template":"","format":"standard","meta":{"footnotes":"","_share_on_mastodon":"0"},"categories":[20],"tags":[32,1018,19627,35,31,34,36,19629,37,38,33,19628],"class_list":["post-59529","post","type-post","status-publish","format-standard","has-post-thumbnail","category-novice","tag-headlines","tag-italija","tag-luca-spada","tag-najpomembnejse-novice","tag-news","tag-novice","tag-osrednje-novice","tag-pobijanje-pacientov","tag-slovene","tag-slovenscina","tag-top-stories","tag-voznik-resilca"],"share_on_mastodon":{"url":"https:\/\/pubeurope.com\/@si\/116410150083136244","error":""},"_links":{"self":[{"href":"https:\/\/www.europesays.com\/si\/wp-json\/wp\/v2\/posts\/59529","targetHints":{"allow":["GET"]}}],"collection":[{"href":"https:\/\/www.europesays.com\/si\/wp-json\/wp\/v2\/posts"}],"about":[{"href":"https:\/\/www.europesays.com\/si\/wp-json\/wp\/v2\/types\/post"}],"author":[{"embeddable":true,"href":"https:\/\/www.europesays.com\/si\/wp-json\/wp\/v2\/users\/2"}],"replies":[{"embeddable":true,"href":"https:\/\/www.europesays.com\/si\/wp-json\/wp\/v2\/comments?post=59529"}],"version-history":[{"count":0,"href":"https:\/\/www.europesays.com\/si\/wp-json\/wp\/v2\/posts\/59529\/revisions"}],"wp:featuredmedia":[{"embeddable":true,"href":"https:\/\/www.europesays.com\/si\/wp-json\/wp\/v2\/media\/59530"}],"wp:attachment":[{"href":"https:\/\/www.europesays.com\/si\/wp-json\/wp\/v2\/media?parent=59529"}],"wp:term":[{"taxonomy":"category","embeddable":true,"href":"https:\/\/www.europesays.com\/si\/wp-json\/wp\/v2\/categories?post=59529"},{"taxonomy":"post_tag","embeddable":true,"href":"https:\/\/www.europesays.com\/si\/wp-json\/wp\/v2\/tags?post=59529"}],"curies":[{"name":"wp","href":"https:\/\/api.w.org\/{rel}","templated":true}]}}