{"id":61748,"date":"2026-04-17T14:25:08","date_gmt":"2026-04-17T14:25:08","guid":{"rendered":"https:\/\/www.europesays.com\/si\/61748\/"},"modified":"2026-04-17T14:25:08","modified_gmt":"2026-04-17T14:25:08","slug":"na-avtocesti-pocilo-udelezena-stiri-vozila","status":"publish","type":"post","link":"https:\/\/www.europesays.com\/si\/61748\/","title":{"rendered":"Na avtocesti po\u010dilo, udele\u017eena \u0161tiri vozila"},"content":{"rendered":"<p>V nesre\u010di ni bil nih\u010de po\u0161kodovan.<\/p>\n<p>Na\u0161i bralci so poro\u010dali o ve\u010dji intervenciji na obmo\u010dju Brezovice, natan\u010dneje na avtocesti pri Brezovici. Dejali so, da je bilo sli\u0161ati ve\u010d siren, kasneje pa so nam posredovali tudi fotografije s kraja.\u00a0<\/p>\n<p>Zaradi prometne nesre\u010de na primorski avtocesti med Dragomerjem in Brezovico proti Ljubljani promet poteka samo po skrajno desnem pasu. Nastal je zastoj v obe smeri, so obvestili na Promet.si. Kot so nam sporo\u010dili s PU Ljubljana, po dosedanjih informacijah ni po\u0161kodovanih. V prometni nesre\u010di pa so bila udele\u017eena \u0161tiri vozila.<\/p>\n<p>Zastoji drugod<\/p>\n<p>Medtem pa zaradi popoldanske konice prihaja do zastojev. Na primorski avtocesti je zastoj med po\u010divali\u0161\u010dem Studenec in Postojno proti Ljubljani ter pred Postojno proti Kopru. Prav tako je zastoj med Ljubljano in Vrhniko v obe smeri.\u00a0<\/p>\n<p>Na \u0161tajerski avtocesti je zastoj pred priklju\u010dkoma Slovenska Bistrica sever proti Ljubljani. Prav tako je zastoj med Ljubljano in Dom\u017ealami v obe smeri.\u00a0<\/p>\n<p>Na zahodni in ju\u017eni ljubljanski obvoznici od Kosez in Centra proti Primorski je prav tako zastoj. Zastoj je tudi na severni obvoznici od Jar\u0161 proti \u0160tajerski ter na ju\u017eni na razcepu Malence proti Dolenjski.<\/p>\n<p><a href=\"https:\/\/www.zurnal24.si\/slovenija\/mailto:dezurni@styria-media.si\" rel=\"nofollow noopener\" target=\"_blank\">dezurni@styria-media.si<\/a><\/p>\n","protected":false},"excerpt":{"rendered":"V nesre\u010di ni bil nih\u010de po\u0161kodovan. Na\u0161i bralci so poro\u010dali o ve\u010dji intervenciji na obmo\u010dju Brezovice, natan\u010dneje na&hellip;\n","protected":false},"author":2,"featured_media":61749,"comment_status":"","ping_status":"","sticky":false,"template":"","format":"standard","meta":{"footnotes":"","_share_on_mastodon":"0"},"categories":[6],"tags":[15686,124,2584,215,1423,59,61,62,37,58,60,38],"class_list":["post-61748","post","type-post","status-publish","format-standard","has-post-thumbnail","category-slovenija","tag-brezovica","tag-ljubljana","tag-primorska","tag-prometna-nesreca","tag-pu-ljubljana","tag-republic-of-slovenia","tag-republika-slovenija","tag-si","tag-slovene","tag-slovenia","tag-slovenija","tag-slovenscina"],"share_on_mastodon":{"url":"https:\/\/pubeurope.com\/@si\/116420511182798020","error":""},"_links":{"self":[{"href":"https:\/\/www.europesays.com\/si\/wp-json\/wp\/v2\/posts\/61748","targetHints":{"allow":["GET"]}}],"collection":[{"href":"https:\/\/www.europesays.com\/si\/wp-json\/wp\/v2\/posts"}],"about":[{"href":"https:\/\/www.europesays.com\/si\/wp-json\/wp\/v2\/types\/post"}],"author":[{"embeddable":true,"href":"https:\/\/www.europesays.com\/si\/wp-json\/wp\/v2\/users\/2"}],"replies":[{"embeddable":true,"href":"https:\/\/www.europesays.com\/si\/wp-json\/wp\/v2\/comments?post=61748"}],"version-history":[{"count":0,"href":"https:\/\/www.europesays.com\/si\/wp-json\/wp\/v2\/posts\/61748\/revisions"}],"wp:featuredmedia":[{"embeddable":true,"href":"https:\/\/www.europesays.com\/si\/wp-json\/wp\/v2\/media\/61749"}],"wp:attachment":[{"href":"https:\/\/www.europesays.com\/si\/wp-json\/wp\/v2\/media?parent=61748"}],"wp:term":[{"taxonomy":"category","embeddable":true,"href":"https:\/\/www.europesays.com\/si\/wp-json\/wp\/v2\/categories?post=61748"},{"taxonomy":"post_tag","embeddable":true,"href":"https:\/\/www.europesays.com\/si\/wp-json\/wp\/v2\/tags?post=61748"}],"curies":[{"name":"wp","href":"https:\/\/api.w.org\/{rel}","templated":true}]}}